{"id":2956,"date":"2017-02-21T23:00:05","date_gmt":"2017-02-21T23:00:05","guid":{"rendered":"http:\/\/historiografija.hr\/?p=2956"},"modified":"2017-02-21T23:00:05","modified_gmt":"2017-02-21T23:00:05","slug":"kulturni-cetvrtak-u-hrvatskome-drzavnom-arhivu-predavanje-fotografije-velikoga-rata-23-veljace-2017","status":"publish","type":"post","link":"https:\/\/historiografija.hr\/?p=2956","title":{"rendered":"Kulturni \u010detvrtak u Hrvatskome dr\u017eavnom arhivu \u2013 predavanje \u201cFotografije Velikoga rata\u201d, 23. velja\u010de 2017."},"content":{"rendered":"<p class=\"MsoNormal\" align=\"justify\"><b style=\"mso-bidi-font-weight:normal\"><span lang=\"EN-GB\">KULTURNI \u010cETVRTAK U HDA<\/span><\/b><\/p>\n<p class=\"MsoNormal\" align=\"justify\"><span lang=\"EN-GB\">&nbsp;<\/span><\/p>\n<p class=\"MsoNormal\" align=\"justify\"><span lang=\"EN-GB\">Pozivamo Vas na dru\u017eenje uz temu<\/span><\/p>\n<p class=\"MsoNormal\" align=\"justify\"><span lang=\"EN-GB\">&nbsp;<\/span><\/p>\n<p class=\"MsoNormal\" align=\"justify\"><b style=\"mso-bidi-font-weight:normal\"><span lang=\"EN-GB\">FOTOGRAFIJE VELIKOGA RATA<\/span><\/b><\/p>\n<p class=\"MsoNormal\" align=\"justify\"><span lang=\"EN-GB\">&nbsp;<\/span><\/p>\n<p class=\"MsoNormal\" align=\"justify\"><span lang=\"EN-GB\">23. velja\u010de 2017. u 18 sati <\/span><\/p>\n<p class=\"MsoNormal\" align=\"justify\"><span lang=\"EN-GB\">&nbsp;<\/span><\/p>\n<p class=\"MsoNormal\" align=\"justify\"><span lang=\"EN-GB\">u Hrvatskome dr\u017eavnom arhivu<\/span><\/p>\n<p class=\"MsoNormal\" align=\"justify\"><span lang=\"EN-GB\">&nbsp;<\/span><\/p>\n<p class=\"MsoNormal\" align=\"justify\"><span lang=\"EN-GB\">Maruli\u0107ev trg 21, Zagreb<\/span><\/p>\n<p class=\"MsoNormal\" align=\"justify\"><span lang=\"EN-GB\">&nbsp;<\/span><\/p>\n<p class=\"MsoNormal\" align=\"justify\"><span lang=\"EN-GB\">Prvi svjetski rat prvi je sustavno i detaljno fotografski dokumentiran sukob velikih razmjera, a danas je bez dvojbe prepoznat i kao prekretnica u povijesti ratne fotografije, \u010dije je po\u010detke mogu\u0107e pratiti od sredine 19. stolje\u0107a.<\/span><\/p>\n<p class=\"MsoNormal\" align=\"justify\"><span lang=\"EN-GB\">&nbsp;<\/span><\/p>\n<p class=\"MsoNormal\" align=\"justify\"><span lang=\"EN-GB\">Kako je do 1914. godine medij tehni\u010dki i tehnolo\u0161ki stasao do zavidne razine, uloga je fotografije u tome sukobu bila vi\u0161estruka, kre\u0107u\u0107i se u rasponu od pukoga dokumentiranja<span style=\"mso-spacerun:yes\">&nbsp; <\/span>do<span style=\"mso-spacerun:yes\">&nbsp; <\/span>jasno<span style=\"mso-spacerun:yes\">&nbsp; <\/span>izra\u017eene<span style=\"mso-spacerun:yes\">&nbsp; <\/span>promid\u017ebe.<span style=\"mso-spacerun:yes\">&nbsp; <\/span>Brojni<span style=\"mso-spacerun:yes\">&nbsp; <\/span>motivi<span style=\"mso-spacerun:yes\">&nbsp; <\/span>bilje\u017eeni<span style=\"mso-spacerun:yes\">&nbsp; <\/span>kamerom izravno na boji\u0161tu te zatim umno\u017eavani i raspa\u010davani diljem zemalja sudionica toga svjetskog sukoba, svjedo\u010de danas o dinami\u010dnim doga\u0111anjima Velikoga rata.<\/span><\/p>\n<p class=\"MsoNormal\" align=\"justify\"><span lang=\"EN-GB\">&nbsp;<\/span><\/p>\n<p class=\"MsoNormal\" align=\"justify\"><span lang=\"EN-GB\">Fotografije pohranjene u Hrvatskome dr\u017eavnom arhivu bilje\u017ee brojne istaknute pojedince vojne povijesti, razli\u010dite doga\u0111aje i ratnu tehniku, kao i obi\u010dne vojnike, zrakoplovce ili mornare, \u010dije je ratne puteve i sudbine dijelom mogu\u0107e rekonstruirati i kroz sa\u010duvane fotografije.<\/span><\/p>\n<p class=\"MsoNormal\" align=\"justify\"><span lang=\"EN-GB\">&nbsp;<\/span><\/p>\n<p class=\"MsoNormal\" align=\"justify\"><span lang=\"EN-GB\">U predavanju \u0107e biti rije\u010di o znanim i neznanim pojedincima, doga\u0111ajima i ratnoj tehnici kori\u0161tenoj tijekom Velikoga rata. O svakoj od epizoda slikom i rije\u010dima izravno svjedo\u010de njihovi sudionici, a najve\u0107im su dijelom prikupljene tijekom rada na tematskome vodi\u010du \u201ePrvi svjetski rat \u2013 vodi\u010d kroz fondove i zbirke Hrvatskoga dr\u017eavnog arhiva,\u201c koji \u0107e ovom prilikom tako\u0111er biti predstavljen.<\/span><\/p>\n<p class=\"MsoNormal\" align=\"justify\"><span lang=\"EN-GB\">&nbsp;<\/span><\/p>\n<p class=\"MsoNormal\" align=\"justify\"><span lang=\"EN-GB\">Predavanje priredili: Hrvoje Bari\u010devi\u0107 i Hrvoje Gr\u017eina<\/span><\/p>\n<p class=\"MsoNormal\" align=\"justify\"><span lang=\"EN-GB\">&nbsp;<\/span><\/p>\n<p class=\"MsoNormal\" align=\"justify\"><span lang=\"EN-GB\">Izvor: http:\/\/www.arhiv.hr\/<\/span><\/p>\n<p class=\"MsoNormal\" align=\"justify\"><span lang=\"EN-GB\"><br \/><\/span><\/p>\n<p class=\"MsoNormal\"><span lang=\"EN-GB\"><br \/><\/span><\/p>\n<p class=\"MsoNormal\"><span lang=\"EN-GB\">&nbsp;<\/span><\/p>\n","protected":false},"excerpt":{"rendered":"","protected":false},"author":1,"featured_media":0,"comment_status":"open","ping_status":"open","sticky":false,"template":"","format":"standard","meta":{"_acf_changed":false,"jetpack_post_was_ever_published":false,"_jetpack_newsletter_access":"","_jetpack_dont_email_post_to_subs":false,"_jetpack_newsletter_tier_id":0,"_jetpack_memberships_contains_paywalled_content":false,"_jetpack_memberships_contains_paid_content":false,"footnotes":"","jetpack_publicize_message":"","jetpack_publicize_feature_enabled":true,"jetpack_social_post_already_shared":false,"jetpack_social_options":{"image_generator_settings":{"template":"highway","default_image_id":0,"font":"","enabled":false},"version":2}},"categories":[3],"tags":[],"class_list":["post-2956","post","type-post","status-publish","format-standard","hentry","category-novosti"],"acf":{"facebook_opis":""},"jetpack_publicize_connections":[],"jetpack_featured_media_url":"","jetpack_sharing_enabled":true,"jetpack-related-posts":[{"id":52613,"url":"https:\/\/historiografija.hr\/?p=52613","url_meta":{"origin":2956,"position":0},"title":"No\u0107 knjige u Hrvatskom dr\u017eavnom arhivu","author":"Branimir Jankovi\u0107","date":"22. travnja 2026.","format":false,"excerpt":"Predstavljanje knjige Rajke Bu\u0107in \u201dLije\u010denje i zbrinjavanje \u017didova u Bolnici sestara milosrdnica u Zagrebu 1941. \u2013 1945.\u201d u \u010detvrtak, 23. travnja 2026. u 13 sati u Hrvatskom dr\u017eavnom arhivu u Zagrebu. Izvor: https:\/\/www.arhiv.hr\/hr-hr\/Kulturno-prosvjetne-aktivnosti\/ArticleId\/1986\/oamid\/1633","rel":"","context":"U &quot;Novosti&quot;","block_context":{"text":"Novosti","link":"https:\/\/historiografija.hr\/?cat=3"},"img":{"alt_text":"","src":"https:\/\/i0.wp.com\/historiografija.hr\/wp-content\/uploads\/2026\/04\/noc_knjige_2026.jpg?fit=680%2C276&ssl=1&resize=350%2C200","width":350,"height":200,"srcset":"https:\/\/i0.wp.com\/historiografija.hr\/wp-content\/uploads\/2026\/04\/noc_knjige_2026.jpg?fit=680%2C276&ssl=1&resize=350%2C200 1x, https:\/\/i0.wp.com\/historiografija.hr\/wp-content\/uploads\/2026\/04\/noc_knjige_2026.jpg?fit=680%2C276&ssl=1&resize=525%2C300 1.5x"},"classes":[]},{"id":52508,"url":"https:\/\/historiografija.hr\/?p=52508","url_meta":{"origin":2956,"position":1},"title":"Glazbena radionica \u201eDUGMETARA REVISITED\u201c","author":"Branimir Jankovi\u0107","date":"17. travnja 2026.","format":false,"excerpt":"DUGMETARA REVISITED glazbena radionica vodi: Ana Horvat 13., 20. i 27. travnja, od 18 do 20 sati Radiona, Nova cesta 186 Na tri radioni\u010dka susreta uranjamo u naslje\u0111e Dugmetare, biv\u0161e tvornice dugmadi na Savskoj cesti koja je po\u010detkom 2000-ih igrom slu\u010daja postala \u017eivo, jedinstveno mjesto glazbene proizvodnje. Svoje su probe\u2026","rel":"","context":"U &quot;Novosti&quot;","block_context":{"text":"Novosti","link":"https:\/\/historiografija.hr\/?cat=3"},"img":{"alt_text":"","src":"https:\/\/i0.wp.com\/historiografija.hr\/wp-content\/uploads\/2026\/04\/TRESNJA_TRESTI.jpg?fit=380%2C475&ssl=1&resize=350%2C200","width":350,"height":200},"classes":[]},{"id":52552,"url":"https:\/\/historiografija.hr\/?p=52552","url_meta":{"origin":2956,"position":2},"title":"Besplatni glazbeni antikvarijat","author":"Branimir Jankovi\u0107","date":"20. travnja 2026.","format":false,"excerpt":"Muzi\u010dka akademija Sveu\u010dili\u0161ta u Zagrebu 23. travnja 2026. od 10 do 17 sati Pozivamo Vas na Besplatni glazbeni antikvarijat, koji u sklopu manifestacije No\u0107 knjige 2026. organizira Hrvatska udruga muzi\u010dkih knji\u017enica, arhiva i dokumentacijskih centara (HUMKAD). Antikvarijat \u0107e se odr\u017eati na Svjetski dan knjige \u2013 u \u010detvrtak 23. travnja 2026.\u2026","rel":"","context":"U &quot;Novosti&quot;","block_context":{"text":"Novosti","link":"https:\/\/historiografija.hr\/?cat=3"},"img":{"alt_text":"","src":"https:\/\/i0.wp.com\/historiografija.hr\/wp-content\/uploads\/2026\/04\/Besplatni-glazbeni-antikvarijat-23.-4.-2026.jpg?fit=1200%2C848&ssl=1&resize=350%2C200","width":350,"height":200,"srcset":"https:\/\/i0.wp.com\/historiografija.hr\/wp-content\/uploads\/2026\/04\/Besplatni-glazbeni-antikvarijat-23.-4.-2026.jpg?fit=1200%2C848&ssl=1&resize=350%2C200 1x, https:\/\/i0.wp.com\/historiografija.hr\/wp-content\/uploads\/2026\/04\/Besplatni-glazbeni-antikvarijat-23.-4.-2026.jpg?fit=1200%2C848&ssl=1&resize=525%2C300 1.5x, https:\/\/i0.wp.com\/historiografija.hr\/wp-content\/uploads\/2026\/04\/Besplatni-glazbeni-antikvarijat-23.-4.-2026.jpg?fit=1200%2C848&ssl=1&resize=700%2C400 2x, https:\/\/i0.wp.com\/historiografija.hr\/wp-content\/uploads\/2026\/04\/Besplatni-glazbeni-antikvarijat-23.-4.-2026.jpg?fit=1200%2C848&ssl=1&resize=1050%2C600 3x"},"classes":[]},{"id":52569,"url":"https:\/\/historiografija.hr\/?p=52569","url_meta":{"origin":2956,"position":3},"title":"[Predavanje] Ne \u010dekaju\u0107i inspiraciju \u2013 anga\u017eovane intelektualne, kulturalne i umetni\u010dke prakse u me\u0111uratnom periodu: teorija i praksa kriti\u010dke levice u jugoslovenskoj kulturi (YugoLab)","author":"Branimir Jankovi\u0107","date":"21. travnja 2026.","format":false,"excerpt":"U vreme agresivnog ja\u010danja globalne desnice, (pro)fa\u0161isti\u010dkih, rasisti\u010dkih i imperijalisti\u010dkih politika, dok je istovremeno globalna levica izrazito slaba, a progresivni pokreti atomizirani i fragmentisani, va\u017eno je iz savremene perspektive vratiti se revolucionarnim i emancipatorskim zbivanjima u jugoslovenskom (ali i s njima u vezi internacionalnim de\u0161avanjima), kao i dru\u0161tvenoj ulozi kulturalnih\u2026","rel":"","context":"U &quot;Novosti&quot;","block_context":{"text":"Novosti","link":"https:\/\/historiografija.hr\/?cat=3"},"img":{"alt_text":"","src":"","width":0,"height":0},"classes":[]},{"id":52439,"url":"https:\/\/historiografija.hr\/?p=52439","url_meta":{"origin":2956,"position":4},"title":"Tribina &#8220;Ahmi\u0107i 33 godine kasnije: Ne u na\u0161e ime&#8221;","author":"Branimir Jankovi\u0107","date":"16. travnja 2026.","format":false,"excerpt":"U \u010detvrtak, 16. travnja 2026. u 17 sati u Knji\u017enici i \u010ditaonici Bogdana Ogrizovi\u0107a u Zagrebu odr\u017eat \u0107e se tribina pod nazivom Ahmi\u0107i 33 godine kasnije: Ne u na\u0161e ime. Na tribini \u0107e govoriti Ivica \u0110iki\u0107, novinar, Mubera Masli\u0107 \u2013 \u017ddralovi\u0107, aktivistikinja, prevoditeljica za arapski, Domagoj Fuk, student politologije, \u010dlan\u2026","rel":"","context":"U &quot;Novosti&quot;","block_context":{"text":"Novosti","link":"https:\/\/historiografija.hr\/?cat=3"},"img":{"alt_text":"","src":"https:\/\/i0.wp.com\/historiografija.hr\/wp-content\/uploads\/2026\/04\/Zagreb_2026.jpeg?fit=1200%2C900&ssl=1&resize=350%2C200","width":350,"height":200,"srcset":"https:\/\/i0.wp.com\/historiografija.hr\/wp-content\/uploads\/2026\/04\/Zagreb_2026.jpeg?fit=1200%2C900&ssl=1&resize=350%2C200 1x, https:\/\/i0.wp.com\/historiografija.hr\/wp-content\/uploads\/2026\/04\/Zagreb_2026.jpeg?fit=1200%2C900&ssl=1&resize=525%2C300 1.5x, https:\/\/i0.wp.com\/historiografija.hr\/wp-content\/uploads\/2026\/04\/Zagreb_2026.jpeg?fit=1200%2C900&ssl=1&resize=700%2C400 2x, https:\/\/i0.wp.com\/historiografija.hr\/wp-content\/uploads\/2026\/04\/Zagreb_2026.jpeg?fit=1200%2C900&ssl=1&resize=1050%2C600 3x"},"classes":[]},{"id":52619,"url":"https:\/\/historiografija.hr\/?p=52619","url_meta":{"origin":2956,"position":5},"title":"Predavanje \u0110ur\u0111ice Vitkovi\u0107 &#8220;Izme\u0111u pera i objektiva: Zagorka i Foto Tonka&#8221;","author":"Branimir Jankovi\u0107","date":"23. travnja 2026.","format":false,"excerpt":"Memorijalni stan Marije Juri\u0107 Zagorke poziva Vas na predavanje \u0110ur\u0111ice Vitkovi\u0107 \u201eIzme\u0111u pera i objektiva: Zagorka i Foto Tonka\u201c koje \u0107e se odr\u017eati u utorak, 28. travnja 2026. s po\u010detkom u 18 h u sklopu Ciklusa predavanja u Memorijalnom stanu Marije Juri\u0107 Zagorke. Kako su se susrele knji\u017eevnost i fotografija\u2026","rel":"","context":"U &quot;Novosti&quot;","block_context":{"text":"Novosti","link":"https:\/\/historiografija.hr\/?cat=3"},"img":{"alt_text":"","src":"https:\/\/i0.wp.com\/historiografija.hr\/wp-content\/uploads\/2024\/11\/Zagorka_ciklus.jpg?fit=1200%2C1006&ssl=1&resize=350%2C200","width":350,"height":200,"srcset":"https:\/\/i0.wp.com\/historiografija.hr\/wp-content\/uploads\/2024\/11\/Zagorka_ciklus.jpg?fit=1200%2C1006&ssl=1&resize=350%2C200 1x, https:\/\/i0.wp.com\/historiografija.hr\/wp-content\/uploads\/2024\/11\/Zagorka_ciklus.jpg?fit=1200%2C1006&ssl=1&resize=525%2C300 1.5x, https:\/\/i0.wp.com\/historiografija.hr\/wp-content\/uploads\/2024\/11\/Zagorka_ciklus.jpg?fit=1200%2C1006&ssl=1&resize=700%2C400 2x, https:\/\/i0.wp.com\/historiografija.hr\/wp-content\/uploads\/2024\/11\/Zagorka_ciklus.jpg?fit=1200%2C1006&ssl=1&resize=1050%2C600 3x"},"classes":[]}],"_links":{"self":[{"href":"https:\/\/historiografija.hr\/index.php?rest_route=\/wp\/v2\/posts\/2956","targetHints":{"allow":["GET"]}}],"collection":[{"href":"https:\/\/historiografija.hr\/index.php?rest_route=\/wp\/v2\/posts"}],"about":[{"href":"https:\/\/historiografija.hr\/index.php?rest_route=\/wp\/v2\/types\/post"}],"author":[{"embeddable":true,"href":"https:\/\/historiografija.hr\/index.php?rest_route=\/wp\/v2\/users\/1"}],"replies":[{"embeddable":true,"href":"https:\/\/historiografija.hr\/index.php?rest_route=%2Fwp%2Fv2%2Fcomments&post=2956"}],"version-history":[{"count":0,"href":"https:\/\/historiografija.hr\/index.php?rest_route=\/wp\/v2\/posts\/2956\/revisions"}],"wp:attachment":[{"href":"https:\/\/historiografija.hr\/index.php?rest_route=%2Fwp%2Fv2%2Fmedia&parent=2956"}],"wp:term":[{"taxonomy":"category","embeddable":true,"href":"https:\/\/historiografija.hr\/index.php?rest_route=%2Fwp%2Fv2%2Fcategories&post=2956"},{"taxonomy":"post_tag","embeddable":true,"href":"https:\/\/historiografija.hr\/index.php?rest_route=%2Fwp%2Fv2%2Ftags&post=2956"}],"curies":[{"name":"wp","href":"https:\/\/api.w.org\/{rel}","templated":true}]}}