{"id":29558,"date":"2022-01-31T17:47:56","date_gmt":"2022-01-31T17:47:56","guid":{"rendered":"http:\/\/historiografija.hr\/?p=29558"},"modified":"2022-01-31T17:50:07","modified_gmt":"2022-01-31T17:50:07","slug":"poziv-za-prijavu-na-konferenciju-povijest-i-kreativna-industrija-spoj-nespojivog","status":"publish","type":"post","link":"https:\/\/historiografija.hr\/?p=29558","title":{"rendered":"Poziv za prijavu na konferenciju &#8220;Povijest i kreativna industrija \u2013 spoj (ne)spojivog\u201d"},"content":{"rendered":"\n<p>Stranica Tajne hrvatskog srednjovjekovlja u suradnji sa Odsjekom za povijest Filozofskog fakulteta u Osijeku te studenticama povijesti Karolinom Hegedi\u0161 i Anamarijom Ple\u010di\u0107 organizira konferenciju pod nazivom &#8220;Povijest i kreativna industrija &#8211; spoj (ne)spojivog&#8221;. Ovim putem pozivamo sve zainteresirane studente koji imaju svoju ideju kako povijest iskoristiti u kreativnoj industriji da se prijave na konferenciju putem mail adrese: tajnehrvatskogsrednjovjekovlja@gmail.com. Prijave se podnose u Word dokumentu (do 250 rije\u010di sa opisom ideje), SUBJECT: Prijava na konferenciju, a u mailu navesti ime, prezime, datum i godinu ro\u0111enja, studij i godinu studija te mail adresu.<\/p>\n\n\n\n<hr class=\"wp-block-separator\"\/>\n\n\n\n<p>Izvor:<\/p>\n\n\n\n<p><a href=\"https:\/\/www.facebook.com\/tajnehrvatskogsrednjovjekovlja\">https:\/\/www.facebook.com\/tajnehrvatskogsrednjovjekovlja<\/a><\/p>\n\n\n\n<hr class=\"wp-block-separator\"\/>\n\n\n\n<figure class=\"wp-block-image size-large\"><img data-recalc-dims=\"1\" loading=\"lazy\" decoding=\"async\" width=\"680\" height=\"1024\" data-attachment-id=\"29560\" data-permalink=\"https:\/\/historiografija.hr\/?attachment_id=29560\" data-orig-file=\"https:\/\/i0.wp.com\/historiografija.hr\/wp-content\/uploads\/2022\/01\/Povijest_Poziv.jpg?fit=1235%2C1860&amp;ssl=1\" data-orig-size=\"1235,1860\" data-comments-opened=\"1\" data-image-meta=\"{&quot;aperture&quot;:&quot;0&quot;,&quot;credit&quot;:&quot;&quot;,&quot;camera&quot;:&quot;&quot;,&quot;caption&quot;:&quot;&quot;,&quot;created_timestamp&quot;:&quot;0&quot;,&quot;copyright&quot;:&quot;&quot;,&quot;focal_length&quot;:&quot;0&quot;,&quot;iso&quot;:&quot;0&quot;,&quot;shutter_speed&quot;:&quot;0&quot;,&quot;title&quot;:&quot;&quot;,&quot;orientation&quot;:&quot;0&quot;}\" data-image-title=\"Povijest_Poziv\" data-image-description=\"\" data-image-caption=\"\" data-large-file=\"https:\/\/i0.wp.com\/historiografija.hr\/wp-content\/uploads\/2022\/01\/Povijest_Poziv.jpg?fit=680%2C1024&amp;ssl=1\" src=\"https:\/\/i0.wp.com\/historiografija.hr\/wp-content\/uploads\/2022\/01\/Povijest_Poziv.jpg?resize=680%2C1024&#038;ssl=1\" alt=\"\" class=\"wp-image-29560\" srcset=\"https:\/\/i0.wp.com\/historiografija.hr\/wp-content\/uploads\/2022\/01\/Povijest_Poziv.jpg?resize=680%2C1024&amp;ssl=1 680w, https:\/\/i0.wp.com\/historiografija.hr\/wp-content\/uploads\/2022\/01\/Povijest_Poziv.jpg?resize=199%2C300&amp;ssl=1 199w, https:\/\/i0.wp.com\/historiografija.hr\/wp-content\/uploads\/2022\/01\/Povijest_Poziv.jpg?resize=768%2C1157&amp;ssl=1 768w, https:\/\/i0.wp.com\/historiografija.hr\/wp-content\/uploads\/2022\/01\/Povijest_Poziv.jpg?resize=1020%2C1536&amp;ssl=1 1020w, https:\/\/i0.wp.com\/historiografija.hr\/wp-content\/uploads\/2022\/01\/Povijest_Poziv.jpg?w=1235&amp;ssl=1 1235w\" sizes=\"auto, (max-width: 680px) 100vw, 680px\" \/><\/figure>\n\n\n\n<hr class=\"wp-block-separator\"\/>\n","protected":false},"excerpt":{"rendered":"","protected":false},"author":2,"featured_media":29563,"comment_status":"open","ping_status":"open","sticky":false,"template":"","format":"standard","meta":{"_acf_changed":false,"jetpack_post_was_ever_published":false,"_jetpack_newsletter_access":"","_jetpack_dont_email_post_to_subs":false,"_jetpack_newsletter_tier_id":0,"_jetpack_memberships_contains_paywalled_content":false,"_jetpack_memberships_contains_paid_content":false,"footnotes":"","jetpack_publicize_message":"","jetpack_publicize_feature_enabled":true,"jetpack_social_post_already_shared":true,"jetpack_social_options":{"image_generator_settings":{"template":"highway","default_image_id":0,"font":"","enabled":false},"version":2}},"categories":[3,9],"tags":[],"class_list":["post-29558","post","type-post","status-publish","format-standard","has-post-thumbnail","hentry","category-novosti","category-skupovi"],"acf":{"facebook_opis":""},"jetpack_publicize_connections":[],"jetpack_featured_media_url":"https:\/\/i0.wp.com\/historiografija.hr\/wp-content\/uploads\/2022\/01\/Poziv-kreativna-industrija.jpg?fit=1080%2C640&ssl=1","jetpack_sharing_enabled":true,"jetpack-related-posts":[],"_links":{"self":[{"href":"https:\/\/historiografija.hr\/index.php?rest_route=\/wp\/v2\/posts\/29558","targetHints":{"allow":["GET"]}}],"collection":[{"href":"https:\/\/historiografija.hr\/index.php?rest_route=\/wp\/v2\/posts"}],"about":[{"href":"https:\/\/historiografija.hr\/index.php?rest_route=\/wp\/v2\/types\/post"}],"author":[{"embeddable":true,"href":"https:\/\/historiografija.hr\/index.php?rest_route=\/wp\/v2\/users\/2"}],"replies":[{"embeddable":true,"href":"https:\/\/historiografija.hr\/index.php?rest_route=%2Fwp%2Fv2%2Fcomments&post=29558"}],"version-history":[{"count":2,"href":"https:\/\/historiografija.hr\/index.php?rest_route=\/wp\/v2\/posts\/29558\/revisions"}],"predecessor-version":[{"id":29562,"href":"https:\/\/historiografija.hr\/index.php?rest_route=\/wp\/v2\/posts\/29558\/revisions\/29562"}],"wp:featuredmedia":[{"embeddable":true,"href":"https:\/\/historiografija.hr\/index.php?rest_route=\/wp\/v2\/media\/29563"}],"wp:attachment":[{"href":"https:\/\/historiografija.hr\/index.php?rest_route=%2Fwp%2Fv2%2Fmedia&parent=29558"}],"wp:term":[{"taxonomy":"category","embeddable":true,"href":"https:\/\/historiografija.hr\/index.php?rest_route=%2Fwp%2Fv2%2Fcategories&post=29558"},{"taxonomy":"post_tag","embeddable":true,"href":"https:\/\/historiografija.hr\/index.php?rest_route=%2Fwp%2Fv2%2Ftags&post=29558"}],"curies":[{"name":"wp","href":"https:\/\/api.w.org\/{rel}","templated":true}]}}