{"id":29555,"date":"2022-01-31T17:36:14","date_gmt":"2022-01-31T17:36:14","guid":{"rendered":"http:\/\/historiografija.hr\/?p=29555"},"modified":"2022-01-31T17:36:14","modified_gmt":"2022-01-31T17:36:14","slug":"projekcija-dokumentarnog-filma-gorbacov-raj-i-razgovor","status":"publish","type":"post","link":"https:\/\/historiografija.hr\/?p=29555","title":{"rendered":"Projekcija dokumentarnog filma \u201cGorba\u010dov. Raj\u201d i razgovor"},"content":{"rendered":"\n<p>Nakon kinopremijere u \u010detvrtak, 3. velja\u010de u 19 sati u Dokukinu KIC u Zagrebu (Preradovi\u0107eva 5\/I) odr\u017eat \u0107e se razgovor u kojem \u0107e sudjelovati politolog dr. sc. Davor Boban, rusistica dr. sc. Ivana Peru\u0161ko Vindakijevi\u0107, novinar Vlado Vuru\u0161i\u0107, te povjesni\u010dar dr. sc. Tvrtko Jakovina koji \u0107e ujedno i moderirati razgovor.<\/p>\n\n\n\n<p><em>Gorba\u010dov. Raj <\/em>je dokumentarni film o promjenama koje su odjeknule svijetom zahvaljuju\u0107i jednom \u010dovjeku. Film koji sa\u017eima \u017eivot \u010dovjeka koji je promijenio svijet u dvadesetom stolje\u0107u. Gorba\u010dovljeva kratka vladavina obilje\u017eena je padom carstva. Bio je arhitekt Glasnosti i Perestrojke, politika koje su gra\u0111anima Sovjetskog saveza \u2013 koji je Ronald Reagan nazivao \u201eZlim carstvom\u201c \u2013 dale priliku za slobodu. Sru\u0161io je Berlinski zid. No istodobno je, pod njegovom vla\u0161\u0107u, eksplodirao nuklearni pogon u \u010cernobilu, a njegovo se uni\u0161tenje zata\u0161kalo. Gra\u0111ani koji su tra\u017eili nezavisnost balti\u010dkih dr\u017eava su umrli. Vojnici su lopatama okrutno ugu\u0161ili prosvjede u Tbilisiju. A sovjetski su tenkovi prijetili te na kraju usmrtili mirne prosvjednike u Bakuu. Sovjetsko se carstvo pod njegovom vla\u0161\u0107u uru\u0161ilo \u2013 a vlastiti ga je narod osudio. S ovim teretom pro\u0161losti ovaj starac \u017eivi posljednje dane svog \u017eivota u praznoj ku\u0107i u predgra\u0111u Moskve.<\/p>\n\n\n\n<p><em>Mihailu Gorba\u010dovu dizat \u0107e spomenike \u0161irom svijeta. Vrlo uskoro, negdje \u2013 u Rusiji, primjerice \u2013 pro\u0107i \u0107e puno godina dok ne spoznamo \u0161to je ovaj \u010dovjek u\u010dinio za povijest. No \u017eelio sam da iza hladno\u0107e bronce ili mramora stoji vidljiv \u010dovjek koji je sam odlu\u010dio pobolj\u0161ati svijet. S tom smo se motivacijom prihvatili napornog posla uvjeravanja ovog iscrpljenog devedesetogodi\u0161njaka da nas pusti u svoj svijet samo\u0107e, frustracije i radosti slobode!<\/em> (Vitalij Manski)<\/p>\n\n\n\n<hr class=\"wp-block-separator\"\/>\n\n\n\n<p>Izvor i dodatne informacije:<\/p>\n\n\n\n<figure class=\"wp-block-embed-wordpress wp-block-embed is-type-wp-embed is-provider-dokukino-kic-kino-sa-stavom\"><div class=\"wp-block-embed__wrapper\">\n<blockquote class=\"wp-embedded-content\" data-secret=\"ToeJPLTiOn\"><a href=\"https:\/\/dokukino.net\/film\/gorbacov-raj\/2022-02-03\/\">Gorba\u010dov. Raj<\/a><\/blockquote><iframe loading=\"lazy\" class=\"wp-embedded-content\" sandbox=\"allow-scripts\" security=\"restricted\" style=\"position: absolute; clip: rect(1px, 1px, 1px, 1px);\" title=\"&#8220;Gorba\u010dov. Raj&#8221; &#8212; Dokukino KIC - Kino sa stavom\" src=\"https:\/\/dokukino.net\/film\/gorbacov-raj\/2022-02-03\/embed\/#?secret=ToeJPLTiOn\" data-secret=\"ToeJPLTiOn\" width=\"600\" height=\"338\" frameborder=\"0\" marginwidth=\"0\" marginheight=\"0\" scrolling=\"no\"><\/iframe>\n<\/div><\/figure>\n\n\n\n<figure class=\"wp-block-embed-wordpress wp-block-embed is-type-wp-embed is-provider-dokukino-kic-kino-sa-stavom\"><div class=\"wp-block-embed__wrapper\">\n<blockquote class=\"wp-embedded-content\" data-secret=\"fqaZLslUld\"><a href=\"https:\/\/dokukino.net\/novosti\/nasljede-i-duhovi-sovjetske-ere-u-novom-doku-tjednu\/\">Naslje\u0111e i duhovi sovjetske ere u novom doku-tjednu<\/a><\/blockquote><iframe loading=\"lazy\" class=\"wp-embedded-content\" sandbox=\"allow-scripts\" security=\"restricted\" style=\"position: absolute; clip: rect(1px, 1px, 1px, 1px);\" title=\"&#8220;Naslje\u0111e i duhovi sovjetske ere u novom doku-tjednu&#8221; &#8212; Dokukino KIC - Kino sa stavom\" src=\"https:\/\/dokukino.net\/novosti\/nasljede-i-duhovi-sovjetske-ere-u-novom-doku-tjednu\/embed\/#?secret=fqaZLslUld\" data-secret=\"fqaZLslUld\" width=\"600\" height=\"338\" frameborder=\"0\" marginwidth=\"0\" marginheight=\"0\" scrolling=\"no\"><\/iframe>\n<\/div><\/figure>\n\n\n\n<hr class=\"wp-block-separator\"\/>\n","protected":false},"excerpt":{"rendered":"","protected":false},"author":2,"featured_media":29556,"comment_status":"open","ping_status":"open","sticky":false,"template":"","format":"standard","meta":{"_acf_changed":false,"jetpack_post_was_ever_published":false,"_jetpack_newsletter_access":"","_jetpack_dont_email_post_to_subs":false,"_jetpack_newsletter_tier_id":0,"_jetpack_memberships_contains_paywalled_content":false,"_jetpack_memberships_contains_paid_content":false,"footnotes":"","jetpack_publicize_message":"","jetpack_publicize_feature_enabled":true,"jetpack_social_post_already_shared":true,"jetpack_social_options":{"image_generator_settings":{"template":"highway","default_image_id":0,"font":"","enabled":false},"version":2}},"categories":[13,3],"tags":[],"class_list":["post-29555","post","type-post","status-publish","format-standard","has-post-thumbnail","hentry","category-filmovi-i-serije","category-novosti"],"acf":{"facebook_opis":""},"jetpack_publicize_connections":[],"jetpack_featured_media_url":"https:\/\/i0.wp.com\/historiografija.hr\/wp-content\/uploads\/2022\/01\/Gorbacov-Raj.jpg?fit=300%2C450&ssl=1","jetpack_sharing_enabled":true,"jetpack-related-posts":[],"_links":{"self":[{"href":"https:\/\/historiografija.hr\/index.php?rest_route=\/wp\/v2\/posts\/29555","targetHints":{"allow":["GET"]}}],"collection":[{"href":"https:\/\/historiografija.hr\/index.php?rest_route=\/wp\/v2\/posts"}],"about":[{"href":"https:\/\/historiografija.hr\/index.php?rest_route=\/wp\/v2\/types\/post"}],"author":[{"embeddable":true,"href":"https:\/\/historiografija.hr\/index.php?rest_route=\/wp\/v2\/users\/2"}],"replies":[{"embeddable":true,"href":"https:\/\/historiografija.hr\/index.php?rest_route=%2Fwp%2Fv2%2Fcomments&post=29555"}],"version-history":[{"count":1,"href":"https:\/\/historiografija.hr\/index.php?rest_route=\/wp\/v2\/posts\/29555\/revisions"}],"predecessor-version":[{"id":29557,"href":"https:\/\/historiografija.hr\/index.php?rest_route=\/wp\/v2\/posts\/29555\/revisions\/29557"}],"wp:featuredmedia":[{"embeddable":true,"href":"https:\/\/historiografija.hr\/index.php?rest_route=\/wp\/v2\/media\/29556"}],"wp:attachment":[{"href":"https:\/\/historiografija.hr\/index.php?rest_route=%2Fwp%2Fv2%2Fmedia&parent=29555"}],"wp:term":[{"taxonomy":"category","embeddable":true,"href":"https:\/\/historiografija.hr\/index.php?rest_route=%2Fwp%2Fv2%2Fcategories&post=29555"},{"taxonomy":"post_tag","embeddable":true,"href":"https:\/\/historiografija.hr\/index.php?rest_route=%2Fwp%2Fv2%2Ftags&post=29555"}],"curies":[{"name":"wp","href":"https:\/\/api.w.org\/{rel}","templated":true}]}}