{"id":29550,"date":"2022-01-31T17:18:21","date_gmt":"2022-01-31T17:18:21","guid":{"rendered":"http:\/\/historiografija.hr\/?p=29550"},"modified":"2022-01-31T17:21:42","modified_gmt":"2022-01-31T17:21:42","slug":"putujuca-izlozba-raseljena-sjecanja","status":"publish","type":"post","link":"https:\/\/historiografija.hr\/?p=29550","title":{"rendered":"Putuju\u0107a izlo\u017eba \u201dRaseljena sje\u0107anja\u201d"},"content":{"rendered":"\n<p>Pozivamo vas na otvaranje me\u0111unarodne, vi\u0161ejezi\u010dne i multimedijske izlo\u017ebe naslovljene <strong>\u201dRaseljena sje\u0107anja\u201d<\/strong> u utorak <strong>01. velja\u010de 2022. u 12:00<\/strong> koja \u0107e biti postavljena na <strong>platou uz Reljkovi\u0107evu ulicu i Trg Francuske Republike u Zagrebu<\/strong> u kamionskoj prikolici s otvorenom stranom. Na otvaranju \u0107e govoriti kustos izlo\u017ebe Jan Bla\u017eek, povjesni\u010dar Franko Dota, istra\u017eiva\u010dica Alice Straniero i Vesna Ter\u0161eli\u010d, voditeljica <em>Documente<\/em>.<\/p>\n\n\n\n<p>Putuju\u0107a izlo\u017eba naslovljena \u201dRaseljena sje\u0107anja \/ \u201dDisplaced memory\u201d dio je me\u0111unarodnog projekta \u201cInconvenient Mobility\u201d kojeg podr\u017eava Europska unija kroz program Europa za gra\u0111ane \u2013 Europsko Sje\u0107anje. Projekt uklju\u010duje mre\u017eu me\u0111unarodnih partnera iz pet europskih zemalja: <em>Documenta<\/em> \u2013 Centar za suo\u010davanje s pro\u0161lo\u0161\u0107u (Hrvatska), PostBellum CZ (\u010ce\u0161ka), Erkenntnis durch Erinnerung e. V. (Njema\u010dka), Osrodek Pamiec i Przyszlosc (Poljska) i PostBellum SK (Slova\u010dka).<\/p>\n\n\n\n<p><em>Documentin<\/em> tim je tijekom 2021. godine istra\u017eio osobne pri\u010de svjedoka vremena koji su pre\u017eivjeli migracije kako bi bolje razumjeli njihov kontekst te poku\u0161ali prona\u0107i odgovore na pitanja kako i za\u0161to su se one dogodile te je tijekom ljeta 2021. godine snimio pet intervjua sa svjedocima vremena iz Italije. Njihove pri\u010de govore o migracijama s podru\u010dja Istre, Kvarnera i Dalmacije nakon Drugog svjetskog rata, a svoju pri\u010du su ispri\u010dali Egidio Rocchi, Ettore Lenich, Mario Biasiol te Andor Brakus i Antonio Vatta \u010dije pri\u010de su dio putuju\u0107e izlo\u017ebe. U sklopu projekta s me\u0111unarodnim partnerima snimljena su i osobna sje\u0107anja ljudi iz Njema\u010dke, Slova\u010dke, \u010ce\u0161ke, Ma\u0111arske, Poljske i Ukrajine.<\/p>\n\n\n\n<p>Me\u0111u snimljenim osobnim sje\u0107anjima izabrano je dvanaest pri\u010da koje su preto\u010dene u me\u0111unarodnu, vi\u0161ejezi\u010dnu i multimedijsku izlo\u017eba naslovljenu \u201dRaseljena sje\u0107anja\u201d koja \u0107e na turneji po Europi posjetiti sljede\u0107e gradove: Prag (CZ), Zagreb (HR), Bratislava (SK), Dresden (Njema\u010dka), Wroclaw (PL), a u Zagrebu \u0107e biti postavljena od 31.01.2022. do 21.02.2022. godine.<\/p>\n\n\n\n<p>Glavni cilj izlo\u017ebe kao i cijelog projekta je informirati europske gra\u0111ane o preseljenjima u razdoblju nakon zavr\u0161etka Drugog svjetskog rata, te ih potaknuti na refleksiju o migracijama od 1945. godine nadalje, kada su prekrajanja nacionalnih granica, politi\u010dke odluke, ratno i poslijeratno nasilje te posljedi\u010dni strah, natjerali milijune ljudi na selidbe u druge dr\u017eave.<\/p>\n\n\n\n<p>Izlo\u017eba svojom porukom \u017eeli naglasiti va\u017enost u\u010denja iz \u017eivotnih pri\u010da ljudi koji su do\u017eivjeli takvu sudbinu te putem njih u\u010diti iz povijesti kako se sli\u010dne gre\u0161ke ne bi ponovile u budu\u0107nosti. U kona\u010dnici, pri\u010dama koje su dio izlo\u017ebe nastoji se istaknuti potreba za tolerantnijim dru\u0161tvom uz va\u017enost po\u0161tivanja prava ljudi druge etni\u010dke pripadnosti, vjere i uvjerenja.<\/p>\n\n\n\n<p>U prilogu pogledajte knji\u017eicu s kratkim pri\u010dama svjedoka vremena te poveznicom na dijelove intervjua osobnih sje\u0107anja.<\/p>\n\n\n\n<p>Documenta \u2013 Centar za suo\u010davanje s pro\u0161lo\u0161\u0107u<\/p>\n\n\n\n<hr class=\"wp-block-separator\"\/>\n\n\n\n<p><strong>Izvor i knji\u017eica u PDF-u:<\/strong><\/p>\n\n\n\n<figure class=\"wp-block-embed-wordpress wp-block-embed is-type-wp-embed is-provider-documenta\"><div class=\"wp-block-embed__wrapper\">\n<blockquote class=\"wp-embedded-content\" data-secret=\"2OxgwcOwCZ\"><a href=\"https:\/\/documenta.hr\/novosti\/otvaranje-putujuce-izlozbe-raseljena-sjecanja-01-02-2021\/\">Otvaranje putuju\u0107e izlo\u017ebe &#8221;Raseljena sje\u0107anja&#8221; (01.02.2021.)<\/a><\/blockquote><iframe loading=\"lazy\" class=\"wp-embedded-content\" sandbox=\"allow-scripts\" security=\"restricted\" style=\"position: absolute; clip: rect(1px, 1px, 1px, 1px);\" title=\"&#8220;Otvaranje putuju\u0107e izlo\u017ebe &#8221;Raseljena sje\u0107anja&#8221; (01.02.2021.)&#8221; &#8212; Documenta\" src=\"https:\/\/documenta.hr\/novosti\/otvaranje-putujuce-izlozbe-raseljena-sjecanja-01-02-2021\/embed\/#?secret=2OxgwcOwCZ\" data-secret=\"2OxgwcOwCZ\" width=\"600\" height=\"338\" frameborder=\"0\" marginwidth=\"0\" marginheight=\"0\" scrolling=\"no\"><\/iframe>\n<\/div><\/figure>\n\n\n\n<p><a href=\"https:\/\/www.facebook.com\/DocumentaZagreb\/\">https:\/\/www.facebook.com\/DocumentaZagreb\/<\/a><\/p>\n\n\n\n<p><a href=\"https:\/\/www.facebook.com\/events\/283283307125089\/\">https:\/\/www.facebook.com\/events\/283283307125089\/<\/a><\/p>\n\n\n\n<hr class=\"wp-block-separator\"\/>\n","protected":false},"excerpt":{"rendered":"","protected":false},"author":2,"featured_media":29554,"comment_status":"open","ping_status":"open","sticky":false,"template":"","format":"standard","meta":{"_acf_changed":false,"jetpack_post_was_ever_published":false,"_jetpack_newsletter_access":"","_jetpack_dont_email_post_to_subs":false,"_jetpack_newsletter_tier_id":0,"_jetpack_memberships_contains_paywalled_content":false,"_jetpack_memberships_contains_paid_content":false,"footnotes":"","jetpack_publicize_message":"","jetpack_publicize_feature_enabled":true,"jetpack_social_post_already_shared":true,"jetpack_social_options":{"image_generator_settings":{"template":"highway","default_image_id":0,"font":"","enabled":false},"version":2}},"categories":[10,3],"tags":[],"class_list":["post-29550","post","type-post","status-publish","format-standard","has-post-thumbnail","hentry","category-izlozbe","category-novosti"],"acf":{"facebook_opis":""},"jetpack_publicize_connections":[],"jetpack_featured_media_url":"https:\/\/i0.wp.com\/historiografija.hr\/wp-content\/uploads\/2022\/01\/Putujuca-izlozba-Sjecanja.png?fit=937%2C342&ssl=1","jetpack_sharing_enabled":true,"jetpack-related-posts":[],"_links":{"self":[{"href":"https:\/\/historiografija.hr\/index.php?rest_route=\/wp\/v2\/posts\/29550","targetHints":{"allow":["GET"]}}],"collection":[{"href":"https:\/\/historiografija.hr\/index.php?rest_route=\/wp\/v2\/posts"}],"about":[{"href":"https:\/\/historiografija.hr\/index.php?rest_route=\/wp\/v2\/types\/post"}],"author":[{"embeddable":true,"href":"https:\/\/historiografija.hr\/index.php?rest_route=\/wp\/v2\/users\/2"}],"replies":[{"embeddable":true,"href":"https:\/\/historiografija.hr\/index.php?rest_route=%2Fwp%2Fv2%2Fcomments&post=29550"}],"version-history":[{"count":1,"href":"https:\/\/historiografija.hr\/index.php?rest_route=\/wp\/v2\/posts\/29550\/revisions"}],"predecessor-version":[{"id":29552,"href":"https:\/\/historiografija.hr\/index.php?rest_route=\/wp\/v2\/posts\/29550\/revisions\/29552"}],"wp:featuredmedia":[{"embeddable":true,"href":"https:\/\/historiografija.hr\/index.php?rest_route=\/wp\/v2\/media\/29554"}],"wp:attachment":[{"href":"https:\/\/historiografija.hr\/index.php?rest_route=%2Fwp%2Fv2%2Fmedia&parent=29550"}],"wp:term":[{"taxonomy":"category","embeddable":true,"href":"https:\/\/historiografija.hr\/index.php?rest_route=%2Fwp%2Fv2%2Fcategories&post=29550"},{"taxonomy":"post_tag","embeddable":true,"href":"https:\/\/historiografija.hr\/index.php?rest_route=%2Fwp%2Fv2%2Ftags&post=29550"}],"curies":[{"name":"wp","href":"https:\/\/api.w.org\/{rel}","templated":true}]}}