{"id":29545,"date":"2022-01-31T16:50:47","date_gmt":"2022-01-31T16:50:47","guid":{"rendered":"http:\/\/historiografija.hr\/?p=29545"},"modified":"2022-01-31T16:55:56","modified_gmt":"2022-01-31T16:55:56","slug":"preminuo-svetozar-livada","status":"publish","type":"post","link":"https:\/\/historiografija.hr\/?p=29545","title":{"rendered":"Preminuo Svetozar Livada"},"content":{"rendered":"\n<p>U Zagrebu je u 94. godini preminuo sociolog i povjesni\u010dar Svetozar Livada (1928-2022), koji je specijalizirao ruralnu sociologiju i socijalnu demografiju te objavio vi\u0161e publicisti\u010dkih djela o suvremenoj povijesti.<\/p>\n\n\n\n<hr class=\"wp-block-separator\"\/>\n\n\n\n<p>Op\u0161irnije na sljede\u0107im poveznicama:<\/p>\n\n\n\n<p><a href=\"https:\/\/www.portalnovosti.com\/in-memoriam-svetozar-livada-1928-2022\">https:\/\/www.portalnovosti.com\/in-memoriam-svetozar-livada-1928-2022<\/a><\/p>\n\n\n\n<p><a href=\"https:\/\/p-portal.net\/preminuo-sociolog-svetozar-livada\/\">https:\/\/p-portal.net\/preminuo-sociolog-svetozar-livada\/<\/a><\/p>\n\n\n\n<figure class=\"wp-block-embed-wordpress wp-block-embed is-type-wp-embed is-provider-prosvjeta-sluzbeni-portal\"><div class=\"wp-block-embed__wrapper\">\n<blockquote class=\"wp-embedded-content\" data-secret=\"hgKp87HnGl\"><a href=\"https:\/\/skd-prosvjeta.hr\/preminuo-sociolog-svetozar-livada\/\">Preminuo sociolog Svetozar Livada<\/a><\/blockquote><iframe loading=\"lazy\" class=\"wp-embedded-content\" sandbox=\"allow-scripts\" security=\"restricted\" style=\"position: absolute; clip: rect(1px, 1px, 1px, 1px);\" title=\"&#8220;Preminuo sociolog Svetozar Livada&#8221; &#8212; PROSVJETA | Slu\u017ebeni portal\" src=\"https:\/\/skd-prosvjeta.hr\/preminuo-sociolog-svetozar-livada\/embed\/#?secret=hgKp87HnGl\" data-secret=\"hgKp87HnGl\" width=\"600\" height=\"338\" frameborder=\"0\" marginwidth=\"0\" marginheight=\"0\" scrolling=\"no\"><\/iframe>\n<\/div><\/figure>\n\n\n\n<p><a href=\"https:\/\/mvinfo.hr\/knjiga\/2934\/etnicko-ciscenje-ozakonjeni-zlocin-stoljeca\">https:\/\/mvinfo.hr\/knjiga\/2934\/etnicko-ciscenje-ozakonjeni-zlocin-stoljeca<\/a><\/p>\n\n\n\n<p><a href=\"https:\/\/www.enciklopedija.hr\/natuknica.aspx?id=36867\">https:\/\/www.enciklopedija.hr\/natuknica.aspx?id=36867<\/a><\/p>\n\n\n\n<p><a href=\"https:\/\/hbl.lzmk.hr\/clanak.aspx?id=11866\">https:\/\/hbl.lzmk.hr\/clanak.aspx?id=11866<\/a><\/p>\n\n\n\n<hr class=\"wp-block-separator\"\/>\n\n\n\n<p><\/p>\n","protected":false},"excerpt":{"rendered":"","protected":false},"author":2,"featured_media":29546,"comment_status":"open","ping_status":"open","sticky":false,"template":"","format":"standard","meta":{"_acf_changed":false,"jetpack_post_was_ever_published":false,"_jetpack_newsletter_access":"","_jetpack_dont_email_post_to_subs":false,"_jetpack_newsletter_tier_id":0,"_jetpack_memberships_contains_paywalled_content":false,"_jetpack_memberships_contains_paid_content":false,"footnotes":"","jetpack_publicize_message":"","jetpack_publicize_feature_enabled":true,"jetpack_social_post_already_shared":true,"jetpack_social_options":{"image_generator_settings":{"template":"highway","default_image_id":0,"font":"","enabled":false},"version":2}},"categories":[3,20],"tags":[],"class_list":["post-29545","post","type-post","status-publish","format-standard","has-post-thumbnail","hentry","category-novosti","category-obavijesti-o-smrti-i-nekrolozi"],"acf":{"facebook_opis":""},"jetpack_publicize_connections":[],"jetpack_featured_media_url":"https:\/\/i0.wp.com\/historiografija.hr\/wp-content\/uploads\/2022\/01\/S_Livada.jpg?fit=683%2C410&ssl=1","jetpack_sharing_enabled":true,"jetpack-related-posts":[],"_links":{"self":[{"href":"https:\/\/historiografija.hr\/index.php?rest_route=\/wp\/v2\/posts\/29545","targetHints":{"allow":["GET"]}}],"collection":[{"href":"https:\/\/historiografija.hr\/index.php?rest_route=\/wp\/v2\/posts"}],"about":[{"href":"https:\/\/historiografija.hr\/index.php?rest_route=\/wp\/v2\/types\/post"}],"author":[{"embeddable":true,"href":"https:\/\/historiografija.hr\/index.php?rest_route=\/wp\/v2\/users\/2"}],"replies":[{"embeddable":true,"href":"https:\/\/historiografija.hr\/index.php?rest_route=%2Fwp%2Fv2%2Fcomments&post=29545"}],"version-history":[{"count":3,"href":"https:\/\/historiografija.hr\/index.php?rest_route=\/wp\/v2\/posts\/29545\/revisions"}],"predecessor-version":[{"id":29549,"href":"https:\/\/historiografija.hr\/index.php?rest_route=\/wp\/v2\/posts\/29545\/revisions\/29549"}],"wp:featuredmedia":[{"embeddable":true,"href":"https:\/\/historiografija.hr\/index.php?rest_route=\/wp\/v2\/media\/29546"}],"wp:attachment":[{"href":"https:\/\/historiografija.hr\/index.php?rest_route=%2Fwp%2Fv2%2Fmedia&parent=29545"}],"wp:term":[{"taxonomy":"category","embeddable":true,"href":"https:\/\/historiografija.hr\/index.php?rest_route=%2Fwp%2Fv2%2Fcategories&post=29545"},{"taxonomy":"post_tag","embeddable":true,"href":"https:\/\/historiografija.hr\/index.php?rest_route=%2Fwp%2Fv2%2Ftags&post=29545"}],"curies":[{"name":"wp","href":"https:\/\/api.w.org\/{rel}","templated":true}]}}