{"id":29539,"date":"2022-01-31T16:21:12","date_gmt":"2022-01-31T16:21:12","guid":{"rendered":"http:\/\/historiografija.hr\/?p=29539"},"modified":"2022-01-31T16:22:01","modified_gmt":"2022-01-31T16:22:01","slug":"zbornik-radova-zavrsetak-prvog-svjetskog-rata-u-dalmaciji","status":"publish","type":"post","link":"https:\/\/historiografija.hr\/?p=29539","title":{"rendered":"Zbornik radova \u201eZavr\u0161etak Prvog svjetskog rata u Dalmaciji\u201c"},"content":{"rendered":"\n<p>Objavljena je knjiga Zavr\u0161etak Prvog svjetskog rata u Dalmaciji: zbornik radova sa znanstvenog skupa odr\u017eanog 5. studenoga 2018. u Sve\u010danoj dvorani Sveu\u010dili\u0161ta u Zadru, urednika Tade Or\u0161oli\u0107a.<\/p>\n\n\n\n<hr class=\"wp-block-separator\"\/>\n\n\n\n<p>Kako i na koji na\u010din je percipiran Prvi svjetski rat u kulturnom, dru\u0161tvenom, politi\u010dkom i vojnom pogledu, a posebno u posljednjoj godini rata u Dalmaciji, o tome se izlagalo na znanstvenom skupu Zavr\u0161etak Prvog svjetskog rata u Dalmaciji odr\u017eanog 5. studenog 2018. u Sve\u010danoj dvorani Sveu\u010dili\u0161ta u Zadru u organizaciji HAZU \u2013 Zavoda za povijesne znanosti u Zadru. Dvanaest autora obradilo je razli\u010dite teme vezane uz dru\u0161tveno-politi\u010dke, gospodarske, kulturne i vojne prilike u austrijskoj pokrajini Dalmaciji u posljednjoj godini Prvog svjetskog rata, a kao rezultat tog rada nastao je ovdje predo\u010deni Zbornik radova sa istoimenog skupa. Prvi svjetski rat uzrokovao je dotad nevi\u0111ena stradanja vojnika na boji\u0161tima, a velik dio civilnog stanovni\u0161tva bio je izlo\u017een nesta\u0161ici, gladi i pandemiji, posebno u posljednjoj godini rata. Mnogi ljudi, u naponu snage, nikada se nisu vratili iz rata, a mnogi su se vratili ranjeni, iscrpljeni i nesposobni za rad. Unato\u010d tomu \u0161to Dalmacija nije bila zahva\u0107ena ratnim razaranjima, posljedice rata jo\u0161 su se godinama osje\u0107ale.<\/p>\n\n\n\n<hr class=\"wp-block-separator\"\/>\n\n\n\n<p>Izvori i dodatne informacije:<\/p>\n\n\n\n<p><a href=\"https:\/\/www.unizd.hr\/obavijesti\/view\/nova-izdanja-sveucilista-u-zadru-10\">https:\/\/www.unizd.hr\/obavijesti\/view\/nova-izdanja-sveucilista-u-zadru-10<\/a><\/p>\n\n\n\n<p><a href=\"https:\/\/povijest.unizd.hr\/obavijesti\/view\/objavljen-zbornik-radova-zavrsetak-prvog-svjetskog-rata-u-dalmaciji\">https:\/\/povijest.unizd.hr\/obavijesti\/view\/objavljen-zbornik-radova-zavrsetak-prvog-svjetskog-rata-u-dalmaciji<\/a><\/p>\n\n\n\n<hr class=\"wp-block-separator\"\/>\n\n\n\n<figure class=\"wp-block-embed-wordpress wp-block-embed is-type-wp-embed is-provider-historiografija-hr\"><div class=\"wp-block-embed__wrapper\">\n<blockquote class=\"wp-embedded-content\" data-secret=\"42y4zWTIXg\"><a href=\"https:\/\/historiografija.hr\/?p=11962\">Znanstveni skup \u201cZavr\u0161etak Prvoga svjetskog rata u Dalmaciji\u201d<\/a><\/blockquote><iframe loading=\"lazy\" class=\"wp-embedded-content\" sandbox=\"allow-scripts\" security=\"restricted\" style=\"position: absolute; clip: rect(1px, 1px, 1px, 1px);\" title=\"&#8220;Znanstveni skup \u201cZavr\u0161etak Prvoga svjetskog rata u Dalmaciji\u201d&#8221; &#8212; Historiografija.hr\" src=\"https:\/\/historiografija.hr\/?p=11962&#038;embed=true#?secret=42y4zWTIXg\" data-secret=\"42y4zWTIXg\" width=\"600\" height=\"338\" frameborder=\"0\" marginwidth=\"0\" marginheight=\"0\" scrolling=\"no\"><\/iframe>\n<\/div><\/figure>\n\n\n\n<hr class=\"wp-block-separator\"\/>\n","protected":false},"excerpt":{"rendered":"","protected":false},"author":2,"featured_media":29540,"comment_status":"open","ping_status":"open","sticky":false,"template":"","format":"standard","meta":{"_acf_changed":false,"jetpack_post_was_ever_published":false,"_jetpack_newsletter_access":"","_jetpack_dont_email_post_to_subs":false,"_jetpack_newsletter_tier_id":0,"_jetpack_memberships_contains_paywalled_content":false,"_jetpack_memberships_contains_paid_content":false,"footnotes":"","jetpack_publicize_message":"","jetpack_publicize_feature_enabled":true,"jetpack_social_post_already_shared":true,"jetpack_social_options":{"image_generator_settings":{"template":"highway","default_image_id":0,"font":"","enabled":false},"version":2}},"categories":[8,3],"tags":[],"class_list":["post-29539","post","type-post","status-publish","format-standard","has-post-thumbnail","hentry","category-knjige","category-novosti"],"acf":{"facebook_opis":""},"jetpack_publicize_connections":[],"jetpack_featured_media_url":"https:\/\/i0.wp.com\/historiografija.hr\/wp-content\/uploads\/2022\/01\/Zavrsetak-I_-svjetskog-rata-u-Dalmaciji.jpg?fit=692%2C920&ssl=1","jetpack_sharing_enabled":true,"jetpack-related-posts":[],"_links":{"self":[{"href":"https:\/\/historiografija.hr\/index.php?rest_route=\/wp\/v2\/posts\/29539","targetHints":{"allow":["GET"]}}],"collection":[{"href":"https:\/\/historiografija.hr\/index.php?rest_route=\/wp\/v2\/posts"}],"about":[{"href":"https:\/\/historiografija.hr\/index.php?rest_route=\/wp\/v2\/types\/post"}],"author":[{"embeddable":true,"href":"https:\/\/historiografija.hr\/index.php?rest_route=\/wp\/v2\/users\/2"}],"replies":[{"embeddable":true,"href":"https:\/\/historiografija.hr\/index.php?rest_route=%2Fwp%2Fv2%2Fcomments&post=29539"}],"version-history":[{"count":2,"href":"https:\/\/historiografija.hr\/index.php?rest_route=\/wp\/v2\/posts\/29539\/revisions"}],"predecessor-version":[{"id":29542,"href":"https:\/\/historiografija.hr\/index.php?rest_route=\/wp\/v2\/posts\/29539\/revisions\/29542"}],"wp:featuredmedia":[{"embeddable":true,"href":"https:\/\/historiografija.hr\/index.php?rest_route=\/wp\/v2\/media\/29540"}],"wp:attachment":[{"href":"https:\/\/historiografija.hr\/index.php?rest_route=%2Fwp%2Fv2%2Fmedia&parent=29539"}],"wp:term":[{"taxonomy":"category","embeddable":true,"href":"https:\/\/historiografija.hr\/index.php?rest_route=%2Fwp%2Fv2%2Fcategories&post=29539"},{"taxonomy":"post_tag","embeddable":true,"href":"https:\/\/historiografija.hr\/index.php?rest_route=%2Fwp%2Fv2%2Ftags&post=29539"}],"curies":[{"name":"wp","href":"https:\/\/api.w.org\/{rel}","templated":true}]}}