{"id":2953,"date":"2017-02-21T23:00:05","date_gmt":"2017-02-21T23:00:05","guid":{"rendered":"http:\/\/historiografija.hr\/?p=2953"},"modified":"2017-02-21T23:00:05","modified_gmt":"2017-02-21T23:00:05","slug":"donbas-rat-i-mir","status":"publish","type":"post","link":"https:\/\/historiografija.hr\/?p=2953","title":{"rendered":"Donbas: Rat i mir"},"content":{"rendered":"<style> <!--  \/* Font Definitions *\/  @font-face \t{font-family:Calibri; \tpanose-1:2 15 5 2 2 2 4 3 2 4; \tmso-font-charset:238; \tmso-generic-font-family:swiss; \tmso-font-pitch:variable; \tmso-font-signature:-1610611985 1073750139 0 0 159 0;}  \/* Style Definitions *\/  p.MsoNormal, li.MsoNormal, div.MsoNormal \t{mso-style-unhide:no; \tmso-style-qformat:yes; \tmso-style-parent:\"\"; \tmargin-top:0cm; \tmargin-right:0cm; \tmargin-bottom:10.0pt; \tmargin-left:0cm; \tline-height:115%; \tmso-pagination:widow-orphan; \tfont-size:11.0pt; \tfont-family:\"Calibri\",\"sans-serif\"; \tmso-ascii-font-family:Calibri; \tmso-ascii-theme-font:minor-latin; \tmso-fareast-font-family:Calibri; \tmso-fareast-theme-font:minor-latin; \tmso-hansi-font-family:Calibri; \tmso-hansi-theme-font:minor-latin; \tmso-bidi-font-family:\"Times New Roman\"; \tmso-bidi-theme-font:minor-bidi; \tmso-fareast-language:EN-US;} .MsoChpDefault \t{mso-style-type:export-only; \tmso-default-props:yes; \tmso-ascii-font-family:Calibri; \tmso-ascii-theme-font:minor-latin; \tmso-fareast-font-family:Calibri; \tmso-fareast-theme-font:minor-latin; \tmso-hansi-font-family:Calibri; \tmso-hansi-theme-font:minor-latin; \tmso-bidi-font-family:\"Times New Roman\"; \tmso-bidi-theme-font:minor-bidi; \tmso-fareast-language:EN-US;} .MsoPapDefault \t{mso-style-type:export-only; \tmargin-bottom:10.0pt; \tline-height:115%;} @page Section1 \t{size:612.0pt 792.0pt; \tmargin:70.85pt 70.85pt 70.85pt 70.85pt; \tmso-header-margin:36.0pt; \tmso-footer-margin:36.0pt; \tmso-paper-source:0;} div.Section1 \t{page:Section1;} --> <\/style>\n<p class=\"MsoNormal\" align=\"justify\">vrijeme: 22.02.2017. 13,00<\/p>\n<p class=\"MsoNormal\" align=\"justify\">mjesto: Zadar; Gradska lo\u017ea, Narodni trg<\/p>\n<p class=\"MsoNormal\" align=\"justify\">&nbsp;<\/p>\n<p class=\"MsoNormal\" align=\"justify\">U srijedu, 22. velja\u010de, u 13 sati, u Gradskoj lo\u017ei u Zadru, otvara se izlo\u017eba &#8216;Donbas: Rat i mir&#8217;. Izlo\u017eba se organizira u povodu 25 godina uspostavljanja diplomatskih odnosa izme\u0111u Ukrajine i Republike Hrvatske.<\/p>\n<p class=\"MsoNormal\" align=\"justify\">&nbsp;<\/p>\n<p class=\"MsoNormal\" align=\"justify\">Izlo\u017eba prezentira radove profesionalnih fotografa, novinara, branitelja, volontera i civila koji su u razdoblju izme\u0111u 2014. i 2015. g. fotografirali najdramati\u010dnije trenutke ratom zahva\u0107enog istoka Ukrajine, jednako kao i upe\u010datljive prizore iz svakodnevnog \u017eivota ljudi na istom podru\u010dju. Izlo\u017eba se sastoji od 60 fotografija dimenzija 60&#215;80 cm.<\/p>\n<p class=\"MsoNormal\" align=\"justify\">&nbsp;<\/p>\n<p class=\"MsoNormal\" align=\"justify\">Organizatorom izlo\u017ebe u RH je Veleposlanstvo Ukrajine u RH. S ukrajinske strane, organizatori izlo\u017ebe su opunomo\u0107ena predstavnica Predsjednika Ukrajine za mirovno reguliranje situacije na istoku Ukrajine &#8211; parlamentarna zastupnica Irina Gera\u0161\u010denko te Nacionalno dru\u0161tvo novinara Ukrajine.<\/p>\n<p class=\"MsoNormal\" align=\"justify\">&nbsp;<\/p>\n<p class=\"MsoNormal\" align=\"justify\">Va\u017eno je istaknuti da je izlo\u017eba ve\u0107 izlagana u visokim europskim institucijama, kao \u0161to su Europski parlament (Bruxelles, prosinac 2014.), Parlament Ujedinjenog Kraljevstva (London, o\u017eujak 2015.), u Danskoj (Kopenhagen, sije\u010danj 2015.). Na otvaranjima su bili nazo\u010dni ministar vanjskih poslova Danske Martin Lidegor, britanski ministar za Europu David Lidington, predsjednik izaslanstva Odbora za parlamentarnu suradnju izme\u0111u Europske unije i Ukrajine u Europarlamentu Andrej Plenkovi\u0107, kao i drugi visoki politi\u010dki du\u017enosnici, zastupnici te \u0161iroka javnost.<\/p>\n<p class=\"MsoNormal\" align=\"justify\">&nbsp;<\/p>\n<p class=\"MsoNormal\" align=\"justify\">U RH izlo\u017eba je bila sve\u010dano otvorena u nacionalnoj i sveu\u010dili\u0161noj knji\u017enici u Zagrebu od 15. do 25. o\u017eujka 2016., a nakon toga tijekom 2016. u Lipiku i u Slavonskom Brodu.<\/p>\n<p class=\"MsoNormal\" align=\"justify\">&nbsp;<\/p>\n<p class=\"MsoNormal\" align=\"justify\">U dramati\u010dnim trenucima za ukrajinsku dr\u017eavu gdje je ve\u0107 poginulo vi\u0161e od 10 000 ljudi, me\u0111u kojima i brojni civili, a skoro 1,5 milijuna Ukrajinaca \u017eivi u izbjegli\u0161tvu, takva izlo\u017eba postaje jo\u0161 jednim simbolom podr\u0161ke i solidarnosti prijateljske Hrvatske koja je i sama pro\u017eivjela sve strahote rata.<\/p>\n<p class=\"MsoNormal\" align=\"justify\">&nbsp;<\/p>\n<p class=\"MsoNormal\" align=\"justify\">Izvor: http:\/\/www.culturenet.hr\/<\/p>\n<p class=\"MsoNormal\"><\/p>\n<p class=\"MsoNormal\"><\/p>\n","protected":false},"excerpt":{"rendered":"","protected":false},"author":1,"featured_media":0,"comment_status":"open","ping_status":"open","sticky":false,"template":"","format":"standard","meta":{"_acf_changed":false,"jetpack_post_was_ever_published":false,"_jetpack_newsletter_access":"","_jetpack_dont_email_post_to_subs":false,"_jetpack_newsletter_tier_id":0,"_jetpack_memberships_contains_paywalled_content":false,"_jetpack_memberships_contains_paid_content":false,"footnotes":"","jetpack_publicize_message":"","jetpack_publicize_feature_enabled":true,"jetpack_social_post_already_shared":false,"jetpack_social_options":{"image_generator_settings":{"template":"highway","default_image_id":0,"font":"","enabled":false},"version":2}},"categories":[3],"tags":[],"class_list":["post-2953","post","type-post","status-publish","format-standard","hentry","category-novosti"],"acf":{"facebook_opis":""},"jetpack_publicize_connections":[],"jetpack_featured_media_url":"","jetpack_sharing_enabled":true,"jetpack-related-posts":[{"id":52439,"url":"https:\/\/historiografija.hr\/?p=52439","url_meta":{"origin":2953,"position":0},"title":"Tribina &#8220;Ahmi\u0107i 33 godine kasnije: Ne u na\u0161e ime&#8221;","author":"Branimir Jankovi\u0107","date":"16. travnja 2026.","format":false,"excerpt":"U \u010detvrtak, 16. travnja 2026. u 17 sati u Knji\u017enici i \u010ditaonici Bogdana Ogrizovi\u0107a u Zagrebu odr\u017eat \u0107e se tribina pod nazivom Ahmi\u0107i 33 godine kasnije: Ne u na\u0161e ime. Na tribini \u0107e govoriti Ivica \u0110iki\u0107, novinar, Mubera Masli\u0107 \u2013 \u017ddralovi\u0107, aktivistikinja, prevoditeljica za arapski, Domagoj Fuk, student politologije, \u010dlan\u2026","rel":"","context":"U &quot;Novosti&quot;","block_context":{"text":"Novosti","link":"https:\/\/historiografija.hr\/?cat=3"},"img":{"alt_text":"","src":"https:\/\/i0.wp.com\/historiografija.hr\/wp-content\/uploads\/2026\/04\/Zagreb_2026.jpeg?fit=1200%2C900&ssl=1&resize=350%2C200","width":350,"height":200,"srcset":"https:\/\/i0.wp.com\/historiografija.hr\/wp-content\/uploads\/2026\/04\/Zagreb_2026.jpeg?fit=1200%2C900&ssl=1&resize=350%2C200 1x, https:\/\/i0.wp.com\/historiografija.hr\/wp-content\/uploads\/2026\/04\/Zagreb_2026.jpeg?fit=1200%2C900&ssl=1&resize=525%2C300 1.5x, https:\/\/i0.wp.com\/historiografija.hr\/wp-content\/uploads\/2026\/04\/Zagreb_2026.jpeg?fit=1200%2C900&ssl=1&resize=700%2C400 2x, https:\/\/i0.wp.com\/historiografija.hr\/wp-content\/uploads\/2026\/04\/Zagreb_2026.jpeg?fit=1200%2C900&ssl=1&resize=1050%2C600 3x"},"classes":[]},{"id":52539,"url":"https:\/\/historiografija.hr\/?p=52539","url_meta":{"origin":2953,"position":1},"title":"Drugi po redu studentski simpozij &#8220;In fonte veritas&#8221;","author":"Branimir Jankovi\u0107","date":"20. travnja 2026.","format":false,"excerpt":"U srijedu, 22. travnja 2026. godine, u dvorani C 0.4 na Hrvatskom katoli\u010dkom sveu\u010dili\u0161tu odr\u017eat \u0107e se drugi studentski simpozij \u201eIn fonte veritas\". Ovogodi\u0161nja sredi\u0161nja tema simpozija je Papinstvo. Kroz istra\u017eiva\u010dko suo\u010davanje s povijesnim izvorima deset \u0107e studenata predstaviti rezultate svojih istra\u017eivanja o instituciji koja je stolje\u0107ima oblikovala europsku i\u2026","rel":"","context":"U &quot;Novosti&quot;","block_context":{"text":"Novosti","link":"https:\/\/historiografija.hr\/?cat=3"},"img":{"alt_text":"","src":"https:\/\/i0.wp.com\/historiografija.hr\/wp-content\/uploads\/2026\/04\/Papinstvo.png?fit=1024%2C500&ssl=1&resize=350%2C200","width":350,"height":200,"srcset":"https:\/\/i0.wp.com\/historiografija.hr\/wp-content\/uploads\/2026\/04\/Papinstvo.png?fit=1024%2C500&ssl=1&resize=350%2C200 1x, https:\/\/i0.wp.com\/historiografija.hr\/wp-content\/uploads\/2026\/04\/Papinstvo.png?fit=1024%2C500&ssl=1&resize=525%2C300 1.5x, https:\/\/i0.wp.com\/historiografija.hr\/wp-content\/uploads\/2026\/04\/Papinstvo.png?fit=1024%2C500&ssl=1&resize=700%2C400 2x"},"classes":[]},{"id":52556,"url":"https:\/\/historiografija.hr\/?p=52556","url_meta":{"origin":2953,"position":2},"title":"ZagrebDox 2026.","author":"Branimir Jankovi\u0107","date":"20. travnja 2026.","format":false,"excerpt":"Me\u0111unarodni festival dokumentarnog filma 19. - 26. travnja 2026. Kaptol Boutique Cinema, Zagreb Program i dodatne obavijesti: https:\/\/zagrebdox.net\/hr","rel":"","context":"U &quot;Filmovi i serije&quot;","block_context":{"text":"Filmovi i serije","link":"https:\/\/historiografija.hr\/?cat=13"},"img":{"alt_text":"","src":"https:\/\/i0.wp.com\/historiografija.hr\/wp-content\/uploads\/2026\/04\/DOX-logo.jpg?fit=600%2C600&ssl=1&resize=350%2C200","width":350,"height":200,"srcset":"https:\/\/i0.wp.com\/historiografija.hr\/wp-content\/uploads\/2026\/04\/DOX-logo.jpg?fit=600%2C600&ssl=1&resize=350%2C200 1x, https:\/\/i0.wp.com\/historiografija.hr\/wp-content\/uploads\/2026\/04\/DOX-logo.jpg?fit=600%2C600&ssl=1&resize=525%2C300 1.5x"},"classes":[]},{"id":52657,"url":"https:\/\/historiografija.hr\/?p=52657","url_meta":{"origin":2953,"position":3},"title":"[Predavanje] Jezik i drugost u (post)socijalisti\u010dkoj Srbiji: diskurzivne politike identiteta (YugoLab)","author":"Branimir Jankovi\u0107","date":"24. travnja 2026.","format":false,"excerpt":"U sklopu projekta Prizma \/ IMAGINATION (\u201eZami\u0161ljanje nacije: srpski nacionalni narativi u sporu (XX\u2013XXI vek)\u201c), koji se realizuje na Institutu za filozofiju i dru\u0161tvenu teoriju Univerziteta u Beogradu (2024\u20132027) uz finansijsku podr\u0161ku Fonda za nauku Republike Srbije, organizuje se serija predavanja na kojoj istra\u017eiva\u010di i istra\u017eiva\u010dice projekta predstavljaju rezultate svojih\u2026","rel":"","context":"U &quot;Novosti&quot;","block_context":{"text":"Novosti","link":"https:\/\/historiografija.hr\/?cat=3"},"img":{"alt_text":"","src":"https:\/\/i0.wp.com\/historiografija.hr\/wp-content\/uploads\/2026\/04\/IFDT_28_IV.png?fit=1200%2C675&ssl=1&resize=350%2C200","width":350,"height":200,"srcset":"https:\/\/i0.wp.com\/historiografija.hr\/wp-content\/uploads\/2026\/04\/IFDT_28_IV.png?fit=1200%2C675&ssl=1&resize=350%2C200 1x, https:\/\/i0.wp.com\/historiografija.hr\/wp-content\/uploads\/2026\/04\/IFDT_28_IV.png?fit=1200%2C675&ssl=1&resize=525%2C300 1.5x, https:\/\/i0.wp.com\/historiografija.hr\/wp-content\/uploads\/2026\/04\/IFDT_28_IV.png?fit=1200%2C675&ssl=1&resize=700%2C400 2x, https:\/\/i0.wp.com\/historiografija.hr\/wp-content\/uploads\/2026\/04\/IFDT_28_IV.png?fit=1200%2C675&ssl=1&resize=1050%2C600 3x"},"classes":[]},{"id":52613,"url":"https:\/\/historiografija.hr\/?p=52613","url_meta":{"origin":2953,"position":4},"title":"No\u0107 knjige u Hrvatskom dr\u017eavnom arhivu","author":"Branimir Jankovi\u0107","date":"22. travnja 2026.","format":false,"excerpt":"Predstavljanje knjige Rajke Bu\u0107in \u201dLije\u010denje i zbrinjavanje \u017didova u Bolnici sestara milosrdnica u Zagrebu 1941. \u2013 1945.\u201d u \u010detvrtak, 23. travnja 2026. u 13 sati u Hrvatskom dr\u017eavnom arhivu u Zagrebu. Izvor: https:\/\/www.arhiv.hr\/hr-hr\/Kulturno-prosvjetne-aktivnosti\/ArticleId\/1986\/oamid\/1633","rel":"","context":"U &quot;Novosti&quot;","block_context":{"text":"Novosti","link":"https:\/\/historiografija.hr\/?cat=3"},"img":{"alt_text":"","src":"https:\/\/i0.wp.com\/historiografija.hr\/wp-content\/uploads\/2026\/04\/noc_knjige_2026.jpg?fit=680%2C276&ssl=1&resize=350%2C200","width":350,"height":200,"srcset":"https:\/\/i0.wp.com\/historiografija.hr\/wp-content\/uploads\/2026\/04\/noc_knjige_2026.jpg?fit=680%2C276&ssl=1&resize=350%2C200 1x, https:\/\/i0.wp.com\/historiografija.hr\/wp-content\/uploads\/2026\/04\/noc_knjige_2026.jpg?fit=680%2C276&ssl=1&resize=525%2C300 1.5x"},"classes":[]},{"id":52603,"url":"https:\/\/historiografija.hr\/?p=52603","url_meta":{"origin":2953,"position":5},"title":"No\u0107 knjige: Carska i kraljevska kuhinja","author":"Branimir Jankovi\u0107","date":"22. travnja 2026.","format":false,"excerpt":"Pozivamo vas da nam se pridru\u017eite 23. travnja 2026. u 18 sati u obilje\u017eavanju No\u0107i knjige u Pivnici Bobi&Rudi na Trgu Ivana Me\u0161trovi\u0107a u Zapru\u0111u u Zagrebu gdje uz kavu \u010ditamo recepte iz zemalja Austro-Ugarske Monarhije iz knjige Carska i kraljevska kuhinja, autora Roberta Mak\u0142owicza, u prijevodu Damira Agi\u010di\u0107a. Izvor:\u2026","rel":"","context":"U &quot;Novosti&quot;","block_context":{"text":"Novosti","link":"https:\/\/historiografija.hr\/?cat=3"},"img":{"alt_text":"","src":"https:\/\/i0.wp.com\/historiografija.hr\/wp-content\/uploads\/2026\/04\/Noc-knjige-Carska-i-kraljevska.jpg?fit=1200%2C1200&ssl=1&resize=350%2C200","width":350,"height":200,"srcset":"https:\/\/i0.wp.com\/historiografija.hr\/wp-content\/uploads\/2026\/04\/Noc-knjige-Carska-i-kraljevska.jpg?fit=1200%2C1200&ssl=1&resize=350%2C200 1x, https:\/\/i0.wp.com\/historiografija.hr\/wp-content\/uploads\/2026\/04\/Noc-knjige-Carska-i-kraljevska.jpg?fit=1200%2C1200&ssl=1&resize=525%2C300 1.5x, https:\/\/i0.wp.com\/historiografija.hr\/wp-content\/uploads\/2026\/04\/Noc-knjige-Carska-i-kraljevska.jpg?fit=1200%2C1200&ssl=1&resize=700%2C400 2x, https:\/\/i0.wp.com\/historiografija.hr\/wp-content\/uploads\/2026\/04\/Noc-knjige-Carska-i-kraljevska.jpg?fit=1200%2C1200&ssl=1&resize=1050%2C600 3x"},"classes":[]}],"_links":{"self":[{"href":"https:\/\/historiografija.hr\/index.php?rest_route=\/wp\/v2\/posts\/2953","targetHints":{"allow":["GET"]}}],"collection":[{"href":"https:\/\/historiografija.hr\/index.php?rest_route=\/wp\/v2\/posts"}],"about":[{"href":"https:\/\/historiografija.hr\/index.php?rest_route=\/wp\/v2\/types\/post"}],"author":[{"embeddable":true,"href":"https:\/\/historiografija.hr\/index.php?rest_route=\/wp\/v2\/users\/1"}],"replies":[{"embeddable":true,"href":"https:\/\/historiografija.hr\/index.php?rest_route=%2Fwp%2Fv2%2Fcomments&post=2953"}],"version-history":[{"count":0,"href":"https:\/\/historiografija.hr\/index.php?rest_route=\/wp\/v2\/posts\/2953\/revisions"}],"wp:attachment":[{"href":"https:\/\/historiografija.hr\/index.php?rest_route=%2Fwp%2Fv2%2Fmedia&parent=2953"}],"wp:term":[{"taxonomy":"category","embeddable":true,"href":"https:\/\/historiografija.hr\/index.php?rest_route=%2Fwp%2Fv2%2Fcategories&post=2953"},{"taxonomy":"post_tag","embeddable":true,"href":"https:\/\/historiografija.hr\/index.php?rest_route=%2Fwp%2Fv2%2Ftags&post=2953"}],"curies":[{"name":"wp","href":"https:\/\/api.w.org\/{rel}","templated":true}]}}