{"id":29528,"date":"2022-01-28T14:56:13","date_gmt":"2022-01-28T14:56:13","guid":{"rendered":"http:\/\/historiografija.hr\/?p=29528"},"modified":"2022-01-28T14:56:46","modified_gmt":"2022-01-28T14:56:46","slug":"konferencija-komemoracije-ratova-1990-ih-tokom-2021-godine","status":"publish","type":"post","link":"https:\/\/historiografija.hr\/?p=29528","title":{"rendered":"Konferencija \u201cKomemoracije ratova 1990-ih tokom 2021. godine\u201d"},"content":{"rendered":"\n<p><strong>Inicijativa mladih za ljudska prava u Srbiji (YIHR Srbija) vas poziva na predstavljanje nalaza&nbsp; regionalnog izve\u0161taja i priru\u010dnika o komemoracijama rata i ratnih zlo\u010dina u Srbiji, Bosni i Hercegovini, Kosovu i Crnoj Gori od januara do oktobra 2021. godine koje \u0107e se odr\u017eati u ponedeljak, 31. januara od 11:00 na Zoom platformi.&nbsp;<\/strong><\/p>\n\n\n\n<p>Da biste se prijavili popunite <a href=\"https:\/\/docs.google.com\/forms\/d\/e\/1FAIpQLScYhsJHqNkjktptKzwR54vr3AvUF6FVe5I5Ip7I1MTKL9Cliw\/viewform?usp=sf_link\">kontakt formu ovde.<\/a><\/p>\n\n\n\n<p>Dve publikacije predstavljaju rezultat monitoringa komemorativnih praksi posve\u0107enih ratnim sukobima tokom 1990-ih koje su organizovale dr\u017eavne institucije, udru\u017eenja \u017ertava i organizacije civilnog dru\u0161tva tokom 10 meseci protekle godine.&nbsp;<\/p>\n\n\n\n<p>Tokom 2020. godine pomak u zajedni\u010dkom komemoriranju \u017ertava zlo\u010dina u okviru operacije \u201cOluja\u201d od strane hrvatskih i srpskih politi\u010dkih lidera \u010dinio se kao podstrek i da se u drugim zemljama regiona komemoracije izmeste iz dominantnih etnonacionalisti\u010dkih monopola i samoviktimizacije. <strong>&nbsp;O tome kako su se komemorativne prakse koje se odnose na ratni raspad Jugoslavije i ratne zlo\u010dine odvijale u Srbji, Bosni i Hercegovini, Kosovu i Crnoj Gori u prethodnoj godini, razgovara\u0107e sa vama Kaltrina Fejzullahu (YIHR Kosovo) i Marko Milosavljevi\u0107 (YIHR Srbija).&nbsp;<\/strong><\/p>\n\n\n\n<p>Razgovor \u0107e se voditi na engleskom jeziku, na Zoom platformi. Ukoliko \u017eelite da u\u010destvujete u razgovoru, postavite pitanje ili prokomentari\u0161ete nalaze iz publikacija, molimo vas da se prijavite ovde.&nbsp;<\/p>\n\n\n\n<p><em>Konferencija \u201cKomemoracije ratova 1990-ih tokom 2021. godine\u201d deo je zajedni\u010dkog projekta \u201cOsna\u017eivanje pomirenja\u201d koju sprovode YIHR Srbija, YIHR Bosna i Hercegovina, YIHR Kosovo i YIHR Crna Gora uz podr\u0161ku Balkanske mre\u017ee za razvoj civilnog dru\u0161tva (BCSDN) i \u0160vedske agencije za me\u0111unarodnu saradnju i razvoj (SIDA).\u00a0<\/em><\/p>\n\n\n\n<hr class=\"wp-block-separator\"\/>\n\n\n\n<p>Izvor:<\/p>\n\n\n\n<figure class=\"wp-block-embed-wordpress wp-block-embed is-type-wp-embed is-provider-yihr-rs\"><div class=\"wp-block-embed__wrapper\">\n<blockquote class=\"wp-embedded-content\" data-secret=\"TY6COTMU45\"><a href=\"https:\/\/www.yihr.rs\/bhs\/konferencija-komemoracije-ratova-1990-ih-tokom-2021-godine\/\">Konferencija \u201cKomemoracije ratova 1990-ih tokom 2021. godine\u201d<\/a><\/blockquote><iframe loading=\"lazy\" class=\"wp-embedded-content\" sandbox=\"allow-scripts\" security=\"restricted\" style=\"position: absolute; clip: rect(1px, 1px, 1px, 1px);\" title=\"&#8220;Konferencija \u201cKomemoracije ratova 1990-ih tokom 2021. godine\u201d&#8221; &#8212; YIHR.rs\" src=\"https:\/\/www.yihr.rs\/bhs\/konferencija-komemoracije-ratova-1990-ih-tokom-2021-godine\/embed\/#?secret=TY6COTMU45\" data-secret=\"TY6COTMU45\" width=\"600\" height=\"338\" frameborder=\"0\" marginwidth=\"0\" marginheight=\"0\" scrolling=\"no\"><\/iframe>\n<\/div><\/figure>\n\n\n\n<hr class=\"wp-block-separator\"\/>\n\n\n\n<p><strong>Ostale najave:<\/strong><\/p>\n\n\n\n<p><a href=\"https:\/\/historiografija.ba\/article.php?id=983\">Historiografija.ba<\/a><\/p>\n\n\n\n<hr class=\"wp-block-separator\"\/>\n","protected":false},"excerpt":{"rendered":"","protected":false},"author":2,"featured_media":29529,"comment_status":"open","ping_status":"open","sticky":false,"template":"","format":"standard","meta":{"_acf_changed":false,"jetpack_post_was_ever_published":false,"_jetpack_newsletter_access":"","_jetpack_dont_email_post_to_subs":false,"_jetpack_newsletter_tier_id":0,"_jetpack_memberships_contains_paywalled_content":false,"_jetpack_memberships_contains_paid_content":false,"footnotes":"","jetpack_publicize_message":"","jetpack_publicize_feature_enabled":true,"jetpack_social_post_already_shared":true,"jetpack_social_options":{"image_generator_settings":{"template":"highway","default_image_id":0,"font":"","enabled":false},"version":2}},"categories":[3,9],"tags":[],"class_list":["post-29528","post","type-post","status-publish","format-standard","has-post-thumbnail","hentry","category-novosti","category-skupovi"],"acf":{"facebook_opis":""},"jetpack_publicize_connections":[],"jetpack_featured_media_url":"https:\/\/i0.wp.com\/historiografija.hr\/wp-content\/uploads\/2022\/01\/Konferencija-scaled.jpg?fit=2560%2C1707&ssl=1","jetpack_sharing_enabled":true,"jetpack-related-posts":[],"_links":{"self":[{"href":"https:\/\/historiografija.hr\/index.php?rest_route=\/wp\/v2\/posts\/29528","targetHints":{"allow":["GET"]}}],"collection":[{"href":"https:\/\/historiografija.hr\/index.php?rest_route=\/wp\/v2\/posts"}],"about":[{"href":"https:\/\/historiografija.hr\/index.php?rest_route=\/wp\/v2\/types\/post"}],"author":[{"embeddable":true,"href":"https:\/\/historiografija.hr\/index.php?rest_route=\/wp\/v2\/users\/2"}],"replies":[{"embeddable":true,"href":"https:\/\/historiografija.hr\/index.php?rest_route=%2Fwp%2Fv2%2Fcomments&post=29528"}],"version-history":[{"count":2,"href":"https:\/\/historiografija.hr\/index.php?rest_route=\/wp\/v2\/posts\/29528\/revisions"}],"predecessor-version":[{"id":29531,"href":"https:\/\/historiografija.hr\/index.php?rest_route=\/wp\/v2\/posts\/29528\/revisions\/29531"}],"wp:featuredmedia":[{"embeddable":true,"href":"https:\/\/historiografija.hr\/index.php?rest_route=\/wp\/v2\/media\/29529"}],"wp:attachment":[{"href":"https:\/\/historiografija.hr\/index.php?rest_route=%2Fwp%2Fv2%2Fmedia&parent=29528"}],"wp:term":[{"taxonomy":"category","embeddable":true,"href":"https:\/\/historiografija.hr\/index.php?rest_route=%2Fwp%2Fv2%2Fcategories&post=29528"},{"taxonomy":"post_tag","embeddable":true,"href":"https:\/\/historiografija.hr\/index.php?rest_route=%2Fwp%2Fv2%2Ftags&post=29528"}],"curies":[{"name":"wp","href":"https:\/\/api.w.org\/{rel}","templated":true}]}}