{"id":29516,"date":"2022-01-28T14:10:14","date_gmt":"2022-01-28T14:10:14","guid":{"rendered":"http:\/\/historiografija.hr\/?p=29516"},"modified":"2022-01-28T14:17:45","modified_gmt":"2022-01-28T14:17:45","slug":"izlozba-primo-levi-biografski-strip","status":"publish","type":"post","link":"https:\/\/historiografija.hr\/?p=29516","title":{"rendered":"Izlo\u017eba \u201cPrimo Levi \u2013 biografski strip\u201d"},"content":{"rendered":"\n<p>Tekst: Matteo Mastragostino<\/p>\n\n\n\n<p>Crte\u017e: Alessandro Ranghiasci<\/p>\n\n\n\n<p>Talijanski izdava\u010d: Becco Giallo Editore, Padova, 4\/2017.<\/p>\n\n\n\n<p>Izdava\u010d: Sandorf, Zagreb, 2\/2021.<\/p>\n\n\n\n<p>Preveo: Matija Marki\u010di\u0107 Didi<\/p>\n\n\n\n<p>Usred Drugog svjetskog rata u Italiji mladog su talijanskog kemi\u010dara \u017eidovskog porijekla Prima Levija uhitili talijanski fa\u0161isti i predali ga Nijemcima, koji su ga odveli u nacisti\u010dki logor smrti Auschwitz \u2013 on ga je nazivao lager, \u0161to je njema\u010dka rije\u010d za koncentracijski logor \u2013 ondje je pre\u017eivio dijelom zahvaljuju\u0107i pukoj sre\u0107i, a dijelom zbog toga \u0161to je kao kemi\u010dar bio poslan da radi u tvornici umjetne gume u robovskim uvjetima.<\/p>\n\n\n\n<p>Smrti Prima Levija dobro se sje\u0107am. Sje\u0107anje je to jedva desetogodi\u0161njega dje\u010daka [&#8230;]. Kad sam nakladniku BeccoGiallo predlo\u017eio pri\u010du o Primu Leviju, u\u010dinio sam to s odu\u0161evljenjem a pomalo i nepromi\u0161ljeno. Jer Primo Levi je napisao mnogo toga. Jer je Primo Levi mnogo i pripovijedao. Naum je bio napraviti pripovijest koja bi mogla govoriti o godinama fa\u0161izma, o progonu i o u\u017easu Auschwitza. Dobro sam znao da je nemogu\u0107e pripovijedati o svemu tome bolje od njega koji je to pro\u017eivio a nisam htio raditi kopiju njegovih knjiga. Zato sam odlu\u010dio pripovijedati Prima Levija, kojega sam mogao sresti prije njegove smrti. \u0160to bi Levi mogao re\u0107i dje\u010daku Matteu, pred trideset godina? [&#8230;]<br><br>Ovaj strip nije povijest Prima Levija, njegov \u017eivotopis, ve\u0107 je povijest mog Prima Levija. [&#8230;] Ovom pri\u010dom zatvaram krug vijesti koju sam \u010duo prije trideset godina, a ostala mi je teret u du\u0161i. Pri\u010da o mom Primu Leviju, \u010dovjeku koji se borio hrabro i koji je znao ustrajati, \u010dak i nadasve onda kad bi bilo lak\u0161e podle\u0107i.<\/p>\n\n\n\n<p>\u2013 Matteo Mastragostino<\/p>\n\n\n\n<p><br><strong><em>MATTEO MASTRAGOSTINO<\/em><\/strong><\/p>\n\n\n\n<p>Pisac i scenarist. Diplomirav\u0161i na studiju industrijskog dizajna na Politehnici u Milanu, odlu\u010duje iskoristiti svoju kreativnost na nekoliko podru\u010dja, kre\u0107u\u0107i se od grafi\u010dkog dizajna do kreativnoga pisanja te sura\u0111uju\u0107i kao slobodnjak s agencijama na nacionalnoj razini. Ve\u0107 vi\u0161e godina pi\u0161e za novine, tiskane i online, pi\u0161u\u0107i \u010dlanke o svakodnevici, sportu i obi\u010dajima.<\/p>\n\n\n\n<p>Primo Levi je njegov scenaristi\u010dki prvijenac.<\/p>\n\n\n\n<p><strong><em>ALESSANDRO RANGHIASCI<\/em><\/strong><em> <\/em>(1990.)<\/p>\n\n\n\n<p>Poha\u0111ao je \u0160kolu stripa u Rimu (Scuola Romana di Fumetti), a na Sveu\u010dili\u0161tu La Sapienza studirao je arheologiju. Diplomirav\u0161i, odlu\u010duje se u potpunosti posvetiti crtanju. Obavljao je neke poslove kao storyboard artist na filmu i u marketingu.<\/p>\n\n\n\n<p>Primo Levi je njegov crta\u010dki prvijenac.<\/p>\n\n\n\n<hr class=\"wp-block-separator\"\/>\n\n\n\n<p>Izvori i dodatne informacije:<\/p>\n\n\n\n<p><a href=\"https:\/\/iiczagabria.esteri.it\/iic_zagabria\/hr\/gli_eventi\/calendario\/2022\/01\/mostra-primo-levi-fumetto-biografico.html\">https:\/\/iiczagabria.esteri.it\/iic_zagabria\/hr\/gli_eventi\/calendario\/2022\/01\/mostra-primo-levi-fumetto-biografico.html<\/a><\/p>\n\n\n\n<p><a href=\"https:\/\/www.jutarnji.hr\/kultura\/art\/u-zagrebu-se-od-ovog-tjedna-moze-pogledati-izlozba-o-zatocenistvu-u-auschwitzu-prima-levija-15149490\">https:\/\/www.jutarnji.hr\/kultura\/art\/u-zagrebu-se-od-ovog-tjedna-moze-pogledati-izlozba-o-zatocenistvu-u-auschwitzu-prima-levija-15149490<\/a><\/p>\n\n\n\n<p><a href=\"https:\/\/www.24sata.hr\/news\/u-talijanskom-kulturnom-centru-otvara-se-izlozba-o-primu-leviju-811336\">https:\/\/www.24sata.hr\/news\/u-talijanskom-kulturnom-centru-otvara-se-izlozba-o-primu-leviju-811336<\/a><\/p>\n\n\n\n<hr class=\"wp-block-separator\"\/>\n","protected":false},"excerpt":{"rendered":"","protected":false},"author":2,"featured_media":29519,"comment_status":"open","ping_status":"open","sticky":false,"template":"","format":"standard","meta":{"_acf_changed":false,"jetpack_post_was_ever_published":false,"_jetpack_newsletter_access":"","_jetpack_dont_email_post_to_subs":false,"_jetpack_newsletter_tier_id":0,"_jetpack_memberships_contains_paywalled_content":false,"_jetpack_memberships_contains_paid_content":false,"footnotes":"","jetpack_publicize_message":"","jetpack_publicize_feature_enabled":true,"jetpack_social_post_already_shared":true,"jetpack_social_options":{"image_generator_settings":{"template":"highway","default_image_id":0,"font":"","enabled":false},"version":2}},"categories":[10,3],"tags":[],"class_list":["post-29516","post","type-post","status-publish","format-standard","has-post-thumbnail","hentry","category-izlozbe","category-novosti"],"acf":{"facebook_opis":""},"jetpack_publicize_connections":[],"jetpack_featured_media_url":"https:\/\/i0.wp.com\/historiografija.hr\/wp-content\/uploads\/2022\/01\/P-Levi.jpg?fit=912%2C546&ssl=1","jetpack_sharing_enabled":true,"jetpack-related-posts":[],"_links":{"self":[{"href":"https:\/\/historiografija.hr\/index.php?rest_route=\/wp\/v2\/posts\/29516","targetHints":{"allow":["GET"]}}],"collection":[{"href":"https:\/\/historiografija.hr\/index.php?rest_route=\/wp\/v2\/posts"}],"about":[{"href":"https:\/\/historiografija.hr\/index.php?rest_route=\/wp\/v2\/types\/post"}],"author":[{"embeddable":true,"href":"https:\/\/historiografija.hr\/index.php?rest_route=\/wp\/v2\/users\/2"}],"replies":[{"embeddable":true,"href":"https:\/\/historiografija.hr\/index.php?rest_route=%2Fwp%2Fv2%2Fcomments&post=29516"}],"version-history":[{"count":2,"href":"https:\/\/historiografija.hr\/index.php?rest_route=\/wp\/v2\/posts\/29516\/revisions"}],"predecessor-version":[{"id":29523,"href":"https:\/\/historiografija.hr\/index.php?rest_route=\/wp\/v2\/posts\/29516\/revisions\/29523"}],"wp:featuredmedia":[{"embeddable":true,"href":"https:\/\/historiografija.hr\/index.php?rest_route=\/wp\/v2\/media\/29519"}],"wp:attachment":[{"href":"https:\/\/historiografija.hr\/index.php?rest_route=%2Fwp%2Fv2%2Fmedia&parent=29516"}],"wp:term":[{"taxonomy":"category","embeddable":true,"href":"https:\/\/historiografija.hr\/index.php?rest_route=%2Fwp%2Fv2%2Fcategories&post=29516"},{"taxonomy":"post_tag","embeddable":true,"href":"https:\/\/historiografija.hr\/index.php?rest_route=%2Fwp%2Fv2%2Ftags&post=29516"}],"curies":[{"name":"wp","href":"https:\/\/api.w.org\/{rel}","templated":true}]}}