{"id":29513,"date":"2022-01-28T13:25:00","date_gmt":"2022-01-28T13:25:00","guid":{"rendered":"http:\/\/historiografija.hr\/?p=29513"},"modified":"2022-07-15T14:19:52","modified_gmt":"2022-07-15T14:19:52","slug":"zena-danas-1936-1940-bibliografija","status":"publish","type":"post","link":"https:\/\/historiografija.hr\/?p=29513","title":{"rendered":"\u017dena danas (1936\u20131940): bibliografija"},"content":{"rendered":"\n<p><strong>Larisa Kosti\u0107, Emilija A\u0107imovi\u0107<\/strong><\/p>\n\n\n\n<hr class=\"wp-block-separator\"\/>\n\n\n\n<p><strong>Izdava\u010d: <\/strong>Institut za knji\u017eevnost i umetnost<\/p>\n\n\n\n<p>Beograd, 2021.<\/p>\n\n\n\n<hr class=\"wp-block-separator\"\/>\n\n\n\n<p><strong>Sa\u017eetak:<\/strong><\/p>\n\n\n\n<p>Bibliografija prve serije \u010dasopisa <em>\u017dena danas<\/em> (1936\u20131940) objavljena je kao 33. knjiga edicije <em>Istorija srpske knji\u017eevne periodike<\/em>. Autorke su u\u010dinile dvostruki bibliografski i bibliote\u010dko-informati\u010dki posao uno\u0161enjem bibliografskih jedinica \u010dasopisa u elektronsku bazu COBISS. <em>\u017dena danas (1936\u20131940): bibliografija<\/em>, podrazumeva stoga i istu tu bibliografiju unetu u pomenuti jedinstveni informati\u010dko-bibliote\u010dki sistem, o \u010demu u \u0161tampanoj bibliografiji svedo\u010de UDK brojevi dodeljeni bibliografskim jedinicama.<\/p>\n\n\n\n<p>Rukopis monografije se sastoji iz slede\u0107ih delova: uvodne studije, same bibliografije tj. bibliografskog popisa \u010dasopisnih \u010dlanaka, literature, imenskog registra i predmetnog registra.<\/p>\n\n\n\n<p>U uvodnoj studiji su Larisa Kosti\u0107 i Emilija A\u0107imovi\u0107 pored osnovnih podataka, tzv. li\u010dne karte \u010dasopisa, pru\u017eile i tuma\u010denja pojave \u010dasopisa i njegove uredni\u010dke politike. Tako\u0111e su objasnile svoje stru\u010dne izbore pri izradi bibliografije, kao i proces rada, tj. razre\u0161enja nedoumica koje su se tokom rada pojavljivale. Bibliografija je sastavljena postupkom <em>de visu<\/em>, a bibliografski opis je ura\u0111en prema me\u0111unarodnom standardu ISBD(CP). Jedinice se navode jezikom i pismom \u010dlanaka. Anotacije su ra\u0111ene tako da je \u0161ire obja\u0161njenje dato onda kada razumevanje pojave tj. izvora \u010dlanka to zahteva. Ilustracije u vidu crte\u017ea, fotokola\u017ea, fotografije i reprodukcija slika navo\u0111ene su anotaciji kao sastavni deo \u010dlanka, uz pisanje imena autora uvek kada je ono poznato. U Imenskom registru su po azbu\u010dnom redosledu popisani autori i pseudonimi. Predmetni registar je, kao i imenski, ura\u0111en vrlo pa\u017eljivo, i na jasan na\u010din otrkiva koje su bile osnovne preokupacije saradnica i saradnika \u010dasopisa odnosno \u0161ta su topoi njegove uredni\u010dke politike \u2013 pacifizam, feminizam, \u017eensko iskustvo, pedagogija, knji\u017eevnost, likovna umetnost i film.<\/p>\n\n\n\n<p>Sama bibliografija kao sredi\u0161nji i najva\u017eniji deo monografije sastoji se od \u0161estopedeset jedinica organizovanih u dvadeset devet ve\u0107ih jedinica \u2013 \u010dasopisnih brojeva. U okviru istra\u017eivanja periodike u Institutu za knji\u017eevnost i umetnost, zahteva se \u2013 izuzev kod obrade dnevne \u0161tampe u letopisima kulturnog \u017eivota \u2013 o\u010duvanje i vidljivost \u010dasopisnog broja kao celine, tj. osnovne jedinice prou\u010davanja, pa samim tim i principa organizacije bibliografije.<\/p>\n\n\n\n<p><strong>Klju\u010dne re\u010di:<\/strong><\/p>\n\n\n\n<p><em>\u017dena danas<\/em> (1936\u20131940), bibliografija, periodika, bibliografija periodike, Kraljevina Jugoslavija, istorija srpske knji\u017eevne periodike, omladinska periodika, ilustrovani magazin, feministi\u010dka periodika, internacionalna mre\u017ea antifa\u0161isti\u010dke periodike<\/p>\n\n\n\n<hr class=\"wp-block-separator\"\/>\n\n\n\n<p>Izvor:<\/p>\n\n\n\n<p><a href=\"https:\/\/www.ikum.org.rs\/editions.php?id=151\">https:\/\/www.ikum.org.rs\/editions.php?id=151<\/a><\/p>\n\n\n\n<p><a href=\"https:\/\/www.ikum.org.rs\/lat\/editions.php?id=151\">https:\/\/www.ikum.org.rs\/lat\/editions.php?id=151<\/a><\/p>\n\n\n\n<hr class=\"wp-block-separator\"\/>\n\n\n\n<p>Predratni brojevi <em>\u017dene danas<\/em> predstavljaju veoma zna\u010dajnu bazu istorijskih izvora za prou\u010davanje aktivnosti komunistkinja i simpatizerki, tada zabranjene Komunisti\u010dke partije. Za period me\u0111uratne Jugoslavije ne postoji dovoljno primarnih istorijskih izvora, u arhivima gotovo da nema gra\u0111e vezane za \u017eensko organizovanje uop\u0161te, a posebno ne za rad levi\u010darki koje su bile vi\u0161estruko marginalizovane, po rodnoj i po ideolo\u0161koj osnovi. Predratne levi\u010darke su u zvani\u010dnim politikama se\u0107anja potpuno nevidljive, osim kada govorimo o periodici. To je jedan od glavnih razloga zbog koga je zna\u010daj i doprinos <em>\u017dene danas<\/em> veoma va\u017ean i bitan danas. Na osnovu analize sadr\u017eaja \u010dasopisa mogu\u0107e je postaviti mlade komunistkinje na mesto koje im u kolektivnom se\u0107anju svakako zaslu\u017eeno pripada. Izrada i \u0161tampanje ove bibliografije predstavljaju deo tog zna\u010dajnog poduhvata. Pored ove, primarno \u017eenske i feministi\u010dke vrednosti, sadr\u017eaji ovoga \u010dasopisa duboko su antiimperijalisti\u010dki, antifa\u0161isti\u010dki i pacifisti\u010dki. Sve navedene vrednosti predstavljaju univerzalne paradigme, \u010desto odsutne u savremenim dru\u0161tvima. Zbog svega navedenog smatram da rukopis <em>\u017dena danas (1936-1940): bibliografija <\/em>u sebi sa\u017eima vi\u0161ezna\u010dne vrednosti i doprinose izu\u010davanju periodike, istorije \u017eenskog aktivizma, istorije levi\u010darskih pokreta i ideja u me\u0111uratnoj Jugoslaviji.<\/p>\n\n\n\n<p>(Iz recenzije Ivane Panteli\u0107)<\/p>\n\n\n\n<hr class=\"wp-block-separator\"\/>\n","protected":false},"excerpt":{"rendered":"","protected":false},"author":2,"featured_media":29514,"comment_status":"open","ping_status":"open","sticky":false,"template":"","format":"standard","meta":{"_acf_changed":false,"jetpack_post_was_ever_published":false,"_jetpack_newsletter_access":"","_jetpack_dont_email_post_to_subs":false,"_jetpack_newsletter_tier_id":0,"_jetpack_memberships_contains_paywalled_content":false,"_jetpack_memberships_contains_paid_content":false,"footnotes":"","jetpack_publicize_message":"","jetpack_publicize_feature_enabled":true,"jetpack_social_post_already_shared":true,"jetpack_social_options":{"image_generator_settings":{"template":"highway","default_image_id":0,"font":"","enabled":false},"version":2}},"categories":[21,8,3],"tags":[],"class_list":["post-29513","post","type-post","status-publish","format-standard","has-post-thumbnail","hentry","category-casopisi","category-knjige","category-novosti"],"acf":{"facebook_opis":""},"jetpack_publicize_connections":[],"jetpack_featured_media_url":"https:\/\/i0.wp.com\/historiografija.hr\/wp-content\/uploads\/2022\/01\/zena-danas.jpg?fit=217%2C312&ssl=1","jetpack_sharing_enabled":true,"jetpack-related-posts":[],"_links":{"self":[{"href":"https:\/\/historiografija.hr\/index.php?rest_route=\/wp\/v2\/posts\/29513","targetHints":{"allow":["GET"]}}],"collection":[{"href":"https:\/\/historiografija.hr\/index.php?rest_route=\/wp\/v2\/posts"}],"about":[{"href":"https:\/\/historiografija.hr\/index.php?rest_route=\/wp\/v2\/types\/post"}],"author":[{"embeddable":true,"href":"https:\/\/historiografija.hr\/index.php?rest_route=\/wp\/v2\/users\/2"}],"replies":[{"embeddable":true,"href":"https:\/\/historiografija.hr\/index.php?rest_route=%2Fwp%2Fv2%2Fcomments&post=29513"}],"version-history":[{"count":1,"href":"https:\/\/historiografija.hr\/index.php?rest_route=\/wp\/v2\/posts\/29513\/revisions"}],"predecessor-version":[{"id":29515,"href":"https:\/\/historiografija.hr\/index.php?rest_route=\/wp\/v2\/posts\/29513\/revisions\/29515"}],"wp:featuredmedia":[{"embeddable":true,"href":"https:\/\/historiografija.hr\/index.php?rest_route=\/wp\/v2\/media\/29514"}],"wp:attachment":[{"href":"https:\/\/historiografija.hr\/index.php?rest_route=%2Fwp%2Fv2%2Fmedia&parent=29513"}],"wp:term":[{"taxonomy":"category","embeddable":true,"href":"https:\/\/historiografija.hr\/index.php?rest_route=%2Fwp%2Fv2%2Fcategories&post=29513"},{"taxonomy":"post_tag","embeddable":true,"href":"https:\/\/historiografija.hr\/index.php?rest_route=%2Fwp%2Fv2%2Ftags&post=29513"}],"curies":[{"name":"wp","href":"https:\/\/api.w.org\/{rel}","templated":true}]}}