{"id":29476,"date":"2022-01-27T12:55:18","date_gmt":"2022-01-27T12:55:18","guid":{"rendered":"http:\/\/historiografija.hr\/?p=29476"},"modified":"2022-01-27T12:55:18","modified_gmt":"2022-01-27T12:55:18","slug":"izlozba-nisu-mogli-naci-veceg-da-ih-proslavi-mestrovicev-spomenik-u-chicagu","status":"publish","type":"post","link":"https:\/\/historiografija.hr\/?p=29476","title":{"rendered":"Izlo\u017eba &#8216;Nisu mogli na\u0107i ve\u0107eg da ih proslavi&#8217;: Me\u0161trovi\u0107ev spomenik u Chicagu"},"content":{"rendered":"\n<p>Izlo\u017eba &#8216;Nisu mogli na\u0107i ve\u0107eg da ih proslavi&#8217;: Me\u0161trovi\u0107ev spomenik u Chicagu predstavlja se od 28. sije\u010dnja do 11. velja\u010de 2022. u&nbsp;Kulturnom centru u Otavicama (nekada\u0161nja osnovna \u0161kola).&nbsp;Izlo\u017eba&nbsp;obra\u0111uje proces nastanka Spomenika Indijancima kojeg je Ivan Me\u0161trovi\u0107 izradio 1928. godine za Grant Park u Chicagu na poziv odbora Ferguson fonda i Instituta za umjetnost u Chicagu.&nbsp;<\/p>\n\n\n\n<p>Kroz izbor povijesnih fotografija iz razdoblja nastanka spomenika, izlo\u017eba prikazuje razli\u010dite faze njegova stvaranja, po\u010dev\u0161i od samog natje\u010daja, odabranih modela, produkcije, transporta, reakcije javnosti u Hrvatskoj i Sjedinjenim Ameri\u010dkim Dr\u017eavama, do zna\u010denja koja se vezuju uz spomenik danas. Uz fotografije se prikazuje i originalni film iz vremena kojim je popra\u0107en cijeli proces nastanka spomenika.<\/p>\n\n\n\n<p><br>Autor izlo\u017ebe je An\u0111elko Mihanovi\u0107, a grafi\u010dko oblikovanje potpisuje Josip Rajevi\u0107. Izlo\u017eba ostaje otvorena do 11. velja\u010de 2022.<\/p>\n\n\n\n<hr class=\"wp-block-separator\"\/>\n\n\n\n<p>Izvor:<\/p>\n\n\n\n<p><a href=\"https:\/\/www.culturenet.hr\/hr\/izlozba-nisu-mogli-naci-veceg-da-ih-proslavi-mestrovicev-spomenik-u-chicagu\/175728\">https:\/\/www.culturenet.hr\/hr\/izlozba-nisu-mogli-naci-veceg-da-ih-proslavi-mestrovicev-spomenik-u-chicagu\/175728<\/a><\/p>\n\n\n\n<hr class=\"wp-block-separator\"\/>\n","protected":false},"excerpt":{"rendered":"","protected":false},"author":2,"featured_media":29477,"comment_status":"open","ping_status":"open","sticky":false,"template":"","format":"standard","meta":{"_acf_changed":false,"jetpack_post_was_ever_published":false,"_jetpack_newsletter_access":"","_jetpack_dont_email_post_to_subs":false,"_jetpack_newsletter_tier_id":0,"_jetpack_memberships_contains_paywalled_content":false,"_jetpack_memberships_contains_paid_content":false,"footnotes":"","jetpack_publicize_message":"","jetpack_publicize_feature_enabled":true,"jetpack_social_post_already_shared":true,"jetpack_social_options":{"image_generator_settings":{"template":"highway","default_image_id":0,"font":"","enabled":false},"version":2}},"categories":[10,3],"tags":[],"class_list":["post-29476","post","type-post","status-publish","format-standard","has-post-thumbnail","hentry","category-izlozbe","category-novosti"],"acf":{"facebook_opis":""},"jetpack_publicize_connections":[],"jetpack_featured_media_url":"https:\/\/i0.wp.com\/historiografija.hr\/wp-content\/uploads\/2022\/01\/mestrovic_noc-muzeja-2022.jpg?fit=621%2C869&ssl=1","jetpack_sharing_enabled":true,"jetpack-related-posts":[],"_links":{"self":[{"href":"https:\/\/historiografija.hr\/index.php?rest_route=\/wp\/v2\/posts\/29476","targetHints":{"allow":["GET"]}}],"collection":[{"href":"https:\/\/historiografija.hr\/index.php?rest_route=\/wp\/v2\/posts"}],"about":[{"href":"https:\/\/historiografija.hr\/index.php?rest_route=\/wp\/v2\/types\/post"}],"author":[{"embeddable":true,"href":"https:\/\/historiografija.hr\/index.php?rest_route=\/wp\/v2\/users\/2"}],"replies":[{"embeddable":true,"href":"https:\/\/historiografija.hr\/index.php?rest_route=%2Fwp%2Fv2%2Fcomments&post=29476"}],"version-history":[{"count":1,"href":"https:\/\/historiografija.hr\/index.php?rest_route=\/wp\/v2\/posts\/29476\/revisions"}],"predecessor-version":[{"id":29478,"href":"https:\/\/historiografija.hr\/index.php?rest_route=\/wp\/v2\/posts\/29476\/revisions\/29478"}],"wp:featuredmedia":[{"embeddable":true,"href":"https:\/\/historiografija.hr\/index.php?rest_route=\/wp\/v2\/media\/29477"}],"wp:attachment":[{"href":"https:\/\/historiografija.hr\/index.php?rest_route=%2Fwp%2Fv2%2Fmedia&parent=29476"}],"wp:term":[{"taxonomy":"category","embeddable":true,"href":"https:\/\/historiografija.hr\/index.php?rest_route=%2Fwp%2Fv2%2Fcategories&post=29476"},{"taxonomy":"post_tag","embeddable":true,"href":"https:\/\/historiografija.hr\/index.php?rest_route=%2Fwp%2Fv2%2Ftags&post=29476"}],"curies":[{"name":"wp","href":"https:\/\/api.w.org\/{rel}","templated":true}]}}