{"id":29456,"date":"2022-01-27T11:00:02","date_gmt":"2022-01-27T11:00:02","guid":{"rendered":"http:\/\/historiografija.hr\/?p=29456"},"modified":"2022-01-27T11:00:52","modified_gmt":"2022-01-27T11:00:52","slug":"dokukino-ciklus-dokumentarnih-filmova-o-obiteljskim-portretima-i-povijesti-obitelji","status":"publish","type":"post","link":"https:\/\/historiografija.hr\/?p=29456","title":{"rendered":"\u201cDokukino\u201d: ciklus dokumentarnih filmova o obiteljskim portretima i povijesti obitelji"},"content":{"rendered":"\n<p>Svaki tekst o obiteljima na odre\u0111eni na\u010din doziva citat iz Tolstojeve <em>Ane Karenjine<\/em> o jednostavnosti sre\u0107e i kompleksnosti nesre\u0107e, no u ovom ciklusu donosimo pet filmskih naslova koji kroz prizmu krvno srodne zajednice rastvaraju postoje\u0107e dru\u0161tvene kontekste i, povremeno, barijere.<\/p>\n\n\n\n<p>Program otvaramo vi\u0161estruko nagra\u0111ivanim festivalskim uspje\u0161nicama, iransko-\u0161vicarskim filmom <em><strong>Obiteljska rendgenska slika<\/strong><\/em> i portugalskom <em><strong>Metamorfozom ptica<\/strong><\/em>, te nastavljamo zapa\u017eenim regionalnim ostvarenjima, srednjemetra\u017enim&nbsp;<em><strong>\u010cekaj me<\/strong><\/em> i&nbsp;<em><strong>Pismo ocu<\/strong><\/em>, uz intrigantni film Vitalija Manskog<em>,<\/em>&nbsp;<em><strong>Rodbina<\/strong><\/em>, redatelja \u010diji najnoviji film o posljednjem predsjedniku SSSR-a <a href=\"https:\/\/dokukino.net\/film\/gorbacov-raj\/2022-02-03\/\"><em><strong>Gorba\u010dov. Raj<\/strong><\/em><\/a> kre\u0107e u distribuciju u \u010detvrtak 3. velja\u010de.<\/p>\n\n\n\n<p>Program u <strong>petak 28. sije\u010dnja<\/strong> i <strong>subotu 29. sije\u010dnja<\/strong> donosi projekcije uspje\u0161nog i iznimno osobnog filma redateljice Firouzeh Khosrovani o slo\u017eenom braku njezinih roditelja. <strong><a href=\"https:\/\/dokukino.net\/film\/obiteljska-rendgenska-slika\/2022-01-28\/\"><em>Obiteljska rendgenska slika<\/em><\/a><\/strong>, koja je nagra\u0111ena kao najbolji dugometra\u017eni dokumentarac na presti\u017enom amsterdamskom festivalu IDFA, sastavljena je od obiteljskih fotografija i mnogih arhivskih materijala iz povijesti redatelji\u010dine obitelji, uz rekonstruirane i zami\u0161ljene dijaloge me\u0111u raznim \u010dlanovima koji produbljuju prikaz odnosa izme\u0111u jedne pobo\u017ene Muslimanke i zapadnja\u010dki orijentiranog radiologa. U \u0161ire dru\u0161tvenom kontekstu dobijamo uvid u turbulentni, revolucionarni Iran \u201960-ih.<\/p>\n\n\n\n<p>Portugalska redateljica Catarina Vasconcelos za svoj poeti\u010dni dokumentarni film\u00a0<strong><em><a href=\"https:\/\/dokukino.net\/film\/metamorfoza-ptica\/2022-01-28\/\">Metamorfoza ptica<\/a><\/em><\/strong> osvojila je, me\u0111u ostalim, nagradu FIPRESCI na Berlinaleu 2020., nagradu za najbolji me\u0111unarodni dokumentarac na prizrenskom Dokufestu i vi\u0161e nagrada na IndieLisboa. U maniri magijskog realizma komponira obiteljsku sagu istkanu pismima i svjedo\u010danstvima oca i k\u0107eri nakon gubitka njihovih majki. Film se izmi\u010de o\u010dekivanim narativnim strukturama i kronologijama, a primi\u010de hibridnim inovacijama, onkraj \u201cgranica\u201d dokumentarizma. Osim osobnih povijesti formira se i slika kolonijalisti\u010dke povijesti Portugala u pomno komponiranoj tablo-estetici.<\/p>\n\n\n\n<p>U&nbsp;<strong>nedjelju 30. sije\u010dnja<\/strong> u 19 sati prikazujemo pravu emocionalno odmjerenu doku-poslasticu Damira Markovine, vi\u0161estruko nagra\u0111ivani film&nbsp;<a href=\"https:\/\/dokukino.net\/film\/cekaj-me\/\"><em><strong>\u010cekaj me<\/strong><\/em><\/a> koji nam donosi pri\u010du o odnosu majke i k\u0107eri u poznim godinama u postratnoj stvarnosti, te ranije ostvarenje zapa\u017eenog srpskog redatelja Sr\u0111ana Ke\u010de,&nbsp;<strong><a href=\"https:\/\/dokukino.net\/film\/pismo-ocu\/\"><em>Pismo ocu<\/em><\/a><\/strong>, u kojem autor tra\u017ei lice oca, u njegovoj odsutnosti. Oba srednjometra\u017ena ostvarenja zapanjuju svojom nenametljivom iskreno\u0161\u0107u i emotivno\u0161\u0107u, bez potenciranja nepotrebnih sentimentalnosti, ali na uzvi\u0161en na\u010din.<\/p>\n\n\n\n<p>Ovotjedni ciklus zatvaramo filmom Vitalija Manskog <strong><a href=\"https:\/\/dokukino.net\/film\/rodbina\/\"><em>Rodbina<\/em><\/a><\/strong> koji je obi\u0161ao svijet. I on se okre\u0107e vlastitoj povijesti, obiteljskoj situaciji u kojoj se ogleda stvarnost podijeljene Ukrajine. Manski \u017eeli prikazati svoju zemlju van ograni\u010denja medijski perpetuiranog sukoba Istoka i Zapada, te nakon revolucije 2013. s kamerom obilazi \u010dlanove svoje obitelji, u Ukrajini, na Krimu i u Donjecku ne bi li realnije oslikao perspektivu ukrajinskog stanovni\u0161tva. Rije\u010d je o dugom putovanju, metafori\u010dkom i doslovnom, koje, kako pi\u0161e Carmen Grey za Cineuropa, poku\u0161ava shvatiti \u201ckorijene nacionalizma i frikcije identiteta\u201d.<\/p>\n\n\n\n<p>Ulaznice za sve filmove mo\u017eete kupiti na pojedinim stranicama filmova (putem PayPala) ili rezervirati mailom. O epidemiolo\u0161kim mjerama koje su na snazi, kao i potrebnim potvrdama za ulazak u kino \u010ditajte\u00a0<a href=\"https:\/\/dokukino.net\/novosti\/covid-potvrde-za-ulazak-u-dokukino-kic\/\">ovdje<\/a>.<\/p>\n\n\n\n<hr class=\"wp-block-separator\"\/>\n\n\n\n<p>Izvor:<\/p>\n\n\n\n<figure class=\"wp-block-embed-wordpress wp-block-embed is-type-wp-embed is-provider-dokukino-kic-kino-sa-stavom\"><div class=\"wp-block-embed__wrapper\">\n<blockquote class=\"wp-embedded-content\" data-secret=\"JzNO0L56eW\"><a href=\"https:\/\/dokukino.net\/novosti\/obiteljski-portreti-ciklus-poeticnih-i-intimnih-dokumentaraca-o-rodbinskim-odnosima\/\">Obiteljski portreti: Ciklus poeti\u010dnih i intimnih dokumentaraca o rodbinskim odnosima<\/a><\/blockquote><iframe loading=\"lazy\" class=\"wp-embedded-content\" sandbox=\"allow-scripts\" security=\"restricted\" style=\"position: absolute; clip: rect(1px, 1px, 1px, 1px);\" title=\"&#8220;Obiteljski portreti: Ciklus poeti\u010dnih i intimnih dokumentaraca o rodbinskim odnosima&#8221; &#8212; Dokukino KIC - Kino sa stavom\" src=\"https:\/\/dokukino.net\/novosti\/obiteljski-portreti-ciklus-poeticnih-i-intimnih-dokumentaraca-o-rodbinskim-odnosima\/embed\/#?secret=JzNO0L56eW\" data-secret=\"JzNO0L56eW\" width=\"600\" height=\"338\" frameborder=\"0\" marginwidth=\"0\" marginheight=\"0\" scrolling=\"no\"><\/iframe>\n<\/div><\/figure>\n\n\n\n<hr class=\"wp-block-separator\"\/>\n","protected":false},"excerpt":{"rendered":"","protected":false},"author":2,"featured_media":29457,"comment_status":"open","ping_status":"open","sticky":false,"template":"","format":"standard","meta":{"_acf_changed":false,"jetpack_post_was_ever_published":false,"_jetpack_newsletter_access":"","_jetpack_dont_email_post_to_subs":false,"_jetpack_newsletter_tier_id":0,"_jetpack_memberships_contains_paywalled_content":false,"_jetpack_memberships_contains_paid_content":false,"footnotes":"","jetpack_publicize_message":"","jetpack_publicize_feature_enabled":true,"jetpack_social_post_already_shared":true,"jetpack_social_options":{"image_generator_settings":{"template":"highway","default_image_id":0,"font":"","enabled":false},"version":2}},"categories":[13,3],"tags":[],"class_list":["post-29456","post","type-post","status-publish","format-standard","has-post-thumbnail","hentry","category-filmovi-i-serije","category-novosti"],"acf":{"facebook_opis":""},"jetpack_publicize_connections":[],"jetpack_featured_media_url":"https:\/\/i0.wp.com\/historiografija.hr\/wp-content\/uploads\/2022\/01\/Dokukino-2022.jpeg?fit=1920%2C1440&ssl=1","jetpack_sharing_enabled":true,"jetpack-related-posts":[],"_links":{"self":[{"href":"https:\/\/historiografija.hr\/index.php?rest_route=\/wp\/v2\/posts\/29456","targetHints":{"allow":["GET"]}}],"collection":[{"href":"https:\/\/historiografija.hr\/index.php?rest_route=\/wp\/v2\/posts"}],"about":[{"href":"https:\/\/historiografija.hr\/index.php?rest_route=\/wp\/v2\/types\/post"}],"author":[{"embeddable":true,"href":"https:\/\/historiografija.hr\/index.php?rest_route=\/wp\/v2\/users\/2"}],"replies":[{"embeddable":true,"href":"https:\/\/historiografija.hr\/index.php?rest_route=%2Fwp%2Fv2%2Fcomments&post=29456"}],"version-history":[{"count":2,"href":"https:\/\/historiografija.hr\/index.php?rest_route=\/wp\/v2\/posts\/29456\/revisions"}],"predecessor-version":[{"id":29459,"href":"https:\/\/historiografija.hr\/index.php?rest_route=\/wp\/v2\/posts\/29456\/revisions\/29459"}],"wp:featuredmedia":[{"embeddable":true,"href":"https:\/\/historiografija.hr\/index.php?rest_route=\/wp\/v2\/media\/29457"}],"wp:attachment":[{"href":"https:\/\/historiografija.hr\/index.php?rest_route=%2Fwp%2Fv2%2Fmedia&parent=29456"}],"wp:term":[{"taxonomy":"category","embeddable":true,"href":"https:\/\/historiografija.hr\/index.php?rest_route=%2Fwp%2Fv2%2Fcategories&post=29456"},{"taxonomy":"post_tag","embeddable":true,"href":"https:\/\/historiografija.hr\/index.php?rest_route=%2Fwp%2Fv2%2Ftags&post=29456"}],"curies":[{"name":"wp","href":"https:\/\/api.w.org\/{rel}","templated":true}]}}