{"id":29432,"date":"2022-01-26T11:49:45","date_gmt":"2022-01-26T11:49:45","guid":{"rendered":"http:\/\/historiografija.hr\/?p=29432"},"modified":"2022-09-19T13:32:28","modified_gmt":"2022-09-19T13:32:28","slug":"obiljezavanje-medunarodnog-dana-sjecanja-na-zrtve-holokausta-u-rijeci-okrugli-stol-nema-malih-fasizama-i-predstava-eichmann-u-jeruzalemu","status":"publish","type":"post","link":"https:\/\/historiografija.hr\/?p=29432","title":{"rendered":"Obilje\u017eavanje Me\u0111unarodnog dana sje\u0107anja na \u017ertve holokausta u Rijeci: okrugli stol &#8216;Nema malih fa\u0161izama&#8217; i predstava &#8216;Eichmann u Jeruzalemu&#8217;"},"content":{"rendered":"\n<p>Povodom obilje\u017eavanja Me\u0111unarodnog dana sje\u0107anja na \u017ertve holokausta, HKD na Su\u0161aku, uz potporu Grada Rijeke i Ministarstva kulture i medija Republike Hrvatske, 27. sije\u010dnja, u 19 sati, na svojoj pozornici prikazuje predstavu &#8216;Eichmann u Jeruzalemu&#8217; te 28. sije\u010dnja, u 13 sati, u Gradskoj vije\u0107nici organizira okrugli stol &#8216;Nema malih fa\u0161izama&#8217;.<\/p>\n\n\n\n<hr class=\"wp-block-separator\"\/>\n\n\n\n<p><br>Predstavu &#8216;Eichmann u Jeruzalemu&#8217; Zagreba\u010dkog kazali\u0161ta mladih (ZeKaEm), u re\u017eiji Jerneja Lorencija mnogi su kriti\u010dari proglasili najva\u017enijim kulturnim doga\u0111ajem u zemlji u 2019. godini. U predstavi glume sve redom istaknuti glumci ZKM-a: Katarina Bistrovi\u0107 Darva\u0161, Pjer Meni\u010danin, Frano Ma\u0161kovi\u0107, Vedran \u017divoli\u0107, Lucija \u0160erbed\u017eija, Rakan Rushaidat, Dado \u0106osi\u0107 i Mia Melcher.<br>&nbsp;<br>Ta emotivno sna\u017ena dokumentaristi\u010dka predstava nadahnuta je istoimenim tekstom Hanne Arendt i bavi se pojmovima zla i odgovornosti te nacizmom i holokaustom kao njihovim najstra\u0161nijim manifestacijama, a premijerno je izvedena u o\u017eujku 2019. u trenutku ja\u010danja ne samo desnice u Europi nego i istodobna revizionisti\u010dkog odnosa prema hrvatskom antifa\u0161isti\u010dkom povijesnom naslje\u0111u.<br>&nbsp;<br>Njezin je sadr\u017eaj u mnogo\u010demu dopuna nastavi iz povijesti, hrvatskog jezika, filozofije, psihologije, ali je komplementaran i ukupnom obrazovnom procesu koji se temelji na poticanju kriti\u010dkog razmi\u0161ljanja i problemskog rje\u0161avanja kod djece i mladih. Potvr\u0111uje to i preporuka Ministarstva znanosti i obrazovanja te Agencije za odgoj i obrazovanje, koji su tu predstavu prepoznali kao va\u017enu polugu u senzibiliziranju mladih generacija za razli\u010dite oblike netolerancije i diskriminacije te poticanje na promi\u0161ljanje i djelovanje u svijetu u kojem \u017eive.<br>&nbsp;<br>Ulaznice po cijeni od 80 kn mogu\u0107e je kupiti sat vremena prije po\u010detka doga\u0111anja na blagajni HKD-a bez dodatne naknade ili online na <a rel=\"noreferrer noopener\" href=\"https:\/\/www.mojekarte.hr\/hr\/zekaem-eichmann-u-jeruzalemu\/tickets-598514.html\" target=\"_blank\">mojekarte.hr<\/a>, u Dallas Music Shopu, Foto Reviji i New Soundu (Matulji) uz naknadu od dodatnih 5 kn za obradu transakcije.<br>&nbsp;<br>Sudionici Okruglog stola koji \u0107e se odr\u017eati u Gradskoj vije\u0107nici na adresi Korzo 16 bit \u0107e Oleg Mandi\u0107, prof.dr.sc. Ivo Goldstein, prof. Rina Brumini i glumac u predstavi Dado \u0106osi\u0107, a moderator prof.dr.sc. Nikola Petkovi\u0107.<br><br>Ulazak u Gradsku vije\u0107nicu bit \u0107e omogu\u0107en isklju\u010divo uz prethodno potvr\u0111en dolazak putem e-maila <a href=\"mailto:protokol@rijeka.hr\">protokol@rijeka.hr<\/a> i uz predo\u010denje valjane COVID potvrde. Dolazak je mogu\u0107e potvrditi najkasnije do 27. sije\u010dnja.<\/p>\n\n\n\n<p>Okrugli stol mo\u0107i \u0107e se pratiti i online, na YouTube kanalu Grada Rijeke.<\/p>\n\n\n\n<hr class=\"wp-block-separator\"\/>\n\n\n\n<p>Izvor i dodatne informacije:<\/p>\n\n\n\n<p><a href=\"https:\/\/www.culturenet.hr\/hr\/rijeka-obiljezavanje-medjunarodnog-dana-sjecanja-na-zrtve-holokausta-uz-okrugli-stol-i-predstavu-eichmann-u-jeruzalemu\/175624\">https:\/\/www.culturenet.hr\/hr\/rijeka-obiljezavanje-medjunarodnog-dana-sjecanja-na-zrtve-holokausta-uz-okrugli-stol-i-predstavu-eichmann-u-jeruzalemu\/175624<\/a><\/p>\n\n\n\n<figure class=\"wp-block-embed-wordpress wp-block-embed is-type-wp-embed is-provider-hrvatski-kulturni-dom-na-susaku\"><div class=\"wp-block-embed__wrapper\">\n<blockquote class=\"wp-embedded-content\" data-secret=\"jCoYBhEKKW\"><a href=\"https:\/\/hkd-rijeka.hr\/\">Naslovna<\/a><\/blockquote><iframe loading=\"lazy\" class=\"wp-embedded-content\" sandbox=\"allow-scripts\" security=\"restricted\" style=\"position: absolute; clip: rect(1px, 1px, 1px, 1px);\" title=\"&#8220;Naslovna&#8221; &#8212; Hrvatski kulturni dom na Su\u0161aku\" src=\"https:\/\/hkd-rijeka.hr\/embed\/#?secret=jCoYBhEKKW\" data-secret=\"jCoYBhEKKW\" width=\"600\" height=\"338\" frameborder=\"0\" marginwidth=\"0\" marginheight=\"0\" scrolling=\"no\"><\/iframe>\n<\/div><\/figure>\n\n\n\n<hr class=\"wp-block-separator\"\/>\n","protected":false},"excerpt":{"rendered":"","protected":false},"author":2,"featured_media":29433,"comment_status":"open","ping_status":"open","sticky":false,"template":"","format":"standard","meta":{"_acf_changed":false,"jetpack_post_was_ever_published":false,"_jetpack_newsletter_access":"","_jetpack_dont_email_post_to_subs":false,"_jetpack_newsletter_tier_id":0,"_jetpack_memberships_contains_paywalled_content":false,"_jetpack_memberships_contains_paid_content":false,"footnotes":"","jetpack_publicize_message":"","jetpack_publicize_feature_enabled":true,"jetpack_social_post_already_shared":true,"jetpack_social_options":{"image_generator_settings":{"template":"highway","default_image_id":0,"font":"","enabled":false},"version":2}},"categories":[22,3],"tags":[],"class_list":["post-29432","post","type-post","status-publish","format-standard","has-post-thumbnail","hentry","category-kazalisne-predstave","category-novosti"],"acf":{"facebook_opis":""},"jetpack_publicize_connections":[],"jetpack_featured_media_url":"https:\/\/i0.wp.com\/historiografija.hr\/wp-content\/uploads\/2022\/01\/eichmann.jpg?fit=768%2C576&ssl=1","jetpack_sharing_enabled":true,"jetpack-related-posts":[],"_links":{"self":[{"href":"https:\/\/historiografija.hr\/index.php?rest_route=\/wp\/v2\/posts\/29432","targetHints":{"allow":["GET"]}}],"collection":[{"href":"https:\/\/historiografija.hr\/index.php?rest_route=\/wp\/v2\/posts"}],"about":[{"href":"https:\/\/historiografija.hr\/index.php?rest_route=\/wp\/v2\/types\/post"}],"author":[{"embeddable":true,"href":"https:\/\/historiografija.hr\/index.php?rest_route=\/wp\/v2\/users\/2"}],"replies":[{"embeddable":true,"href":"https:\/\/historiografija.hr\/index.php?rest_route=%2Fwp%2Fv2%2Fcomments&post=29432"}],"version-history":[{"count":2,"href":"https:\/\/historiografija.hr\/index.php?rest_route=\/wp\/v2\/posts\/29432\/revisions"}],"predecessor-version":[{"id":32669,"href":"https:\/\/historiografija.hr\/index.php?rest_route=\/wp\/v2\/posts\/29432\/revisions\/32669"}],"wp:featuredmedia":[{"embeddable":true,"href":"https:\/\/historiografija.hr\/index.php?rest_route=\/wp\/v2\/media\/29433"}],"wp:attachment":[{"href":"https:\/\/historiografija.hr\/index.php?rest_route=%2Fwp%2Fv2%2Fmedia&parent=29432"}],"wp:term":[{"taxonomy":"category","embeddable":true,"href":"https:\/\/historiografija.hr\/index.php?rest_route=%2Fwp%2Fv2%2Fcategories&post=29432"},{"taxonomy":"post_tag","embeddable":true,"href":"https:\/\/historiografija.hr\/index.php?rest_route=%2Fwp%2Fv2%2Ftags&post=29432"}],"curies":[{"name":"wp","href":"https:\/\/api.w.org\/{rel}","templated":true}]}}