{"id":29423,"date":"2022-01-26T11:13:36","date_gmt":"2022-01-26T11:13:36","guid":{"rendered":"http:\/\/historiografija.hr\/?p=29423"},"modified":"2022-01-26T11:54:31","modified_gmt":"2022-01-26T11:54:31","slug":"izlozba-i-okrugli-stol-konacno-rjesenje-jevrejskog-pitanja","status":"publish","type":"post","link":"https:\/\/historiografija.hr\/?p=29423","title":{"rendered":"Izlo\u017eba i okrugli stol \u201eKona\u010dno rje\u0161enje jevrejskog pitanja\u201c u Sarajevu"},"content":{"rendered":"\n<p>Povodom obilje\u017eavanja 27. januara \u2013 Dana sje\u0107anja na \u017ertve holokausta, Institut za istra\u017eivanje zlo\u010dina protiv \u010dovje\u010dnosti i me\u0111unarodnog prava Univerziteta u Sarajevu svake godine organizuje i u\u010destvuje u nizu aktivnosti u svrhu odavanja po\u010dasti \u017ertvama holokausta, kao i daljeg izu\u010davanja zlo\u010dina po\u010dinjenih na teritoriji Bosne i Hercegovine tokom holokausta. Ove godine, Institut za istra\u017eivanje zlo\u010dina protiv \u010dovje\u010dnosti i me\u0111unarodnog prava Univerziteta u Sarajevu, u saradnji sa Jevrejskom zajednicom u Bosni i Hercegovini i uredom UNESCO-a u Bosni i Hercegovini, te Udru\u017eenjem \u201eHagada\u201c Sarajevo, organizovao je obilje\u017eavanje 27. januara \u2013 Dana sje\u0107anja na \u017ertve holokausta.<\/p>\n\n\n\n<p>Prema programu obilje\u017eavanja doga\u0111aja, odr\u017eanog 20. januara 2022. godine u Rektoratu Univerziteta u Sarajevu, uprili\u010deno je otvaranje izlo\u017ebe: \u201eKona\u010dno rje\u0161enje jevrejskog pitanja\u201c, autora Elija Taubera, i okrugli sto Konferencija Wannsee u Berlinu (20.01.1942) \u2013 \u201eKona\u010dno rje\u0161enje jevrejskog pitanja\u201c.<\/p>\n\n\n\n<hr class=\"wp-block-separator\"\/>\n\n\n\n<p><strong><em>Vidjeti op\u0161irnije na sljede\u0107oj poveznici:<\/em><\/strong><\/p>\n\n\n\n<p><a href=\"https:\/\/historiografija.ba\/article.php?id=969\">https:\/\/historiografija.ba\/article.php?id=969<\/a><\/p>\n\n\n\n<hr class=\"wp-block-separator\"\/>\n\n\n\n<p><\/p>\n","protected":false},"excerpt":{"rendered":"","protected":false},"author":2,"featured_media":29424,"comment_status":"open","ping_status":"open","sticky":false,"template":"","format":"standard","meta":{"_acf_changed":false,"jetpack_post_was_ever_published":false,"_jetpack_newsletter_access":"","_jetpack_dont_email_post_to_subs":false,"_jetpack_newsletter_tier_id":0,"_jetpack_memberships_contains_paywalled_content":false,"_jetpack_memberships_contains_paid_content":false,"footnotes":"","jetpack_publicize_message":"","jetpack_publicize_feature_enabled":true,"jetpack_social_post_already_shared":true,"jetpack_social_options":{"image_generator_settings":{"template":"highway","default_image_id":0,"font":"","enabled":false},"version":2}},"categories":[10,3],"tags":[],"class_list":["post-29423","post","type-post","status-publish","format-standard","has-post-thumbnail","hentry","category-izlozbe","category-novosti"],"acf":{"facebook_opis":""},"jetpack_publicize_connections":[],"jetpack_featured_media_url":"https:\/\/i0.wp.com\/historiografija.hr\/wp-content\/uploads\/2022\/01\/Unsa_Holokaust.jpg?fit=555%2C416&ssl=1","jetpack_sharing_enabled":true,"jetpack-related-posts":[],"_links":{"self":[{"href":"https:\/\/historiografija.hr\/index.php?rest_route=\/wp\/v2\/posts\/29423","targetHints":{"allow":["GET"]}}],"collection":[{"href":"https:\/\/historiografija.hr\/index.php?rest_route=\/wp\/v2\/posts"}],"about":[{"href":"https:\/\/historiografija.hr\/index.php?rest_route=\/wp\/v2\/types\/post"}],"author":[{"embeddable":true,"href":"https:\/\/historiografija.hr\/index.php?rest_route=\/wp\/v2\/users\/2"}],"replies":[{"embeddable":true,"href":"https:\/\/historiografija.hr\/index.php?rest_route=%2Fwp%2Fv2%2Fcomments&post=29423"}],"version-history":[{"count":2,"href":"https:\/\/historiografija.hr\/index.php?rest_route=\/wp\/v2\/posts\/29423\/revisions"}],"predecessor-version":[{"id":29436,"href":"https:\/\/historiografija.hr\/index.php?rest_route=\/wp\/v2\/posts\/29423\/revisions\/29436"}],"wp:featuredmedia":[{"embeddable":true,"href":"https:\/\/historiografija.hr\/index.php?rest_route=\/wp\/v2\/media\/29424"}],"wp:attachment":[{"href":"https:\/\/historiografija.hr\/index.php?rest_route=%2Fwp%2Fv2%2Fmedia&parent=29423"}],"wp:term":[{"taxonomy":"category","embeddable":true,"href":"https:\/\/historiografija.hr\/index.php?rest_route=%2Fwp%2Fv2%2Fcategories&post=29423"},{"taxonomy":"post_tag","embeddable":true,"href":"https:\/\/historiografija.hr\/index.php?rest_route=%2Fwp%2Fv2%2Ftags&post=29423"}],"curies":[{"name":"wp","href":"https:\/\/api.w.org\/{rel}","templated":true}]}}