{"id":29413,"date":"2022-01-26T10:43:43","date_gmt":"2022-01-26T10:43:43","guid":{"rendered":"http:\/\/historiografija.hr\/?p=29413"},"modified":"2022-01-26T10:43:43","modified_gmt":"2022-01-26T10:43:43","slug":"colum-mccann-apeirogon","status":"publish","type":"post","link":"https:\/\/historiografija.hr\/?p=29413","title":{"rendered":"Colum McCann, \u201cApeirogon\u201d"},"content":{"rendered":"\n<p>Rami Elhanan i Bassam Aramin \u017eive jedan blizu drugoga, ali u razli\u010ditim svjetovima. Rami je Izraelac, a Bassam Palestinac. Ramiju vo\u017enja do Zapadne obale traje petnaest, a Bassamu sedamdeset pet minuta. Razli\u010dita je boja njihovih registarskih tablica, njihov prolazak kontrolnih to\u010daka, razli\u010diti su im jezici, razli\u010dite pri\u010de. Onoga \u0161to ih spaja, \u010dini se, jako je malo.<br>Za po\u010detak: jedno rano poslijepodne kad trinaestogodi\u0161nju Ramijevu k\u0107er Smadar na ulici raznese bomba\u0161 samoubojica. Za po\u010detak: dan kad desetogodi\u0161nju Bassamovu k\u0107er Abir na putu do \u0161kole gumenim metkom usmrti pripadnik izraelske grani\u010dne policije. Odgojeni da se mrze, ali prepoznaju\u0107i gubitak koji ih spaja \u2013 usprkos svemu \u0161to ih \u017eeli razdvojiti \u2013 dvojica o\u010deva svoj \u0107e gubitak pretvoriti u oru\u017eje za mir i o\u0161tricom ljudskosti na\u010deti zid koji se generacijama \u010dinio neprobojnim.<br>Na mjesto srca, u veli\u010danstvenom proznom bi\u0107u <em>Apeirogona<\/em> nagra\u0111ivani irski pisac Colum McCann postavio je istinitu \u017eivotnu pri\u010du Bassama Aramina i Ramija Elhanana, ali krvotok njegova romana povezuje stolje\u0107a i kontinente, povijest i prirodu, umjetnost i politiku, nadu i bol. Pun glazbe i nestvarno lijepih slika, nje\u017ean i uzvi\u0161en, realisti\u010dan, ali optimisti\u010dan \u2013 <em>Apeirogon <\/em>je istinsko remek-djelo, tisu\u0107u i jedan fragment kojim se pribli\u017eavamo istini, roman stvoren za na\u0161e doba.<\/p>\n\n\n\n<hr class=\"wp-block-separator\"\/>\n\n\n\n<p>\u201cVelik, ambiciozan trijumf\u2026 McCannov posljednji roman mogao bi biti njegov najbolji do sada.\u201d \u2013 <em>Kirkus Reviews<\/em><\/p>\n\n\n\n<p>\u201cSvaki zna\u010dajan roman \u010din je bezobzirne originalnosti. <em>Apeirogon<\/em> Columa McCanna knjiga je kakvu niste \u010ditali&#8230; Zamislite da ste otkrili dosad nevi\u0111enu i duboko istinitu pripovjednu formu. Zamislite da je sama ideja romana, o tome \u0161to on mo\u017ee biti i \u0161to sve mo\u017ee sadr\u017eavati, pro\u0161irena, i to zauvijek!\u201d \u2013 Michael Cunningham<\/p>\n\n\n\n<p>\u201cColum McCann voli to\u010dku hoda po \u017eici, a <em>Apeirogon<\/em> je roman koji se po napetom u\u017eetu kre\u0107e mo\u0107no i politi\u010dno. Pri\u010da o modernom Izraelu i o modernoj Palestini, ova predivna, duboko pro\u017eivljena knjiga ponajprije je izvanredan \u010din slu\u0161anja.\u201d \u2013 Nathan Englander<\/p>\n\n\n\n<p>\u201cSad morate pro\u010ditati <em>Apeirogon<\/em>&#8230; Deliri\u010dno i uzbudljivo, spektakularno \u0161tivo!\u201d \u2013 <em>Sunday Times<\/em><\/p>\n\n\n\n<p>\u201cNastavite \u010ditati, i vidjet \u0107ete da je sve povezano \u2013 a upravo to je poanta.\u201d \u2013 <em>Toronto Star<\/em><\/p>\n\n\n\n<hr class=\"wp-block-separator\"\/>\n\n\n\n<p>Jezik izvornika: engleski<\/p>\n\n\n\n<p>Prijevod: Katja Grci\u0107<\/p>\n\n\n\n<p>Broj stranica: 504<\/p>\n\n\n\n<p>Datum izdanja: listopad 2021.<\/p>\n\n\n\n<p>Naslov izvornika: Apeirogon<\/p>\n\n\n\n<hr class=\"wp-block-separator\"\/>\n\n\n\n<p>Izvor: <a href=\"https:\/\/fraktura.hr\/apeirogon.html\">https:\/\/fraktura.hr\/apeirogon.html<\/a><\/p>\n\n\n\n<hr class=\"wp-block-separator\"\/>\n","protected":false},"excerpt":{"rendered":"","protected":false},"author":2,"featured_media":29414,"comment_status":"open","ping_status":"open","sticky":false,"template":"","format":"standard","meta":{"_acf_changed":false,"jetpack_post_was_ever_published":false,"_jetpack_newsletter_access":"","_jetpack_dont_email_post_to_subs":false,"_jetpack_newsletter_tier_id":0,"_jetpack_memberships_contains_paywalled_content":false,"_jetpack_memberships_contains_paid_content":false,"footnotes":"","jetpack_publicize_message":"","jetpack_publicize_feature_enabled":true,"jetpack_social_post_already_shared":true,"jetpack_social_options":{"image_generator_settings":{"template":"highway","default_image_id":0,"font":"","enabled":false},"version":2}},"categories":[3,12],"tags":[],"class_list":["post-29413","post","type-post","status-publish","format-standard","has-post-thumbnail","hentry","category-novosti","category-knjizevnost"],"acf":{"facebook_opis":""},"jetpack_publicize_connections":[],"jetpack_featured_media_url":"https:\/\/i0.wp.com\/historiografija.hr\/wp-content\/uploads\/2022\/01\/apeirogon.jpg?fit=409%2C610&ssl=1","jetpack_sharing_enabled":true,"jetpack-related-posts":[],"_links":{"self":[{"href":"https:\/\/historiografija.hr\/index.php?rest_route=\/wp\/v2\/posts\/29413","targetHints":{"allow":["GET"]}}],"collection":[{"href":"https:\/\/historiografija.hr\/index.php?rest_route=\/wp\/v2\/posts"}],"about":[{"href":"https:\/\/historiografija.hr\/index.php?rest_route=\/wp\/v2\/types\/post"}],"author":[{"embeddable":true,"href":"https:\/\/historiografija.hr\/index.php?rest_route=\/wp\/v2\/users\/2"}],"replies":[{"embeddable":true,"href":"https:\/\/historiografija.hr\/index.php?rest_route=%2Fwp%2Fv2%2Fcomments&post=29413"}],"version-history":[{"count":1,"href":"https:\/\/historiografija.hr\/index.php?rest_route=\/wp\/v2\/posts\/29413\/revisions"}],"predecessor-version":[{"id":29415,"href":"https:\/\/historiografija.hr\/index.php?rest_route=\/wp\/v2\/posts\/29413\/revisions\/29415"}],"wp:featuredmedia":[{"embeddable":true,"href":"https:\/\/historiografija.hr\/index.php?rest_route=\/wp\/v2\/media\/29414"}],"wp:attachment":[{"href":"https:\/\/historiografija.hr\/index.php?rest_route=%2Fwp%2Fv2%2Fmedia&parent=29413"}],"wp:term":[{"taxonomy":"category","embeddable":true,"href":"https:\/\/historiografija.hr\/index.php?rest_route=%2Fwp%2Fv2%2Fcategories&post=29413"},{"taxonomy":"post_tag","embeddable":true,"href":"https:\/\/historiografija.hr\/index.php?rest_route=%2Fwp%2Fv2%2Ftags&post=29413"}],"curies":[{"name":"wp","href":"https:\/\/api.w.org\/{rel}","templated":true}]}}