{"id":29407,"date":"2022-01-26T10:13:59","date_gmt":"2022-01-26T10:13:59","guid":{"rendered":"http:\/\/historiografija.hr\/?p=29407"},"modified":"2022-01-26T10:13:59","modified_gmt":"2022-01-26T10:13:59","slug":"croatian-jewish-and-serbian-jewish-relations-in-the-latter-half-of-the-nineteenth-century-and-the-turn-of-the-twentieth-century","status":"publish","type":"post","link":"https:\/\/historiografija.hr\/?p=29407","title":{"rendered":"Croatian-Jewish and Serbian-Jewish Relations in the latter Half of the Nineteenth Century and the Turn of the Twentieth Century"},"content":{"rendered":"\n<p>Hrvatsko katoli\u010dko sveu\u010dili\u0161te u suizdanju s Hrvatskim svjetskim kongresom objavilo je krajem pro\u0161le godine knjigu naslovljenu <em>Croatian-Jewish and Serbian-Jewish Relations in the latter Half of the Nineteenth Century and the Turn of the Twentieth Century<\/em> autora dr. sc. Mate Artukovi\u0107a, umirovljenog znanstvenog savjetnika u trajnom zvanju, dugogodi\u0161njeg djelatnika Hrvatskog instituta za povijest i stru\u010dnjaka za modernu hrvatsku i svjetsku povijest.<\/p>\n\n\n\n<p>Knjiga se sastoji od \u0161est rasprava u kojima dr. Artukovi\u0107 problematizira hrvatsko-\u017eidovske i srpsko-\u017eidovske odnose u Hrvatskoj u drugoj polovici 19. i na po\u010detku 20. stolje\u0107a. Pet rasprava je ranije objavljeno na hrvatskom jeziku u hrvatskim znanstvenim publikacijama dok je autor za potrebe knjige pripremio tekst \u201e\u017didovi u \u2018Slobodi\u2019, glasilu Stranke prava 1878.-1886.\u201c (<em>Jews in Sloboda, the Publication of the Party of Rights (1878-1886<\/em>).<\/p>\n\n\n\n<p>Kao \u0161to je autor naveo u predgovoru knjige, hrvatsko-\u017eidovski odnosi nisu bili toliko \u010desto tema istra\u017eivanja u na\u0161oj historiografiji koliko bi to zahtijevala problematika i slo\u017eenost tih odnosa. Dosada\u0161nja istra\u017eivanja pojedina\u010dnih izvora (novina, djela i razmi\u0161ljanja pojedinaca koji su pridonijeli oblikovanju hrvatskog nacionalnog identiteta te knji\u017eevnih i vjerskih djela) nisu smatrana nu\u017eno\u0161\u0107u, iako je druga polovica \u201cdugotrajnog devetnaestog stolje\u0107a\u201d bila od posebne va\u017enosti jer se u to vrijeme i u tom ozra\u010dju u europskim zemljama formiraju antisemitske stranke i pojavljuju se pokreti koji \u010dine osnovu za razumijevanje doga\u0111aja u prvoj polovici 20. stolje\u0107a. Rasprave objavljene u knjizi pribli\u017eavaju hrvatsko-\u017eidovske odnose, ponajprije na temelju izvornog materijala objavljenog u novinama, vjerskim i politi\u010dkim publikacijama, te su va\u017ene za oblikovanje jasnije slike o hrvatsko-\u017eidovskim odnosima. Iako se autor koncentrirao na mi\u0161ljenja pojedinaca (Ante Star\u010devi\u0107, Josip Juraj Strossmayer) te odabranih \u010dasopisa (<em>Sloboda<\/em>, <em>Glasnik Biskupije Bosanske i Sriemske<\/em>) smatra ih osobito va\u017enima jer se njihov stav mo\u017ee smatrati reprezentativnim stavom za hrvatsku nacionalnu povijest toga vremena. Osim hrvatsko-\u017eidovskih odnosa, knjiga se bavi i srpsko-\u017eidovskim odnosima u Hrvatskoj, \u010demu je posve\u0107ena tema \u201e\u017didovi u srpskom tisku u Hrvatskoj potkraj 19. stolje\u0107a\u201c.<\/p>\n\n\n\n<p>Sve su rasprave (popis ni\u017ee) nastale u du\u017eem razdoblju i iako predstavljaju mozaik razli\u010ditih problema zajedno \u010dine jedinstvenu cjelinu. Osim ve\u0107 spomenute nove rasprave, tekst \u201c\u017didovi u srpskom tisku u Hrvatskoj potkraj 19. stolje\u0107a\u201c zna\u010dajno je izmijenjen zahvaljuju\u0107i novim istra\u017eivanjima.<\/p>\n\n\n\n<p>Popis rasprava:<\/p>\n\n\n\n<ol class=\"wp-block-list\" type=\"1\"><li>Jews in <em>Sloboda<\/em> the Publication of the Party of Rights (1878 -1886)<\/li><li>Jews in the Serbian Press in Croatia in the late 19th Century<\/li><li>The Herald of the Diocese of Bosnia and Sriem on Jews and Judaism<\/li><li>Strossmayer, Jews and Judaism<\/li><li>Ante Star\u010devi\u0107 and Jews (according to Reports in <em>Sloboda<\/em>)<\/li><li>Two Sermons of Chief Rabbi Dr. Hosea Jacobi<\/li><\/ol>\n\n\n\n<p>Osim kratkog opisa objavljene knjige, valja dodati da su recenzentice knjige prof. dr. sc. Agneza Szabo i dr. sc. Ljiljana Dobrov\u0161ak, knjigu je na engleski jezik u potpunosti preveo Ivan Domagoj \u0160ola, ugledni Hrvat iz Kanade, a urednik izdanja je izv. prof. dr. sc. Mario Kevo, pro\u010delnik Odjela za povijest na\u0161eg Sveu\u010dili\u0161ta.<\/p>\n\n\n\n<p>U kona\u010dnici, no ni\u0161ta manje va\u017eno, velika zahvala ide gospodinu Ivanu Hrvoi\u0107u, hrvatskom znanstveniku, izumitelju i poduzetniku iz Kanade koji je financijskim sredstvima pomogao realizaciju ovog projekta.<\/p>\n\n\n\n<hr class=\"wp-block-separator\"\/>\n\n\n\n<p>Izvor:<\/p>\n\n\n\n<figure class=\"wp-block-embed-wordpress wp-block-embed is-type-wp-embed is-provider-hrvatsko-katolicko-sveuciliste\"><div class=\"wp-block-embed__wrapper\">\n<blockquote class=\"wp-embedded-content\" data-secret=\"Te1xVIBSzb\"><a href=\"https:\/\/www.unicath.hr\/croatian-jewish-and-serbian-jewish-relations-in-the-latter-half-of-the-nineteenth-century-and-the-turn-of-the-twentieth-century\">Croatian-Jewish and Serbian-Jewish Relations in the latter Half of the Nineteenth Century and the Turn of the Twentieth Century<\/a><\/blockquote><iframe loading=\"lazy\" class=\"wp-embedded-content\" sandbox=\"allow-scripts\" security=\"restricted\" style=\"position: absolute; clip: rect(1px, 1px, 1px, 1px);\" title=\"&#8220;Croatian-Jewish and Serbian-Jewish Relations in the latter Half of the Nineteenth Century and the Turn of the Twentieth Century&#8221; &#8212; Hrvatsko katoli\u010dko sveu\u010dili\u0161te\" src=\"https:\/\/www.unicath.hr\/croatian-jewish-and-serbian-jewish-relations-in-the-latter-half-of-the-nineteenth-century-and-the-turn-of-the-twentieth-century\/embed#?secret=Te1xVIBSzb\" data-secret=\"Te1xVIBSzb\" width=\"600\" height=\"338\" frameborder=\"0\" marginwidth=\"0\" marginheight=\"0\" scrolling=\"no\"><\/iframe>\n<\/div><\/figure>\n\n\n\n<hr class=\"wp-block-separator\"\/>\n","protected":false},"excerpt":{"rendered":"","protected":false},"author":2,"featured_media":29408,"comment_status":"open","ping_status":"open","sticky":false,"template":"","format":"standard","meta":{"_acf_changed":false,"jetpack_post_was_ever_published":false,"_jetpack_newsletter_access":"","_jetpack_dont_email_post_to_subs":false,"_jetpack_newsletter_tier_id":0,"_jetpack_memberships_contains_paywalled_content":false,"_jetpack_memberships_contains_paid_content":false,"footnotes":"","jetpack_publicize_message":"","jetpack_publicize_feature_enabled":true,"jetpack_social_post_already_shared":true,"jetpack_social_options":{"image_generator_settings":{"template":"highway","default_image_id":0,"font":"","enabled":false},"version":2}},"categories":[8,3],"tags":[],"class_list":["post-29407","post","type-post","status-publish","format-standard","has-post-thumbnail","hentry","category-knjige","category-novosti"],"acf":{"facebook_opis":""},"jetpack_publicize_connections":[],"jetpack_featured_media_url":"https:\/\/i0.wp.com\/historiografija.hr\/wp-content\/uploads\/2022\/01\/Artukovic.jpg?fit=733%2C1024&ssl=1","jetpack_sharing_enabled":true,"jetpack-related-posts":[],"_links":{"self":[{"href":"https:\/\/historiografija.hr\/index.php?rest_route=\/wp\/v2\/posts\/29407","targetHints":{"allow":["GET"]}}],"collection":[{"href":"https:\/\/historiografija.hr\/index.php?rest_route=\/wp\/v2\/posts"}],"about":[{"href":"https:\/\/historiografija.hr\/index.php?rest_route=\/wp\/v2\/types\/post"}],"author":[{"embeddable":true,"href":"https:\/\/historiografija.hr\/index.php?rest_route=\/wp\/v2\/users\/2"}],"replies":[{"embeddable":true,"href":"https:\/\/historiografija.hr\/index.php?rest_route=%2Fwp%2Fv2%2Fcomments&post=29407"}],"version-history":[{"count":1,"href":"https:\/\/historiografija.hr\/index.php?rest_route=\/wp\/v2\/posts\/29407\/revisions"}],"predecessor-version":[{"id":29409,"href":"https:\/\/historiografija.hr\/index.php?rest_route=\/wp\/v2\/posts\/29407\/revisions\/29409"}],"wp:featuredmedia":[{"embeddable":true,"href":"https:\/\/historiografija.hr\/index.php?rest_route=\/wp\/v2\/media\/29408"}],"wp:attachment":[{"href":"https:\/\/historiografija.hr\/index.php?rest_route=%2Fwp%2Fv2%2Fmedia&parent=29407"}],"wp:term":[{"taxonomy":"category","embeddable":true,"href":"https:\/\/historiografija.hr\/index.php?rest_route=%2Fwp%2Fv2%2Fcategories&post=29407"},{"taxonomy":"post_tag","embeddable":true,"href":"https:\/\/historiografija.hr\/index.php?rest_route=%2Fwp%2Fv2%2Ftags&post=29407"}],"curies":[{"name":"wp","href":"https:\/\/api.w.org\/{rel}","templated":true}]}}