{"id":29381,"date":"2022-01-25T18:05:00","date_gmt":"2022-01-25T18:05:00","guid":{"rendered":"http:\/\/historiografija.hr\/?p=29381"},"modified":"2022-01-25T18:08:09","modified_gmt":"2022-01-25T18:08:09","slug":"dokumentarni-film-rijecki-orao","status":"publish","type":"post","link":"https:\/\/historiografija.hr\/?p=29381","title":{"rendered":"Dokumentarni film \u201cRije\u010dki orao\u201d"},"content":{"rendered":"\n<p><strong>U ponedjeljak, 31. sije\u010dnja 2022. u 20:10 na Prvom programu HTV-a<\/strong><\/p>\n\n\n\n<p>Gabriele D&#8217;Annunzio i njegovo osvajanje Rijeke neki su od bizarnijih fenomena 20. stolje\u0107a. Dokumentarni film Rije\u010dki orao, u ponedjeljak 31. sije\u010dnja u 20:10 na Prvom, donosi dubok uvid u njih, kroz pri\u010du o nestaloj i prona\u0111enoj glavi dvoglavog orla s rije\u010dkog gradskog tornja.<\/p>\n\n\n\n<p>Ovaj simbol grada Rijeke bio je dekapitiran 1919. i sljede\u0107ih stotinjak godina smatrao se uni\u0161tenim. A onda je nestalu glavu na zidu dvori\u0161ta Vittoriale degli Italiani prona\u0161ao talijanski povjesni\u010dar <strong>Federico Carlo Simonelli.<\/strong><\/p>\n\n\n\n<p>Dokumentarni film donosi do sada nikada ispri\u010danu pri\u010du o orlu i D&#8217;Annunziju, iz perspektive obiju strana, hrvatskih i talijanskih stru\u010dnjaka.<\/p>\n\n\n\n<p>Scenarij potpisuje <strong>Velimir Grgi\u0107<\/strong>, re\u017eiju <strong>Dario Lonjak<\/strong>, monta\u017eu <strong>Ivor \u0160onje<\/strong>.\u00a0<br><br>Direktor fotografije\u00a0<strong>Dario Mati\u0107<\/strong>, a glazba\u00a0<strong>Luka \u010capeta<\/strong>.<br><br>Produkcija: Pulsar, 2021.<\/p>\n\n\n\n<hr class=\"wp-block-separator\"\/>\n\n\n\n<p>Izvor:<\/p>\n\n\n\n<p><a href=\"https:\/\/hrtprikazuje.hrt.hr\/dokumentarci\/rijecki-orao-4801824\">https:\/\/hrtprikazuje.hrt.hr\/dokumentarci\/rijecki-orao-4801824<\/a><\/p>\n\n\n\n<hr class=\"wp-block-separator\"\/>\n","protected":false},"excerpt":{"rendered":"","protected":false},"author":2,"featured_media":29385,"comment_status":"open","ping_status":"open","sticky":false,"template":"","format":"standard","meta":{"_acf_changed":false,"jetpack_post_was_ever_published":false,"_jetpack_newsletter_access":"","_jetpack_dont_email_post_to_subs":false,"_jetpack_newsletter_tier_id":0,"_jetpack_memberships_contains_paywalled_content":false,"_jetpack_memberships_contains_paid_content":false,"footnotes":"","jetpack_publicize_message":"","jetpack_publicize_feature_enabled":true,"jetpack_social_post_already_shared":true,"jetpack_social_options":{"image_generator_settings":{"template":"highway","default_image_id":0,"font":"","enabled":false},"version":2}},"categories":[13,3],"tags":[],"class_list":["post-29381","post","type-post","status-publish","format-standard","has-post-thumbnail","hentry","category-filmovi-i-serije","category-novosti"],"acf":{"facebook_opis":""},"jetpack_publicize_connections":[],"jetpack_featured_media_url":"https:\/\/i0.wp.com\/historiografija.hr\/wp-content\/uploads\/2022\/01\/Pulsar-Rijecki-orao.jpg?fit=1130%2C640&ssl=1","jetpack_sharing_enabled":true,"jetpack-related-posts":[],"_links":{"self":[{"href":"https:\/\/historiografija.hr\/index.php?rest_route=\/wp\/v2\/posts\/29381","targetHints":{"allow":["GET"]}}],"collection":[{"href":"https:\/\/historiografija.hr\/index.php?rest_route=\/wp\/v2\/posts"}],"about":[{"href":"https:\/\/historiografija.hr\/index.php?rest_route=\/wp\/v2\/types\/post"}],"author":[{"embeddable":true,"href":"https:\/\/historiografija.hr\/index.php?rest_route=\/wp\/v2\/users\/2"}],"replies":[{"embeddable":true,"href":"https:\/\/historiografija.hr\/index.php?rest_route=%2Fwp%2Fv2%2Fcomments&post=29381"}],"version-history":[{"count":1,"href":"https:\/\/historiografija.hr\/index.php?rest_route=\/wp\/v2\/posts\/29381\/revisions"}],"predecessor-version":[{"id":29383,"href":"https:\/\/historiografija.hr\/index.php?rest_route=\/wp\/v2\/posts\/29381\/revisions\/29383"}],"wp:featuredmedia":[{"embeddable":true,"href":"https:\/\/historiografija.hr\/index.php?rest_route=\/wp\/v2\/media\/29385"}],"wp:attachment":[{"href":"https:\/\/historiografija.hr\/index.php?rest_route=%2Fwp%2Fv2%2Fmedia&parent=29381"}],"wp:term":[{"taxonomy":"category","embeddable":true,"href":"https:\/\/historiografija.hr\/index.php?rest_route=%2Fwp%2Fv2%2Fcategories&post=29381"},{"taxonomy":"post_tag","embeddable":true,"href":"https:\/\/historiografija.hr\/index.php?rest_route=%2Fwp%2Fv2%2Ftags&post=29381"}],"curies":[{"name":"wp","href":"https:\/\/api.w.org\/{rel}","templated":true}]}}