{"id":2938,"date":"2017-02-16T23:00:05","date_gmt":"2017-02-16T23:00:05","guid":{"rendered":"http:\/\/historiografija.hr\/?p=2938"},"modified":"2017-02-16T23:00:05","modified_gmt":"2017-02-16T23:00:05","slug":"lexposition-shoah-et-bande-dessinee","status":"publish","type":"post","link":"https:\/\/historiografija.hr\/?p=2938","title":{"rendered":"L&#8217;exposition \u00ab Shoah et bande dessin\u00e9e \u00bb"},"content":{"rendered":"<p class=\"MsoNormal\" align=\"justify\"><b style=\"mso-bidi-font-weight:normal\"><span lang=\"EN-GB\">M\u00e9morial de la Shoah<\/span><\/b><\/p>\n<p class=\"MsoNormal\" align=\"justify\"><span lang=\"EN-GB\">Paris<\/span><\/p>\n<h2 align=\"justify\"><strong>&nbsp;<\/strong><\/h2>\n<p><\/p>\n<h2 align=\"justify\"><strong><span style=\"font-size:12.0pt;font-weight:normal;mso-bidi-font-weight: bold\">L&#8217;exposition<\/span><\/strong><span style=\"font-size:12.0pt\"><\/span><\/h2>\n<p class=\"MsoNormal\" align=\"justify\"><span lang=\"EN-GB\">&nbsp;<\/span><\/p>\n<p class=\"MsoNormal\" align=\"justify\"><span lang=\"EN-GB\"><br \/><\/span><\/p>\n<p class=\"MsoNormal\" align=\"justify\"><b style=\"mso-bidi-font-weight:normal\"><span lang=\"EN-GB\">Shoah et bande dessin\u00e9e<\/span><\/b><\/p>\n<p class=\"MsoNormal\" align=\"justify\"><b style=\"mso-bidi-font-weight:normal\"><span lang=\"EN-GB\">&nbsp;<\/span><\/b><\/p>\n<p class=\"MsoNormal\" align=\"justify\"><span lang=\"EN-GB\">du 19 janvier au 30 octobre 2017<\/span><\/p>\n<p class=\"MsoNormal\" align=\"justify\"><span lang=\"EN-GB\">&nbsp;<\/span><\/p>\n<p class=\"MsoNormal\" align=\"justify\"><span lang=\"EN-GB\"><a href=\"http:\/\/expo-bd.memorialdelashoah.org\/\">http:\/\/expo-bd.memorialdelashoah.org\/<\/a><\/span><\/p>\n<p class=\"MsoNormal\" align=\"justify\"><span lang=\"EN-GB\">&nbsp;<\/span><\/p>\n<p class=\"MsoNormal\" align=\"justify\"><span lang=\"EN-GB\">&nbsp;<\/span><\/p>\n<p align=\"justify\">La<strong> m\u00e9moire<\/strong> contemporaine r\u00e9serve une place particuli\u00e8re \u00e0 la <strong>Shoah<\/strong>, un \u00e9v\u00e9nement sans pr\u00e9c\u00e9dent dans l\u2019Histoire. Le propre de tout \u00e9v\u00e9nement est d\u2019\u00eatre historicis\u00e9, m\u00e9diatis\u00e9, bref de devenir sujet de <strong>fiction<\/strong>. Le <strong>g\u00e9nocide des Juifs d\u2019Europe<\/strong> ne pouvait y \u00e9chapper. Non sans prudence, erreurs et t\u00e2tonnements, parfois avec g\u00e9nie, la <strong>bande dessin\u00e9e<\/strong> s\u2019est donc empar\u00e9e de la <strong>Shoah<\/strong>.<\/p>\n<p align=\"justify\">C\u2019est ce parcours historique et artistique dans ce qu\u2019il est convenu d\u2019appeler le <strong>9e art<\/strong> que vous invite \u00e0 explorer l\u2019exposition <em><b>Shoah et bande dessin\u00e9e,<\/b><\/em><strong>&nbsp;<\/strong>en interrogeant les sources visuelles de ces repr\u00e9sentations, leur pertinence, leur port\u00e9e et leurs limites.<\/p>\n<p align=\"justify\">Il appartenait logiquement au <strong>M\u00e9morial de la Shoah<\/strong> de s\u2019emparer du sujet, de s\u2019interroger sur les tenants et les aboutissants de cet art, populaire s\u2019il en est, et ce dans toute sa diversit\u00e9, des comics \u00e0 la <strong>bande dessin\u00e9e<\/strong> franco-belge, des <strong>romans graphiques<\/strong> aux <strong>mangas<\/strong>.&nbsp;<\/p>\n<p class=\"MsoNormal\" align=\"justify\"><span style=\"font-size:12.0pt;line-height:115%; font-family:\" times=\"\" new=\"\" roman\",\"serif\"\"=\"\" lang=\"EN-GB\">Autour de cette exposition, de nombreuses rencontres sont organis\u00e9es au M\u00e9morial, dont celle du 22 janvier 2017 sur le th\u00e8me \u00ab Pourquoi les super-h\u00e9ros n\u2019ont-ils pas lib\u00e9r\u00e9 Auschwitz ? \u00bb avec la pr\u00e9sence exceptionnelle de Chris Claremont, l\u2019homme qui fit de Magneto (<i style=\"mso-bidi-font-style:normal\">X-Men<\/i>) un rescap\u00e9 de la Shoah.<\/span><\/p>\n<p class=\"MsoNormal\" align=\"justify\"><span style=\"font-size:12.0pt;line-height:115%; font-family:\" times=\"\" new=\"\" roman\",\"serif\"\"=\"\" lang=\"EN-GB\">&nbsp;<\/span><\/p>\n<p class=\"MsoNormal\" align=\"justify\"><b style=\"mso-bidi-font-weight:normal\"><span style=\"font-size:12.0pt;line-height:115%;font-family:\" times=\"\" new=\"\" roman\",\"serif\"\"=\"\" lang=\"EN-GB\">D\u00c9COUVRIR:<\/span><\/b><\/p>\n<p class=\"MsoNormal\" align=\"justify\"><b style=\"mso-bidi-font-weight:normal\"><span style=\"font-size:12.0pt;line-height:115%;font-family:\" times=\"\" new=\"\" roman\",\"serif\"\"=\"\" lang=\"EN-GB\">&nbsp;<\/span><\/b><\/p>\n<p class=\"MsoNormal\" align=\"justify\"><span style=\"font-size:12.0pt;line-height:115%; font-family:\" times=\"\" new=\"\" roman\",\"serif\"\"=\"\" lang=\"EN-GB\">http:\/\/expo-bd.memorialdelashoah.org\/expositions.html<\/span><\/p>\n<p class=\"MsoNormal\" align=\"justify\"><span style=\"font-size:12.0pt;line-height:115%; font-family:\" times=\"\" new=\"\" roman\",\"serif\"\"=\"\" lang=\"EN-GB\"><br \/><\/span><\/p>\n<p class=\"MsoNormal\"><span style=\"font-size:12.0pt;line-height:115%; font-family:\" times=\"\" new=\"\" roman\",\"serif\"\"=\"\" lang=\"EN-GB\"><br \/><\/span><\/p>\n","protected":false},"excerpt":{"rendered":"","protected":false},"author":1,"featured_media":0,"comment_status":"open","ping_status":"open","sticky":false,"template":"","format":"standard","meta":{"_acf_changed":false,"jetpack_post_was_ever_published":false,"_jetpack_newsletter_access":"","_jetpack_dont_email_post_to_subs":false,"_jetpack_newsletter_tier_id":0,"_jetpack_memberships_contains_paywalled_content":false,"_jetpack_memberships_contains_paid_content":false,"footnotes":"","jetpack_publicize_message":"","jetpack_publicize_feature_enabled":true,"jetpack_social_post_already_shared":false,"jetpack_social_options":{"image_generator_settings":{"template":"highway","default_image_id":0,"font":"","enabled":false},"version":2}},"categories":[3],"tags":[],"class_list":["post-2938","post","type-post","status-publish","format-standard","hentry","category-novosti"],"acf":{"facebook_opis":""},"jetpack_publicize_connections":[],"jetpack_featured_media_url":"","jetpack_sharing_enabled":true,"jetpack-related-posts":[{"id":52628,"url":"https:\/\/historiografija.hr\/?p=52628","url_meta":{"origin":2938,"position":0},"title":"Predavanje dopisnog \u010dlana HAZU Alaina Finkielkrauta Izrael, Europa, antisemitizam","author":"Branimir Jankovi\u0107","date":"23. travnja 2026.","format":false,"excerpt":"Francuski filozof Alain Finkielkraut, redoviti \u010dlan Francuske akademije i dopisni \u010dlan HAZU, odr\u017eat \u0107e predavanje\u00a0Izrael, Europa, antisemitizam u utorak 28. travnja 2026. u 13 sati u Knji\u017enici HAZU,\u00a0Strossmayerov trg 14 u Zagrebu. Uvodne rije\u010di odr\u017eat \u0107e\u00a0akademkinja \u017deljka \u010corak i\u00a0akademik Dra\u017een Katunari\u0107. Predavanje \u0107e se odr\u017eati na francuskom jeziku uz konsekutivno\u2026","rel":"","context":"U &quot;Novosti&quot;","block_context":{"text":"Novosti","link":"https:\/\/historiografija.hr\/?cat=3"},"img":{"alt_text":"","src":"https:\/\/i0.wp.com\/historiografija.hr\/wp-content\/uploads\/2026\/04\/Alain_Finkielkraut.jpg?fit=350%2C407&ssl=1&resize=350%2C200","width":350,"height":200},"classes":[]}],"_links":{"self":[{"href":"https:\/\/historiografija.hr\/index.php?rest_route=\/wp\/v2\/posts\/2938","targetHints":{"allow":["GET"]}}],"collection":[{"href":"https:\/\/historiografija.hr\/index.php?rest_route=\/wp\/v2\/posts"}],"about":[{"href":"https:\/\/historiografija.hr\/index.php?rest_route=\/wp\/v2\/types\/post"}],"author":[{"embeddable":true,"href":"https:\/\/historiografija.hr\/index.php?rest_route=\/wp\/v2\/users\/1"}],"replies":[{"embeddable":true,"href":"https:\/\/historiografija.hr\/index.php?rest_route=%2Fwp%2Fv2%2Fcomments&post=2938"}],"version-history":[{"count":0,"href":"https:\/\/historiografija.hr\/index.php?rest_route=\/wp\/v2\/posts\/2938\/revisions"}],"wp:attachment":[{"href":"https:\/\/historiografija.hr\/index.php?rest_route=%2Fwp%2Fv2%2Fmedia&parent=2938"}],"wp:term":[{"taxonomy":"category","embeddable":true,"href":"https:\/\/historiografija.hr\/index.php?rest_route=%2Fwp%2Fv2%2Fcategories&post=2938"},{"taxonomy":"post_tag","embeddable":true,"href":"https:\/\/historiografija.hr\/index.php?rest_route=%2Fwp%2Fv2%2Ftags&post=2938"}],"curies":[{"name":"wp","href":"https:\/\/api.w.org\/{rel}","templated":true}]}}