{"id":29360,"date":"2022-01-24T14:08:57","date_gmt":"2022-01-24T14:08:57","guid":{"rendered":"http:\/\/historiografija.hr\/?p=29360"},"modified":"2022-01-24T14:08:57","modified_gmt":"2022-01-24T14:08:57","slug":"czech-exhibition-nasi-nemci-unsere-deutschen","status":"publish","type":"post","link":"https:\/\/historiografija.hr\/?p=29360","title":{"rendered":"Czech exhibition &#8220;NA\u0160I N\u011aMCI \u2013 UNSERE DEUTSCHEN&#8221;"},"content":{"rendered":"\n<p>U \u010ce\u0161koj je u Muzeju grada \u00dast\u00ed nad Labem krajem 2021. godine otvorena nova stalna izlo\u017eba \u201eNa\u0161i Nijemci\u201c \u2013 o povijesti Nijemaca u \u010ce\u0161koj, obilje\u017eenom stoljetnim su\u017eivotom, ali i me\u0111usobnim sukobima \u2013 \u0161to bi svakako trebalo biti zanimljivo i na\u0161oj stru\u010dnoj javnosti.<\/p>\n\n\n\n<hr class=\"wp-block-separator\"\/>\n\n\n\n<p>P\u0159ehled expozic a v\u00fdstav<\/p>\n\n\n\n<p>NA\u0160I N\u011aMCI &#8211; UNSERE DEUTSCHEN<\/p>\n\n\n\n<p><a href=\"http:\/\/www.muzeumusti.cz\/v2623\/NASI-NEMCI-UNSERE-DEUTSCHEN\">http:\/\/www.muzeumusti.cz\/v2623\/NASI-NEMCI-UNSERE-DEUTSCHEN<\/a><\/p>\n\n\n\n<hr class=\"wp-block-separator\"\/>\n\n\n\n<p>V\u00fdstava\/ St\u00e1l\u00e1 expozice Na\u0161i N\u011bmci<\/p>\n\n\n\n<p><a href=\"https:\/\/www.collegiumbohemicum.cz\/vystavy\/stala-expozice-nasi-nemci\/\">https:\/\/www.collegiumbohemicum.cz\/vystavy\/stala-expozice-nasi-nemci\/<\/a><\/p>\n\n\n\n<hr class=\"wp-block-separator\"\/>\n\n\n\n<p>\u2018Our Germans\u2019: Czech exhibition maps a millennium of peaceful coexistence, decades of strife<\/p>\n\n\n\n<p><a href=\"https:\/\/english.radio.cz\/our-germans-czech-exhibition-maps-a-millennium-peaceful-coexistence-decades-8734465\">https:\/\/english.radio.cz\/our-germans-czech-exhibition-maps-a-millennium-peaceful-coexistence-decades-8734465<\/a><\/p>\n\n\n\n<hr class=\"wp-block-separator\"\/>\n\n\n\n<p>Dauerausstellung in \u00dast\u00ed nad Labem: &#8220;Unsere Deutschen&#8221;<\/p>\n\n\n\n<p><a href=\"https:\/\/www.mdr.de\/geschichte\/ns-zeit\/zweiter-weltkrieg\/nachkriegszeit\/unsere-deutschen-deutsche-minderheit-in-schlesien-boehmen-maehren-ausstellung-in-usti-nad-labem-100.html\">https:\/\/www.mdr.de\/geschichte\/ns-zeit\/zweiter-weltkrieg\/nachkriegszeit\/unsere-deutschen-deutsche-minderheit-in-schlesien-boehmen-maehren-ausstellung-in-usti-nad-labem-100.html<\/a><\/p>\n\n\n\n<hr class=\"wp-block-separator\"\/>\n\n\n\n<p>Historisches Trauma. Tschechien und seine Deutschen \u2013 was ist geblieben?<\/p>\n\n\n\n<p><a href=\"https:\/\/www.deutschlandfunkkultur.de\/historisches-trauma-tschechien-und-seine-deutschen-was-ist-100.html\">https:\/\/www.deutschlandfunkkultur.de\/historisches-trauma-tschechien-und-seine-deutschen-was-ist-100.html<\/a><\/p>\n\n\n\n<hr class=\"wp-block-separator\"\/>\n\n\n\n<p>\u010ce\u0161ka se sje\u0107a \u201esvojih Nijemaca\u201c<\/p>\n\n\n\n<p><a href=\"https:\/\/www.dw.com\/hr\/%C4%8De%C5%A1ka-se-sje%C4%87a-svojih-nijemaca\/a-60033969\">https:\/\/www.dw.com\/hr\/%C4%8De%C5%A1ka-se-sje%C4%87a-svojih-nijemaca\/a-60033969<\/a><\/p>\n\n\n\n<hr class=\"wp-block-separator\"\/>\n\n\n\n<p>Na\u0161i Nijemci<\/p>\n\n\n\n<figure class=\"wp-block-embed-wordpress wp-block-embed is-type-wp-embed is-provider-pescanik\"><div class=\"wp-block-embed__wrapper\">\n<blockquote class=\"wp-embedded-content\" data-secret=\"MdzOyciuyS\"><a href=\"https:\/\/pescanik.net\/nasi-nijemci\/\">Na\u0161i Nijemci<\/a><\/blockquote><iframe loading=\"lazy\" class=\"wp-embedded-content\" sandbox=\"allow-scripts\" security=\"restricted\" style=\"position: absolute; clip: rect(1px, 1px, 1px, 1px);\" title=\"&#8220;Na\u0161i Nijemci&#8221; &#8212; Pe\u0161\u010danik\" src=\"https:\/\/pescanik.net\/nasi-nijemci\/embed\/#?secret=MdzOyciuyS\" data-secret=\"MdzOyciuyS\" width=\"600\" height=\"338\" frameborder=\"0\" marginwidth=\"0\" marginheight=\"0\" scrolling=\"no\"><\/iframe>\n<\/div><\/figure>\n\n\n\n<hr class=\"wp-block-separator\"\/>\n","protected":false},"excerpt":{"rendered":"","protected":false},"author":2,"featured_media":29361,"comment_status":"open","ping_status":"open","sticky":false,"template":"","format":"standard","meta":{"_acf_changed":false,"jetpack_post_was_ever_published":false,"_jetpack_newsletter_access":"","_jetpack_dont_email_post_to_subs":false,"_jetpack_newsletter_tier_id":0,"_jetpack_memberships_contains_paywalled_content":false,"_jetpack_memberships_contains_paid_content":false,"footnotes":"","jetpack_publicize_message":"","jetpack_publicize_feature_enabled":true,"jetpack_social_post_already_shared":true,"jetpack_social_options":{"image_generator_settings":{"template":"highway","default_image_id":0,"font":"","enabled":false},"version":2}},"categories":[10,3],"tags":[],"class_list":["post-29360","post","type-post","status-publish","format-standard","has-post-thumbnail","hentry","category-izlozbe","category-novosti"],"acf":{"facebook_opis":""},"jetpack_publicize_connections":[],"jetpack_featured_media_url":"https:\/\/i0.wp.com\/historiografija.hr\/wp-content\/uploads\/2022\/01\/Lubos-Palata.jpg?fit=700%2C394&ssl=1","jetpack_sharing_enabled":true,"jetpack-related-posts":[],"_links":{"self":[{"href":"https:\/\/historiografija.hr\/index.php?rest_route=\/wp\/v2\/posts\/29360","targetHints":{"allow":["GET"]}}],"collection":[{"href":"https:\/\/historiografija.hr\/index.php?rest_route=\/wp\/v2\/posts"}],"about":[{"href":"https:\/\/historiografija.hr\/index.php?rest_route=\/wp\/v2\/types\/post"}],"author":[{"embeddable":true,"href":"https:\/\/historiografija.hr\/index.php?rest_route=\/wp\/v2\/users\/2"}],"replies":[{"embeddable":true,"href":"https:\/\/historiografija.hr\/index.php?rest_route=%2Fwp%2Fv2%2Fcomments&post=29360"}],"version-history":[{"count":1,"href":"https:\/\/historiografija.hr\/index.php?rest_route=\/wp\/v2\/posts\/29360\/revisions"}],"predecessor-version":[{"id":29362,"href":"https:\/\/historiografija.hr\/index.php?rest_route=\/wp\/v2\/posts\/29360\/revisions\/29362"}],"wp:featuredmedia":[{"embeddable":true,"href":"https:\/\/historiografija.hr\/index.php?rest_route=\/wp\/v2\/media\/29361"}],"wp:attachment":[{"href":"https:\/\/historiografija.hr\/index.php?rest_route=%2Fwp%2Fv2%2Fmedia&parent=29360"}],"wp:term":[{"taxonomy":"category","embeddable":true,"href":"https:\/\/historiografija.hr\/index.php?rest_route=%2Fwp%2Fv2%2Fcategories&post=29360"},{"taxonomy":"post_tag","embeddable":true,"href":"https:\/\/historiografija.hr\/index.php?rest_route=%2Fwp%2Fv2%2Ftags&post=29360"}],"curies":[{"name":"wp","href":"https:\/\/api.w.org\/{rel}","templated":true}]}}