{"id":29358,"date":"2022-01-24T12:17:12","date_gmt":"2022-01-24T12:17:12","guid":{"rendered":"http:\/\/historiografija.hr\/?p=29358"},"modified":"2022-01-24T12:17:12","modified_gmt":"2022-01-24T12:17:12","slug":"cfp-im-reich-der-zirkulation-habsburg-wissen-im-globalen-umfeld-empire-of-circulation-habsburg-knowledge-in-its-global-settings","status":"publish","type":"post","link":"https:\/\/historiografija.hr\/?p=29358","title":{"rendered":"CfP: Im Reich der Zirkulation. Habsburg-Wissen im globalen Umfeld \/ Empire of Circulation Habsburg. Knowledge in its Global Settings"},"content":{"rendered":"\n<p>A summer school organized by the Austrian Academy of Sciences and the Johann Gottfried Herder-Research Council in cooperation with the Institute of Czech Literature of the CAS.<\/p>\n\n\n\n<p>Placing Habsburg knowledge production from the 17th to the 20th centuries afresh in its global settings, this event will serve as a platform for doctoral, post-doctoral and senior researchers who specialise in Habsburg history, the history of science, scholarship and intellectual culture. Our event will allot a special place to Bohemia and its role as an interface between the regions of the Empire and as a switchboard between Central Europe and the globe.<\/p>\n\n\n\n<p>Our re-discovery of Habsburg Central Europe as a clearinghouse for the circulation of ideas, practices and objects aims at a broader historiographical purpose: We do not consider Central Europe as a self-contained space, but encourage approaches that think outside the box, uncovering linkages and channels of exchange that help us to move beyond standard notions of space that undergird national and territorial histories. This implies that we will not treat Central Europe as a self-contained specialism, but as a springboard for the global history of knowledge-making. In pursuing this agenda, we encourage the development of research strategies that combine the study of the global ingredient in Habsburg Central Europe with the Central European lineaments of world history in innovative ways.<\/p>\n\n\n\n<p>We invite papers of doctoral and post-doctoral researchers that contribute to one or several of the following thematic fields:<\/p>\n\n\n\n<p>The study of:<br>&#8211; institutions of knowledge-production (learned societies, academies, universities, churches,<br>religious orders, secret societies, museums, theatres etc)<br>&#8211; the interplay of regional and global literature (translations, travelling habits, travelling<br>forms, media and genres)<br>&#8211; the activities of go-betweens, brokers and liason agents<br>&#8211; the shifting political functions and expected pay-off of the knowledge produced<\/p>\n\n\n\n<p>Discussing recent cutting-edge advances in the history of knowledge-circulation, relational history and connected history (e.g. Kapil Raj, Simon Schaffer, Sanjay Subrahmanyam, Bernhard Sch\u00e4r), the summer school will also give due weight to postcolonial and decolonial approaches. Our four-day summer school will consist of two components: an extended seminar hosted by the convenors will permit the participates to discuss a precirculated reader that contains both some of the convenors\u2019 own work as well as other exemplary studies; a subsequent series of workshops will enable doctoral and post-doctoral researchers to present and discuss their projects with the faculty. We invite applications both by junior scholars from Central Europe who work on the above-mentioned themes as well as by colleagues from other parts of the world whose research deals with our region.<\/p>\n\n\n\n<p>Organizers: Franz L. Fillafer (Vienna), Johannes Feichtinger (Vienna), Steffen H\u00f6hne (Weimar-Jena), Alfrun Kliems (Berlin), Michael W\u00f6gerbauer (Prague)<\/p>\n\n\n\n<p>Conference Languages: English and German<\/p>\n\n\n\n<p>Application: Abstract of your contribution\/research project (250-300 words) and a brief CV Kurzvita (preferably as PDF). Send to: steffen.hoehne@hfm-weimar.de<\/p>\n\n\n\n<p>We plan to cover participants\u2019 travel and accomodation costs.<\/p>\n\n\n\n<p><strong>Programm<\/strong><\/p>\n\n\n\n<p>Die viert\u00e4gige Sommerschule besteht aus zwei Teilen: Neben Keynotes gibt ein Seminar den Teilnehmerinnen und Teilnehmern die M\u00f6glichkeit, gemeinsam einen vorab herausgegebenen Reader mit exemplarischen Studien zu diskutieren; in einer anschlie\u00dfenden Reihe von Workshops diskutieren Doktoranden und Postdoktoranden ihre Projekte mit den Dozenten.<\/p>\n\n\n\n<p>Veranstalter: Franz L. Fillafer (Wien), Johannes Feichtinger (Wien), Steffen H\u00f6hne (Weimar-Jena), Alfrun Kliems (Berlin), Michael W\u00f6gerbauer (Prag)<\/p>\n\n\n\n<p>Ort: Campus der \u00d6sterreichischen Akademie der Wissenschaften in Wien<\/p>\n\n\n\n<p>Zielgruppe: Doktoranden und Doktorandinnen und Postdocs, die zu den o. g. Themen arbeiten.<\/p>\n\n\n\n<p>Konferenzsprachen: Deutsch und Englisch<\/p>\n\n\n\n<p><strong>Kontakt<\/strong><\/p>\n\n\n\n<p>Johannes Feichtinger summerschool@oeaw.ac.at<br>Franz Leander Fillafer summerschool@oeaw.ac.at<\/p>\n\n\n\n<hr class=\"wp-block-separator\"\/>\n\n\n\n<p><strong>Im Reich der Zirkulation. Habsburg-Wissen im globalen Umfeld.<\/strong><\/p>\n\n\n\n<p>Im Zentrum stehen Transfer- und Verflechtungsprozesse, die es erlauben, g\u00e4ngige national und territorial codierte Raumvorstellungen zu \u00fcberwinden.<br>Die Wiederentdeckung des habsburgischen Zentraleuropa als Drehscheibe f\u00fcr die Zirkulation von Ideen, Praktiken und Objekten zielt auf einen breiteren historiographischen Kontext: Zentraleuropa wird nicht als ein in sich geschlossenes Territorium verstanden, sondern dient als Ausgangspunkt f\u00fcr die Erforschung weltumsspannender Wissensproduktion.<\/p>\n\n\n\n<p>Unsere Sommerschule m\u00f6chte ein Forum f\u00fcr Forschungsprojekte bieten, die sich dem habsburgisch-zentraleurop\u00e4ischen Raum aus einer globalen Perspektive n\u00e4hern. Vorgesehen sind folgende Themenbereiche:<\/p>\n\n\n\n<p>&#8211; Institutionen der Wissensproduktion (Gelehrtengesellschaften, Akademien, Universit\u00e4ten, Kirchen, religi\u00f6se Orden, Arkangesellschaften, Museen, Theater etc.)<\/p>\n\n\n\n<p>&#8211; Interdependenzen zwischen regionaler und globaler Literatur-, Kultur- und Wissensproduktion, -distribution und -rezeption<\/p>\n\n\n\n<p>&#8211; Das T\u00e4tigkeitsspektrum von Akteuren (\u201ecultural brokers\u201c, Vermittler, \u00dcbersetzer, Reisende etc.)<\/p>\n\n\n\n<p>&#8211; Politische Funktionen und (erwarteter) Nutzen von Wissen<\/p>\n\n\n\n<p>Die Teilnehmerinnen und Teilnehmer werden im Rahmen der Sommerschule mit innovativen Forschungsans\u00e4tzen zur Geschichte der Wissenszirkulation, der relational history und histoire connect\u00e9e vertraut gemacht, die federf\u00fchrend von Kapil Raj, Simon Schaffer, Sanjay Subrahmanyam und Bernhard Sch\u00e4r entwickelt wurden. Auch die Anwendbarkeit post- und dekolonialer Zug\u00e4nge auf unsere Region soll erprobt werden.<\/p>\n\n\n\n<p>Bewerbung: Abstract des Forschungsprojektes (250-300 W\u00f6rter) und Kurzvita (dt. oder eng.) (nur als PDF) an: steffen.hoehne@hfm-weimar.de &amp; an summerschool@oeaw.ac.at<\/p>\n\n\n\n<p>Bewerbungsfrist: 13.3.2022<\/p>\n\n\n\n<p>Vorgesehen ist eine eine finanzielle Unterst\u00fctzung zu den Reise- und Unterkunftskosten.<\/p>\n\n\n\n<p><strong>Programm<\/strong><\/p>\n\n\n\n<p>Die viert\u00e4gige Sommerschule besteht aus zwei Teilen: Neben Keynotes gibt ein Seminar den Teilnehmerinnen und Teilnehmern die M\u00f6glichkeit, gemeinsam einen vorab herausgegebenen Reader mit exemplarischen Studien zu diskutieren; in einer anschlie\u00dfenden Reihe von Workshops diskutieren Doktoranden und Postdoktoranden ihre Projekte mit den Dozenten.<\/p>\n\n\n\n<p>Veranstalter: Franz L. Fillafer (Wien), Johannes Feichtinger (Wien), Steffen H\u00f6hne (Weimar-Jena), Alfrun Kliems (Berlin), Michael W\u00f6gerbauer (Prag)<\/p>\n\n\n\n<p>Ort: Campus der \u00d6sterreichischen Akademie der Wissenschaften in Wien<\/p>\n\n\n\n<p>Zielgruppe: Doktoranden und Doktorandinnen und Postdocs, die zu den o. g. Themen arbeiten.<\/p>\n\n\n\n<p>Konferenzsprachen: Deutsch und Englisch<\/p>\n\n\n\n<p><strong>Kontakt<\/strong><\/p>\n\n\n\n<p>Johannes Feichtinger summerschool@oeaw.ac.at<br>Franz Leander Fillafer summerschool@oeaw.ac.at<\/p>\n\n\n\n<hr class=\"wp-block-separator\"\/>\n\n\n\n<p><a href=\"https:\/\/www.hsozkult.de\/event\/id\/event-115246\">https:\/\/www.hsozkult.de\/event\/id\/event-115246<\/a><\/p>\n\n\n\n<hr class=\"wp-block-separator\"\/>\n","protected":false},"excerpt":{"rendered":"","protected":false},"author":2,"featured_media":6331,"comment_status":"open","ping_status":"open","sticky":false,"template":"","format":"standard","meta":{"_acf_changed":false,"jetpack_post_was_ever_published":false,"_jetpack_newsletter_access":"","_jetpack_dont_email_post_to_subs":false,"_jetpack_newsletter_tier_id":0,"_jetpack_memberships_contains_paywalled_content":false,"_jetpack_memberships_contains_paid_content":false,"footnotes":"","jetpack_publicize_message":"","jetpack_publicize_feature_enabled":true,"jetpack_social_post_already_shared":true,"jetpack_social_options":{"image_generator_settings":{"template":"highway","default_image_id":0,"font":"","enabled":false},"version":2}},"categories":[3,9],"tags":[],"class_list":["post-29358","post","type-post","status-publish","format-standard","has-post-thumbnail","hentry","category-novosti","category-skupovi"],"acf":{"facebook_opis":""},"jetpack_publicize_connections":[],"jetpack_featured_media_url":"https:\/\/i0.wp.com\/historiografija.hr\/wp-content\/uploads\/2017\/10\/hsozkult.png?fit=1006%2C241&ssl=1","jetpack_sharing_enabled":true,"jetpack-related-posts":[],"_links":{"self":[{"href":"https:\/\/historiografija.hr\/index.php?rest_route=\/wp\/v2\/posts\/29358","targetHints":{"allow":["GET"]}}],"collection":[{"href":"https:\/\/historiografija.hr\/index.php?rest_route=\/wp\/v2\/posts"}],"about":[{"href":"https:\/\/historiografija.hr\/index.php?rest_route=\/wp\/v2\/types\/post"}],"author":[{"embeddable":true,"href":"https:\/\/historiografija.hr\/index.php?rest_route=\/wp\/v2\/users\/2"}],"replies":[{"embeddable":true,"href":"https:\/\/historiografija.hr\/index.php?rest_route=%2Fwp%2Fv2%2Fcomments&post=29358"}],"version-history":[{"count":1,"href":"https:\/\/historiografija.hr\/index.php?rest_route=\/wp\/v2\/posts\/29358\/revisions"}],"predecessor-version":[{"id":29359,"href":"https:\/\/historiografija.hr\/index.php?rest_route=\/wp\/v2\/posts\/29358\/revisions\/29359"}],"wp:featuredmedia":[{"embeddable":true,"href":"https:\/\/historiografija.hr\/index.php?rest_route=\/wp\/v2\/media\/6331"}],"wp:attachment":[{"href":"https:\/\/historiografija.hr\/index.php?rest_route=%2Fwp%2Fv2%2Fmedia&parent=29358"}],"wp:term":[{"taxonomy":"category","embeddable":true,"href":"https:\/\/historiografija.hr\/index.php?rest_route=%2Fwp%2Fv2%2Fcategories&post=29358"},{"taxonomy":"post_tag","embeddable":true,"href":"https:\/\/historiografija.hr\/index.php?rest_route=%2Fwp%2Fv2%2Ftags&post=29358"}],"curies":[{"name":"wp","href":"https:\/\/api.w.org\/{rel}","templated":true}]}}