{"id":2935,"date":"2017-02-15T23:00:05","date_gmt":"2017-02-15T23:00:05","guid":{"rendered":"http:\/\/historiografija.hr\/?p=2935"},"modified":"2017-02-15T23:00:05","modified_gmt":"2017-02-15T23:00:05","slug":"nagradni-natjecaj-za-srednje-skole-arhiv-arhivsko-gradivo-arhivist","status":"publish","type":"post","link":"https:\/\/historiografija.hr\/?p=2935","title":{"rendered":"Nagradni natje\u010daj za srednje \u0161kole \u201eArhiv \/ arhivsko gradivo \/ arhivist\u201c"},"content":{"rendered":"<p align=\"justify\"><font  size=\"3\">  <br \/><\/font><\/p>\n<p align=\"justify\" style=\"background: white; margin: 0cm 0cm 10pt; line-height: 19.2pt; mso-margin-top-alt: auto; mso-margin-bottom-alt: auto;\"><b><span lang=\"HR\" style=\"font-family: &quot;Times New Roman&quot;,&quot;serif&quot;; font-size: 12pt; mso-fareast-font-family: &quot;Times New Roman&quot;; mso-ansi-language: HR; mso-fareast-language: EN-GB;\">Dr\u017eavni arhiv u Zagrebu raspisuje<\/span><\/b><span lang=\"HR\" style=\"font-family: &quot;Times New Roman&quot;,&quot;serif&quot;; font-size: 12pt; mso-fareast-font-family: &quot;Times New Roman&quot;; mso-ansi-language: HR; mso-fareast-language: EN-GB;\"><br \/> <b>nagradni natje\u010daj ZA SREDNJE \u0160KOLE<\/b><br \/> <b>za najbolji literarni rad, video ili strip <\/b><br \/> <b>&nbsp;na temu<\/b><br \/> <b>\u201eArhiv \/ arhivsko gradivo \/ arhivist\u201c<\/b><\/span><\/p>\n<p align=\"justify\"><font  size=\"3\">  <br \/><\/font><\/p>\n<p align=\"justify\" style=\"background: white; margin: 0cm 0cm 10pt; line-height: 19.2pt; mso-margin-top-alt: auto; mso-margin-bottom-alt: auto;\"><span lang=\"HR\" style=\"font-family: &quot;Times New Roman&quot;,&quot;serif&quot;; font-size: 12pt; mso-fareast-font-family: &quot;Times New Roman&quot;; mso-ansi-language: HR; mso-fareast-language: EN-GB;\">&nbsp;<\/span><\/p>\n<p align=\"justify\"><font  size=\"3\">  <br \/><\/font><\/p>\n<p align=\"justify\" style=\"background: white; margin: 0cm 0cm 10pt; line-height: 19.2pt; mso-margin-top-alt: auto; mso-margin-bottom-alt: auto;\"><span lang=\"HR\" style=\"font-family: &quot;Times New Roman&quot;,&quot;serif&quot;; font-size: 12pt; mso-fareast-font-family: &quot;Times New Roman&quot;; mso-ansi-language: HR; mso-fareast-language: EN-GB;\">U nagradnom natje\u010daju za najbolji rad na temu \u201eArhiv \/ arhivsko gradivo \/ arhivist\u201c mogu sudjelovati svi u\u010denici srednjih \u0161kola s podru\u010dja grada Zagreba te ostalih gradova i op\u0107ina s podru\u010dja nadle\u017enosti Dr\u017eavnog arhiva u Zagrebu.<\/span><\/p>\n<p align=\"justify\"><font  size=\"3\">  <br \/><\/font><\/p>\n<p align=\"justify\" style=\"background: white; margin: 0cm 0cm 10pt; line-height: 19.2pt; mso-margin-top-alt: auto; mso-margin-bottom-alt: auto;\"><span lang=\"HR\" style=\"font-family: &quot;Times New Roman&quot;,&quot;serif&quot;; font-size: 12pt; mso-fareast-font-family: &quot;Times New Roman&quot;; mso-ansi-language: HR; mso-fareast-language: EN-GB;\">&nbsp;<\/span><\/p>\n<p align=\"justify\"><font  size=\"3\">  <br \/><\/font><\/p>\n<p align=\"justify\" style=\"background: white; margin: 0cm 0cm 10pt; line-height: 19.2pt; mso-margin-top-alt: auto; mso-margin-bottom-alt: auto;\"><span lang=\"HR\" style=\"font-family: &quot;Times New Roman&quot;,&quot;serif&quot;; font-size: 12pt; mso-fareast-font-family: &quot;Times New Roman&quot;; mso-ansi-language: HR; mso-fareast-language: EN-GB;\">Natje\u010dajem se \u017eeli potaknuti u\u010denike da kroz pisani \/ crtani \/ vizualni oblik ilustriraju svoju predod\u017ebu o tome \u0161to je arhiv i arhivsko gradivo. Pristupnici sami odabiru oblik izra\u017eavanja svoje ideje, koja tematski odgovara predmetu natje\u010daja.<\/span><\/p>\n<p align=\"justify\"><font  size=\"3\">  <br \/><\/font><\/p>\n<p align=\"justify\" style=\"background: white; margin: 0cm 0cm 10pt; line-height: 19.2pt; mso-margin-top-alt: auto; mso-margin-bottom-alt: auto;\"><span lang=\"HR\" style=\"font-family: &quot;Times New Roman&quot;,&quot;serif&quot;; font-size: 12pt; mso-fareast-font-family: &quot;Times New Roman&quot;; mso-ansi-language: HR; mso-fareast-language: EN-GB;\">&nbsp;<\/span><\/p>\n<p align=\"justify\"><font  size=\"3\">  <br \/><\/font><\/p>\n<p align=\"justify\" style=\"background: white; margin: 0cm 0cm 10pt; line-height: 19.2pt; mso-margin-top-alt: auto; mso-margin-bottom-alt: auto;\"><span lang=\"HR\" style=\"font-family: &quot;Times New Roman&quot;,&quot;serif&quot;; font-size: 12pt; mso-fareast-font-family: &quot;Times New Roman&quot;; mso-ansi-language: HR; mso-fareast-language: EN-GB;\">Natje\u010dajem se \u017eeli osvijestiti zna\u010daj arhiva i va\u017enost arhivskog gradiva kao izvora za povijest i kulturu. Arhivi su \u010duvari pisane ba\u0161tine i kulturnog identiteta i kao takvi poti\u010du u\u010denike na kreativnost u radovima.<\/span><\/p>\n<p align=\"justify\"><font  size=\"3\">  <br \/><\/font><\/p>\n<p align=\"justify\" style=\"background: white; margin: 0cm 0cm 10pt; line-height: 19.2pt; mso-margin-top-alt: auto; mso-margin-bottom-alt: auto;\"><span lang=\"HR\" style=\"font-family: &quot;Times New Roman&quot;,&quot;serif&quot;; font-size: 12pt; mso-fareast-font-family: &quot;Times New Roman&quot;; mso-ansi-language: HR; mso-fareast-language: EN-GB;\">&nbsp;<\/span><\/p>\n<p align=\"justify\"><font  size=\"3\">  <br \/><\/font><\/p>\n<p align=\"justify\" style=\"background: white; margin: 0cm 0cm 10pt; line-height: 19.2pt; mso-margin-top-alt: auto; mso-margin-bottom-alt: auto;\"><span lang=\"HR\" style=\"font-family: &quot;Times New Roman&quot;,&quot;serif&quot;; font-size: 12pt; mso-fareast-font-family: &quot;Times New Roman&quot;; mso-ansi-language: HR; mso-fareast-language: EN-GB;\">Literarne radove treba pisati u obliku eseja hrvatskim standardnim jezikom. Svaki esej mora sadr\u017eavati najmanje \u0161est (6), a najvi\u0161e osam (8) autorskih kartica teksta (kartica teksta predstavlja 1800 znakova na stranici uklju\u010duju\u0107i razmake).<\/span><\/p>\n<p align=\"justify\"><font  size=\"3\">  <br \/><\/font><\/p>\n<p align=\"justify\" style=\"background: white; margin: 0cm 0cm 10pt; line-height: 19.2pt; mso-margin-top-alt: auto; mso-margin-bottom-alt: auto;\"><span lang=\"HR\" style=\"font-family: &quot;Times New Roman&quot;,&quot;serif&quot;; font-size: 12pt; mso-fareast-font-family: &quot;Times New Roman&quot;; mso-ansi-language: HR; mso-fareast-language: EN-GB;\">&nbsp;<\/span><\/p>\n<p align=\"justify\"><font  size=\"3\">  <br \/><\/font><\/p>\n<p align=\"justify\" style=\"background: white; margin: 0cm 0cm 10pt; line-height: 19.2pt; mso-margin-top-alt: auto; mso-margin-bottom-alt: auto;\"><span lang=\"HR\" style=\"font-family: &quot;Times New Roman&quot;,&quot;serif&quot;; font-size: 12pt; mso-fareast-font-family: &quot;Times New Roman&quot;; mso-ansi-language: HR; mso-fareast-language: EN-GB;\">Predvi\u0111ena trajanje videa je od 30 do 60 sekundi. Kod stripa se o\u010dekuje 1 do 2 stranice.<\/span><\/p>\n<p align=\"justify\"><font  size=\"3\">  <br \/><\/font><\/p>\n<p align=\"justify\" style=\"background: white; margin: 0cm 0cm 10pt; line-height: 19.2pt; mso-margin-top-alt: auto; mso-margin-bottom-alt: auto;\"><span lang=\"HR\" style=\"font-family: &quot;Times New Roman&quot;,&quot;serif&quot;; font-size: 12pt; mso-fareast-font-family: &quot;Times New Roman&quot;; mso-ansi-language: HR; mso-fareast-language: EN-GB;\">&nbsp;<\/span><\/p>\n<p align=\"justify\"><font  size=\"3\">  <br \/><\/font><\/p>\n<p align=\"justify\" style=\"background: white; margin: 0cm 0cm 10pt; line-height: 19.2pt; mso-margin-top-alt: auto; mso-margin-bottom-alt: auto;\"><span lang=\"HR\" style=\"font-family: &quot;Times New Roman&quot;,&quot;serif&quot;; font-size: 12pt; mso-fareast-font-family: &quot;Times New Roman&quot;; mso-ansi-language: HR; mso-fareast-language: EN-GB;\">Svaki rad treba sadr\u017eavati podatke o u\u010deniku (ime, prezime, razred, naziv \u0161kole) i mentoru (ime i prezime te podatke za kontakt).<\/span><\/p>\n<p align=\"justify\"><font  size=\"3\">  <br \/><\/font><\/p>\n<p align=\"justify\" style=\"background: white; margin: 0cm 0cm 10pt; line-height: 19.2pt; mso-margin-top-alt: auto; mso-margin-bottom-alt: auto;\"><span lang=\"HR\" style=\"font-family: &quot;Times New Roman&quot;,&quot;serif&quot;; font-size: 12pt; mso-fareast-font-family: &quot;Times New Roman&quot;; mso-ansi-language: HR; mso-fareast-language: EN-GB;\">&nbsp;<\/span><\/p>\n<p align=\"justify\"><font  size=\"3\">  <br \/><\/font><\/p>\n<p align=\"justify\" style=\"background: white; margin: 0cm 0cm 10pt; line-height: 19.2pt; mso-margin-top-alt: auto; mso-margin-bottom-alt: auto;\"><span lang=\"HR\" style=\"font-family: &quot;Times New Roman&quot;,&quot;serif&quot;; font-size: 12pt; mso-fareast-font-family: &quot;Times New Roman&quot;; mso-ansi-language: HR; mso-fareast-language: EN-GB;\">Svaka srednja \u0161kola mo\u017ee nominirati najvi\u0161e dva (2) rada.<\/span><\/p>\n<p align=\"justify\"><font  size=\"3\">  <br \/><\/font><\/p>\n<p align=\"justify\" style=\"background: white; margin: 0cm 0cm 10pt; line-height: 19.2pt; mso-margin-top-alt: auto; mso-margin-bottom-alt: auto;\"><span lang=\"HR\" style=\"font-family: &quot;Times New Roman&quot;,&quot;serif&quot;; font-size: 12pt; mso-fareast-font-family: &quot;Times New Roman&quot;; mso-ansi-language: HR; mso-fareast-language: EN-GB;\">&nbsp;<\/span><\/p>\n<p align=\"justify\"><font  size=\"3\">  <br \/><\/font><\/p>\n<p align=\"justify\" style=\"background: white; margin: 0cm 0cm 10pt; line-height: 19.2pt; mso-margin-top-alt: auto; mso-margin-bottom-alt: auto;\"><span lang=\"HR\" style=\"font-family: &quot;Times New Roman&quot;,&quot;serif&quot;; font-size: 12pt; mso-fareast-font-family: &quot;Times New Roman&quot;; mso-ansi-language: HR; mso-fareast-language: EN-GB;\">Djeca zaposlenih u Dr\u017eavnom arhivu u Zagrebu ne mogu sudjelovati u natje\u010daju.<\/span><\/p>\n<p align=\"justify\"><font  size=\"3\">  <br \/><\/font><\/p>\n<p align=\"justify\" style=\"background: white; margin: 0cm 0cm 10pt; line-height: 19.2pt; mso-margin-top-alt: auto; mso-margin-bottom-alt: auto;\"><span lang=\"HR\" style=\"font-family: &quot;Times New Roman&quot;,&quot;serif&quot;; font-size: 12pt; mso-fareast-font-family: &quot;Times New Roman&quot;; mso-ansi-language: HR; mso-fareast-language: EN-GB;\">&nbsp;<\/span><\/p>\n<p align=\"justify\"><font  size=\"3\">  <br \/><\/font><\/p>\n<p align=\"justify\" style=\"background: white; margin: 0cm 0cm 10pt; line-height: 19.2pt; mso-margin-top-alt: auto; mso-margin-bottom-alt: auto;\"><span lang=\"HR\" style=\"font-family: &quot;Times New Roman&quot;,&quot;serif&quot;; font-size: 12pt; mso-fareast-font-family: &quot;Times New Roman&quot;; mso-ansi-language: HR; mso-fareast-language: EN-GB;\">Vrednovanje radova izvr\u0161it \u0107e Prosudbeno povjerenstvo.<\/span><\/p>\n<p align=\"justify\"><font  size=\"3\">  <br \/><\/font><\/p>\n<p align=\"justify\" style=\"background: white; margin: 0cm 0cm 10pt; line-height: 19.2pt; mso-margin-top-alt: auto; mso-margin-bottom-alt: auto;\"><span lang=\"HR\" style=\"font-family: &quot;Times New Roman&quot;,&quot;serif&quot;; font-size: 12pt; mso-fareast-font-family: &quot;Times New Roman&quot;; mso-ansi-language: HR; mso-fareast-language: EN-GB;\">&nbsp;<\/span><\/p>\n<p align=\"justify\"><font  size=\"3\">  <br \/><\/font><\/p>\n<p align=\"justify\" style=\"background: white; margin: 0cm 0cm 10pt; line-height: 19.2pt; mso-margin-top-alt: auto; mso-margin-bottom-alt: auto;\"><span lang=\"HR\" style=\"font-family: &quot;Times New Roman&quot;,&quot;serif&quot;; font-size: 12pt; mso-fareast-font-family: &quot;Times New Roman&quot;; mso-ansi-language: HR; mso-fareast-language: EN-GB;\">Radovi \u0107e se vrednovati prema unaprijed utvr\u0111enim kriterijima:<\/span><\/p>\n<p align=\"justify\"><font  size=\"3\">  <br \/><\/font><\/p>\n<ul type=\"disc\">\n<p align=\"justify\"><font  size=\"3\">  <br \/><\/font><\/p>\n<li style=\"background: white; margin: 0cm 0cm 10pt; color: #000000; line-height: 19.2pt; font-style: normal; font-weight: normal; mso-margin-top-alt: auto; mso-margin-bottom-alt: auto; mso-list: l0 level1 lfo1; tab-stops: list 36.0pt;\">\n<div align=\"justify\"><span lang=\"HR\" style=\"font-family: &quot;Times New Roman&quot;,&quot;serif&quot;; font-size: 12pt; mso-fareast-font-family: &quot;Times New Roman&quot;; mso-ansi-language: HR; mso-fareast-language: EN-GB;\">odgovaranje zadanoj temi<\/span><\/div>\n<\/li>\n<p align=\"justify\"><font  size=\"3\">  <br \/><\/font><\/p>\n<li style=\"background: white; margin: 0cm 0cm 10pt; color: #000000; line-height: 19.2pt; font-style: normal; font-weight: normal; mso-margin-top-alt: auto; mso-margin-bottom-alt: auto; mso-list: l0 level1 lfo1; tab-stops: list 36.0pt;\">\n<div align=\"justify\"><span lang=\"HR\" style=\"font-family: &quot;Times New Roman&quot;,&quot;serif&quot;; font-size: 12pt; mso-fareast-font-family: &quot;Times New Roman&quot;; mso-ansi-language: HR; mso-fareast-language: EN-GB;\">kreativnost<\/span><\/div>\n<\/li>\n<p align=\"justify\"><font  size=\"3\"> <br \/><\/font><\/p>\n<\/ul>\n<p align=\"justify\"><font  size=\"3\">  <br \/><\/font><\/p>\n<p align=\"justify\" style=\"background: white; margin: 0cm 0cm 10pt; line-height: 19.2pt; mso-margin-top-alt: auto; mso-margin-bottom-alt: auto;\"><span lang=\"HR\" style=\"font-family: &quot;Times New Roman&quot;,&quot;serif&quot;; font-size: 12pt; mso-fareast-font-family: &quot;Times New Roman&quot;; mso-ansi-language: HR; mso-fareast-language: EN-GB;\">&nbsp;<\/span><\/p>\n<p align=\"justify\"><font  size=\"3\">  <br \/><\/font><\/p>\n<p align=\"justify\" style=\"background: white; margin: 0cm 0cm 10pt; line-height: 19.2pt; mso-margin-top-alt: auto; mso-margin-bottom-alt: auto;\"><span lang=\"HR\" style=\"font-family: &quot;Times New Roman&quot;,&quot;serif&quot;; font-size: 12pt; mso-fareast-font-family: &quot;Times New Roman&quot;; mso-ansi-language: HR; mso-fareast-language: EN-GB;\">U svakoj kategoriji odabrat \u0107e se jedan najbolji rad, a u\u010denik (autor) \u0107e primiti nov\u010danu nagradu od 500,00 kuna u obliku poklon bona.<\/span><\/p>\n<p align=\"justify\"><font  size=\"3\">  <br \/><\/font><\/p>\n<p align=\"justify\" style=\"background: white; margin: 0cm 0cm 10pt; line-height: 19.2pt; mso-margin-top-alt: auto; mso-margin-bottom-alt: auto;\"><span lang=\"HR\" style=\"font-family: &quot;Times New Roman&quot;,&quot;serif&quot;; font-size: 12pt; mso-fareast-font-family: &quot;Times New Roman&quot;; mso-ansi-language: HR; mso-fareast-language: EN-GB;\">&nbsp;<\/span><\/p>\n<p align=\"justify\"><font  size=\"3\">  <br \/><\/font><\/p>\n<p align=\"justify\" style=\"background: white; margin: 0cm 0cm 10pt; line-height: 19.2pt; mso-margin-top-alt: auto; mso-margin-bottom-alt: auto;\"><span lang=\"HR\" style=\"font-family: &quot;Times New Roman&quot;,&quot;serif&quot;; font-size: 12pt; mso-fareast-font-family: &quot;Times New Roman&quot;; mso-ansi-language: HR; mso-fareast-language: EN-GB;\">Podjela nagrada odr\u017eat \u0107e se u srijedu, 31. svibnja 2017. godine, na Dan grada Zagreba u Dr\u017eavnom arhiva u Zagrebu, Opati\u010dka 29.<\/span><\/p>\n<p align=\"justify\"><font  size=\"3\">  <br \/><\/font><\/p>\n<p align=\"justify\" style=\"background: white; margin: 0cm 0cm 10pt; line-height: 19.2pt; mso-margin-top-alt: auto; mso-margin-bottom-alt: auto;\"><span lang=\"HR\" style=\"font-family: &quot;Times New Roman&quot;,&quot;serif&quot;; font-size: 12pt; mso-fareast-font-family: &quot;Times New Roman&quot;; mso-ansi-language: HR; mso-fareast-language: EN-GB;\">&nbsp;<\/span><\/p>\n<p align=\"justify\"><font  size=\"3\">  <br \/><\/font><\/p>\n<p align=\"justify\" style=\"background: white; margin: 0cm 0cm 10pt; line-height: 19.2pt; mso-margin-top-alt: auto; mso-margin-bottom-alt: auto;\"><span lang=\"HR\" style=\"font-family: &quot;Times New Roman&quot;,&quot;serif&quot;; font-size: 12pt; mso-fareast-font-family: &quot;Times New Roman&quot;; mso-ansi-language: HR; mso-fareast-language: EN-GB;\">Natje\u010daj traje od <b>15. velja\u010de do 30. travnja 2017. godine<\/b>, kad je i rok za dostavu radova.<\/span><\/p>\n<p align=\"justify\"><font  size=\"3\">  <br \/><\/font><\/p>\n<p align=\"justify\" style=\"background: white; margin: 0cm 0cm 10pt; line-height: 19.2pt; mso-margin-top-alt: auto; mso-margin-bottom-alt: auto;\"><span lang=\"HR\" style=\"font-family: &quot;Times New Roman&quot;,&quot;serif&quot;; font-size: 12pt; mso-fareast-font-family: &quot;Times New Roman&quot;; mso-ansi-language: HR; mso-fareast-language: EN-GB;\">&nbsp;<\/span><\/p>\n<p align=\"justify\"><font  size=\"3\">  <br \/><\/font><\/p>\n<p align=\"justify\" style=\"background: white; margin: 0cm 0cm 10pt; line-height: 19.2pt; mso-margin-top-alt: auto; mso-margin-bottom-alt: auto;\"><span lang=\"HR\" style=\"font-family: &quot;Times New Roman&quot;,&quot;serif&quot;; font-size: 12pt; mso-fareast-font-family: &quot;Times New Roman&quot;; mso-ansi-language: HR; mso-fareast-language: EN-GB;\">Natje\u010daj \u0107e se objaviti putem mre\u017ene stranice Dr\u017eavnog arhiva u Zagrebu: <\/span><span lang=\"HR\" style=\"color: windowtext; font-family: &quot;Times New Roman&quot;,&quot;serif&quot;; font-size: 12pt; text-decoration: none; mso-fareast-font-family: &quot;Times New Roman&quot;; mso-ansi-language: HR; mso-fareast-language: EN-GB; text-underline: none;\"><a href=\"http:\/\/www.daz.hr\/\">www.daz.hr<\/a><\/span><\/p>\n<p align=\"justify\"><font  size=\"3\">  <br \/><\/font><\/p>\n<p align=\"justify\" style=\"background: white; margin: 0cm 0cm 10pt; line-height: 19.2pt; mso-margin-top-alt: auto; mso-margin-bottom-alt: auto;\"><span lang=\"HR\" style=\"font-family: &quot;Times New Roman&quot;,&quot;serif&quot;; font-size: 12pt; mso-fareast-font-family: &quot;Times New Roman&quot;; mso-ansi-language: HR; mso-fareast-language: EN-GB;\">&nbsp;<\/span><\/p>\n<p align=\"justify\"><font  size=\"3\">  <br \/><\/font><\/p>\n<p align=\"justify\" style=\"background: white; margin: 0cm 0cm 10pt; line-height: 19.2pt; mso-margin-top-alt: auto; mso-margin-bottom-alt: auto;\"><span lang=\"HR\" style=\"font-family: &quot;Times New Roman&quot;,&quot;serif&quot;; font-size: 12pt; mso-fareast-font-family: &quot;Times New Roman&quot;; mso-ansi-language: HR; mso-fareast-language: EN-GB;\">Radove se \u0161alje na adresu: <b>Dr\u017eavni arhiv u Zagrebu, Opati\u010dka 29, 10 000 Zagreb<\/b> s naznakom: \u201eZa natje\u010daj Arhiv \/ arhivsko gradivo \/ arhivist\u201c.<\/span><\/p>\n<p align=\"justify\"><font  size=\"3\">  <br \/><\/font><\/p>\n<p align=\"justify\" style=\"background: white; margin: 0cm 0cm 10pt; line-height: 19.2pt; mso-margin-top-alt: auto; mso-margin-bottom-alt: auto;\"><b><span lang=\"HR\" style=\"font-family: &quot;Times New Roman&quot;,&quot;serif&quot;; font-size: 12pt; mso-fareast-font-family: &quot;Times New Roman&quot;; mso-ansi-language: HR; mso-fareast-language: EN-GB;\">&nbsp;<\/span><\/b><\/p>\n<p align=\"justify\"><font  size=\"3\">  <br \/><\/font><\/p>\n<p align=\"justify\" style=\"background: white; margin: 0cm 0cm 10pt; line-height: 19.2pt; mso-margin-top-alt: auto; mso-margin-bottom-alt: auto;\"><span lang=\"HR\" style=\"font-family: &quot;Times New Roman&quot;,&quot;serif&quot;; font-size: 12pt; mso-fareast-font-family: &quot;Times New Roman&quot;; mso-ansi-language: HR; mso-fareast-language: EN-GB;\">Sudionici Natje\u010daja u cijelosti prihva\u0107aju i sla\u017eu se s uvjetima sudjelovanja, te slanjem radova pristaju da se isti mogu koristiti u promotivne svrhe organizatora uklju\u010duju\u0107i objavu na mre\u017enim stranicama Dr\u017eavnog arhiva u Zagrebu i u svim medijima. Autorska prava zadr\u017eava autor.<\/span><\/p>\n<p align=\"justify\"><font  size=\"3\">  <br \/><\/font><\/p>\n<p align=\"justify\" style=\"background: white; margin: 0cm 0cm 10pt; line-height: 19.2pt; mso-margin-top-alt: auto; mso-margin-bottom-alt: auto;\"><span lang=\"HR\" style=\"font-family: &quot;Times New Roman&quot;,&quot;serif&quot;; font-size: 12pt; mso-fareast-font-family: &quot;Times New Roman&quot;; mso-ansi-language: HR; mso-fareast-language: EN-GB;\">&nbsp;<\/span><\/p>\n<p align=\"justify\"><font  size=\"3\">  <br \/><\/font><\/p>\n<p align=\"justify\" style=\"background: white; margin: 0cm 0cm 10pt; line-height: 19.2pt; mso-margin-top-alt: auto; mso-margin-bottom-alt: auto;\"><span lang=\"HR\" style=\"font-family: &quot;Times New Roman&quot;,&quot;serif&quot;; font-size: 12pt; mso-fareast-font-family: &quot;Times New Roman&quot;; mso-ansi-language: HR; mso-fareast-language: EN-GB;\">Za sve dodatne informacije mo\u017eete se obratite djelatniku Dr\u017eavnog arhiva, g. B. Kerekovi\u0107u, na telefon 01\/ 48 07 150, ili na e-mail adresu: <\/span><span lang=\"HR\" style=\"color: windowtext; font-family: &quot;Times New Roman&quot;,&quot;serif&quot;; font-size: 12pt; text-decoration: none; mso-fareast-font-family: &quot;Times New Roman&quot;; mso-ansi-language: HR; mso-fareast-language: EN-GB; text-underline: none;\"><a href=\"mailto:bozidar.kerekovic@daz.hr\">bozidar.kerekovic@daz.hr<\/a><\/span><\/p>\n<p align=\"justify\"><font  size=\"3\">  <br \/><\/font><\/p>\n<p align=\"justify\" style=\"background: white; margin: 0cm 0cm 10pt; line-height: 19.2pt; mso-margin-top-alt: auto; mso-margin-bottom-alt: auto;\"><span lang=\"HR\" style=\"font-family: &quot;Times New Roman&quot;,&quot;serif&quot;; font-size: 12pt; mso-fareast-font-family: &quot;Times New Roman&quot;; mso-ansi-language: HR; mso-fareast-language: EN-GB;\">&nbsp;<\/span><\/p>\n<p align=\"justify\"><font  size=\"3\">  <br \/><\/font><\/p>\n<p align=\"justify\" style=\"background: white; margin: 0cm 0cm 10pt; line-height: 19.2pt; mso-margin-top-alt: auto; mso-margin-bottom-alt: auto;\"><span lang=\"HR\" style=\"font-family: &quot;Times New Roman&quot;,&quot;serif&quot;; font-size: 12pt; mso-fareast-font-family: &quot;Times New Roman&quot;; mso-ansi-language: HR; mso-fareast-language: EN-GB;\">Veselimo se uspje\u0161noj suradnji.<\/span><\/p>\n<p align=\"justify\"><font  size=\"3\">  <br \/><\/font><\/p>\n<p align=\"justify\" style=\"background: white; margin: 0cm 0cm 10pt; line-height: 19.2pt; mso-margin-top-alt: auto; mso-margin-bottom-alt: auto;\"><span lang=\"HR\" style=\"font-family: &quot;Times New Roman&quot;,&quot;serif&quot;; font-size: 12pt; mso-fareast-font-family: &quot;Times New Roman&quot;; mso-ansi-language: HR; mso-fareast-language: EN-GB;\">&nbsp;<\/span><\/p>\n<p align=\"justify\"><font  size=\"3\">  <br \/><\/font><\/p>\n<p align=\"justify\" style=\"background: white; margin: 0cm 0cm 10pt; line-height: 19.2pt; mso-margin-top-alt: auto; mso-margin-bottom-alt: auto;\"><span lang=\"HR\" style=\"font-family: &quot;Times New Roman&quot;,&quot;serif&quot;; font-size: 12pt; mso-fareast-font-family: &quot;Times New Roman&quot;; mso-ansi-language: HR; mso-fareast-language: EN-GB;\">Izvor: http:\/\/daz.hr\/nagradni-natjecaj-za-srednje-skole-arhiv-arhivsko-gradivo-arhivist\/<\/span><\/p>\n<p align=\"justify\"><font  size=\"3\">  <br \/><\/font><\/p>\n<p align=\"justify\" style=\"margin: 0cm 0cm 10pt;\"><span style=\"line-height: 115%; font-family: &quot;Times New Roman&quot;,&quot;serif&quot;; font-size: 12pt;\">&nbsp;<\/span><\/p>\n<p align=\"justify\"><font  size=\"3\">  <br \/><\/font><\/p>\n","protected":false},"excerpt":{"rendered":"","protected":false},"author":1,"featured_media":0,"comment_status":"open","ping_status":"open","sticky":false,"template":"","format":"standard","meta":{"_acf_changed":false,"jetpack_post_was_ever_published":false,"_jetpack_newsletter_access":"","_jetpack_dont_email_post_to_subs":false,"_jetpack_newsletter_tier_id":0,"_jetpack_memberships_contains_paywalled_content":false,"_jetpack_memberships_contains_paid_content":false,"footnotes":"","jetpack_publicize_message":"","jetpack_publicize_feature_enabled":true,"jetpack_social_post_already_shared":false,"jetpack_social_options":{"image_generator_settings":{"template":"highway","default_image_id":0,"font":"","enabled":false},"version":2}},"categories":[3],"tags":[],"class_list":["post-2935","post","type-post","status-publish","format-standard","hentry","category-novosti"],"acf":{"facebook_opis":""},"jetpack_publicize_connections":[],"jetpack_featured_media_url":"","jetpack_sharing_enabled":true,"jetpack-related-posts":[{"id":52148,"url":"https:\/\/historiografija.hr\/?p=52148","url_meta":{"origin":2935,"position":0},"title":"Poziv za prijavu na me\u0111unarodnu znanstvenu konferenciju \u201eGranice (ne)slobode: Zadarski krug 1966. Intelektualna opozicija u totalitarnom dru\u0161tvu\u201c","author":"Branimir Jankovi\u0107","date":"27. o\u017eujka 2026.","format":false,"excerpt":"\u00a0\u00a0\u00a0\u00a0 Povodom \u0161ezdesete obljetnice poku\u0161aja osnivanja \u010dasopisa Slobodan glas u Zadru 1966. godine, pozivamo vas na znanstvenu konferenciju posve\u0107enu istra\u017eivanju disidentstva, intelektualne opozicije i granica divergentnog mi\u0161ljenja nasuprot slu\u017ebenoj ideologiji u komunisti\u010dkoj Jugoslaviji. Ideja konferencije je analizirati konkretan fenomen zadarskog slu\u010daja razloge i okolnosti njegove pojave, ali uz otvaranje komparativnih\u2026","rel":"","context":"U &quot;Novosti&quot;","block_context":{"text":"Novosti","link":"https:\/\/historiografija.hr\/?cat=3"},"img":{"alt_text":"","src":"https:\/\/i0.wp.com\/historiografija.hr\/wp-content\/uploads\/2026\/03\/Poziv-konferencija-Zadar.jpg?fit=1200%2C509&ssl=1&resize=350%2C200","width":350,"height":200,"srcset":"https:\/\/i0.wp.com\/historiografija.hr\/wp-content\/uploads\/2026\/03\/Poziv-konferencija-Zadar.jpg?fit=1200%2C509&ssl=1&resize=350%2C200 1x, https:\/\/i0.wp.com\/historiografija.hr\/wp-content\/uploads\/2026\/03\/Poziv-konferencija-Zadar.jpg?fit=1200%2C509&ssl=1&resize=525%2C300 1.5x, https:\/\/i0.wp.com\/historiografija.hr\/wp-content\/uploads\/2026\/03\/Poziv-konferencija-Zadar.jpg?fit=1200%2C509&ssl=1&resize=700%2C400 2x, https:\/\/i0.wp.com\/historiografija.hr\/wp-content\/uploads\/2026\/03\/Poziv-konferencija-Zadar.jpg?fit=1200%2C509&ssl=1&resize=1050%2C600 3x"},"classes":[]},{"id":52633,"url":"https:\/\/historiografija.hr\/?p=52633","url_meta":{"origin":2935,"position":1},"title":"POVIJEST TRE\u0160NJEVA\u010cKE GLAZBE: prikupljanje virtualnog fundusa Muzeja susjedstva Tre\u0161njevka","author":"Branimir Jankovi\u0107","date":"23. travnja 2026.","format":false,"excerpt":"utorak 28. 4. 2026. 14 - 18 h Nova BAZA, Nova cesta 66, Zagreb Prvi su dani ljeta 1957. godine. Bo\u017eica Kalafati\u0107 poha\u0111a drugi razred Osnovne \u0161kole Bratstvo i jedinstvo, danas kralja Tomislava, a ide i na muzi\u010dke satove u Mo\u0161\u0107eni\u010dkoj ulici. Na fotografiji s harmonikom u rukama stoji u\u2026","rel":"","context":"U &quot;Novosti&quot;","block_context":{"text":"Novosti","link":"https:\/\/historiografija.hr\/?cat=3"},"img":{"alt_text":"","src":"https:\/\/i0.wp.com\/historiografija.hr\/wp-content\/uploads\/2026\/04\/MST_prikupljanje.jpg?fit=380%2C475&ssl=1&resize=350%2C200","width":350,"height":200},"classes":[]},{"id":52607,"url":"https:\/\/historiografija.hr\/?p=52607","url_meta":{"origin":2935,"position":2},"title":"No\u0107 knjige: Kako je prije 410 godina smr\u0107u Shakespearea i Cervantesa zavr\u0161ilo razdoblje renesanse u knji\u017eevnosti","author":"Branimir Jankovi\u0107","date":"22. travnja 2026.","format":false,"excerpt":"\u010cetvrtak, 23. travnja 2026. u 18:00 sati, Knji\u017eara Matice hrvatske, Ulica Matice hrvatske 2, Zagreb Uvodna rije\u010d: dr. sc.\u00a0Dubravka Brezak Stama\u0107, pro\u010delnica Odjela za knji\u017eevnost Matice hrvatske Prof. dr. sc. Ivan Lupi\u0107, redoviti profesor u Odsjeku za anglistiku i Odsjeku za kroatistiku Sveu\u010dili\u0161ta u RijeciShakespeare, kazali\u0161te, glazbaKada se susre\u0107emo sa\u2026","rel":"","context":"U &quot;Novosti&quot;","block_context":{"text":"Novosti","link":"https:\/\/historiografija.hr\/?cat=3"},"img":{"alt_text":"","src":"https:\/\/i0.wp.com\/historiografija.hr\/wp-content\/uploads\/2026\/04\/noc_knjige_2026.jpg?fit=680%2C276&ssl=1&resize=350%2C200","width":350,"height":200,"srcset":"https:\/\/i0.wp.com\/historiografija.hr\/wp-content\/uploads\/2026\/04\/noc_knjige_2026.jpg?fit=680%2C276&ssl=1&resize=350%2C200 1x, https:\/\/i0.wp.com\/historiografija.hr\/wp-content\/uploads\/2026\/04\/noc_knjige_2026.jpg?fit=680%2C276&ssl=1&resize=525%2C300 1.5x"},"classes":[]},{"id":52559,"url":"https:\/\/historiografija.hr\/?p=52559","url_meta":{"origin":2935,"position":3},"title":"Dobitnici dr\u017eavne nagrade za znanost za 2024. godinu","author":"Branimir Jankovi\u0107","date":"20. travnja 2026.","format":false,"excerpt":"Na sjednici Odbora za podjelu dr\u017eavnih nagrada za znanost odr\u017eanoj 16. travnja 2026. godine donesena je Odluka o dodjeli dr\u017eavnih nagrada za znanost za 2024. godinu. Godi\u0161njom nagradom za popularizaciju i promid\u017ebu znanosti nagra\u0111eni su u podru\u010dju humanisti\u010dkih znanosti znanstveni suradnici dr. sc. Josip Mihaljevi\u0107 i dr. sc. Gordan Ravan\u010di\u0107,\u2026","rel":"","context":"U &quot;Novosti&quot;","block_context":{"text":"Novosti","link":"https:\/\/historiografija.hr\/?cat=3"},"img":{"alt_text":"","src":"https:\/\/i0.wp.com\/historiografija.hr\/wp-content\/uploads\/2021\/12\/povijesne-kontroverze.jpg?fit=1200%2C675&ssl=1&resize=350%2C200","width":350,"height":200,"srcset":"https:\/\/i0.wp.com\/historiografija.hr\/wp-content\/uploads\/2021\/12\/povijesne-kontroverze.jpg?fit=1200%2C675&ssl=1&resize=350%2C200 1x, https:\/\/i0.wp.com\/historiografija.hr\/wp-content\/uploads\/2021\/12\/povijesne-kontroverze.jpg?fit=1200%2C675&ssl=1&resize=525%2C300 1.5x, https:\/\/i0.wp.com\/historiografija.hr\/wp-content\/uploads\/2021\/12\/povijesne-kontroverze.jpg?fit=1200%2C675&ssl=1&resize=700%2C400 2x, https:\/\/i0.wp.com\/historiografija.hr\/wp-content\/uploads\/2021\/12\/povijesne-kontroverze.jpg?fit=1200%2C675&ssl=1&resize=1050%2C600 3x"},"classes":[]},{"id":52589,"url":"https:\/\/historiografija.hr\/?p=52589","url_meta":{"origin":2935,"position":4},"title":"Predstavljena knjiga Miomira \u017du\u017eula &#8220;Dayton: Diplomacija &#8211; druga strana rata&#8221;","author":"Branimir Jankovi\u0107","date":"22. travnja 2026.","format":false,"excerpt":"Knjiga Miomira \u017du\u017eula \u201eDayton: Diplomacija \u2013 druga strana rata\u201d predstavljena je u srijedu, 22. travnja 2026. godine u foajeu Hrvatskoga narodnog kazali\u0161ta u Zagrebu. Op\u0161irnije: https:\/\/vijesti.hrt.hr\/hrvatska\/predstavljena-knjiga-miomira-zuzula-dayton-diplomacija-druga-strana-rata-12683259 https:\/\/www.vecernji.ba\/amp\/vijesti\/zuzulova-knjiga-o-daytonu-predstavljena-u-zagrebu-diplomacija-kao-druga-strana-rata-1953700 https:\/\/www.tportal.hr\/vijesti\/clanak\/bivsi-sanaderov-ministar-odrzao-promociju-evo-tko-je-sve-dosao-na-predstavljanje-knjige-miomira-zuzula-foto-20260422 https:\/\/direktno.hr\/zivot\/kultura\/zuzul-otkrio-sve-o-drugoj-strani-rata-za-hrvatsku-se-nije-libio-povuci-nekoga-i-za-kosu-395042 https:\/\/www.24sata.hr\/news\/miomir-zuzul-predstavio-je-knjigu-o-daytonu-diplomacija-je-bila-druga-strana-rata-1123152 https:\/\/www.vecernji.hr\/kultura\/kolinda-grabar-kitarovic-otvoreno-miomir-zuzul-nije-vukao-samo-za-rukav-nego-i-za-kosu-1953722 https:\/\/www.vecernji.hr\/kultura\/i-papa-lav-xiv-eksplicitno-je-daytonski-sporazum-istaknuo-kao-primjer-uspjesna-rjesavanja-sukoba-1952215","rel":"","context":"U &quot;Novosti&quot;","block_context":{"text":"Novosti","link":"https:\/\/historiografija.hr\/?cat=3"},"img":{"alt_text":"","src":"https:\/\/i0.wp.com\/historiografija.hr\/wp-content\/uploads\/2026\/04\/Dayton.jpg?fit=1024%2C683&ssl=1&resize=350%2C200","width":350,"height":200,"srcset":"https:\/\/i0.wp.com\/historiografija.hr\/wp-content\/uploads\/2026\/04\/Dayton.jpg?fit=1024%2C683&ssl=1&resize=350%2C200 1x, https:\/\/i0.wp.com\/historiografija.hr\/wp-content\/uploads\/2026\/04\/Dayton.jpg?fit=1024%2C683&ssl=1&resize=525%2C300 1.5x, https:\/\/i0.wp.com\/historiografija.hr\/wp-content\/uploads\/2026\/04\/Dayton.jpg?fit=1024%2C683&ssl=1&resize=700%2C400 2x"},"classes":[]},{"id":52666,"url":"https:\/\/historiografija.hr\/?p=52666","url_meta":{"origin":2935,"position":5},"title":"Najava programa Festivala povijesti Kliofest (5-8. V. 2026)","author":"Branimir Jankovi\u0107","date":"24. travnja 2026.","format":false,"excerpt":"Po trinaesti put odr\u017eava se Festival povijesti Kliofest! Do petka \u0107emo odr\u017eati osam okruglih stolova i dva kolokvija te niz predstavljanja knjiga i projekata razli\u010dite tematike, od antike do suvremenosti. Bit \u0107e predstavljeno i nekoliko izlo\u017ebi te odr\u017ean jedan povijesni kviz. Prikazat \u0107emo i jedan film \u2013 o generalu Boroevi\u0107u.\u2026","rel":"","context":"U &quot;Novosti&quot;","block_context":{"text":"Novosti","link":"https:\/\/historiografija.hr\/?cat=3"},"img":{"alt_text":"","src":"https:\/\/i0.wp.com\/historiografija.hr\/wp-content\/uploads\/2026\/04\/Kliofest-2026.jpg?fit=526%2C526&ssl=1&resize=350%2C200","width":350,"height":200,"srcset":"https:\/\/i0.wp.com\/historiografija.hr\/wp-content\/uploads\/2026\/04\/Kliofest-2026.jpg?fit=526%2C526&ssl=1&resize=350%2C200 1x, https:\/\/i0.wp.com\/historiografija.hr\/wp-content\/uploads\/2026\/04\/Kliofest-2026.jpg?fit=526%2C526&ssl=1&resize=525%2C300 1.5x"},"classes":[]}],"_links":{"self":[{"href":"https:\/\/historiografija.hr\/index.php?rest_route=\/wp\/v2\/posts\/2935","targetHints":{"allow":["GET"]}}],"collection":[{"href":"https:\/\/historiografija.hr\/index.php?rest_route=\/wp\/v2\/posts"}],"about":[{"href":"https:\/\/historiografija.hr\/index.php?rest_route=\/wp\/v2\/types\/post"}],"author":[{"embeddable":true,"href":"https:\/\/historiografija.hr\/index.php?rest_route=\/wp\/v2\/users\/1"}],"replies":[{"embeddable":true,"href":"https:\/\/historiografija.hr\/index.php?rest_route=%2Fwp%2Fv2%2Fcomments&post=2935"}],"version-history":[{"count":0,"href":"https:\/\/historiografija.hr\/index.php?rest_route=\/wp\/v2\/posts\/2935\/revisions"}],"wp:attachment":[{"href":"https:\/\/historiografija.hr\/index.php?rest_route=%2Fwp%2Fv2%2Fmedia&parent=2935"}],"wp:term":[{"taxonomy":"category","embeddable":true,"href":"https:\/\/historiografija.hr\/index.php?rest_route=%2Fwp%2Fv2%2Fcategories&post=2935"},{"taxonomy":"post_tag","embeddable":true,"href":"https:\/\/historiografija.hr\/index.php?rest_route=%2Fwp%2Fv2%2Ftags&post=2935"}],"curies":[{"name":"wp","href":"https:\/\/api.w.org\/{rel}","templated":true}]}}