{"id":2932,"date":"2017-02-15T23:00:05","date_gmt":"2017-02-15T23:00:05","guid":{"rendered":"http:\/\/historiografija.hr\/?p=2932"},"modified":"2020-12-21T17:16:46","modified_gmt":"2020-12-21T17:16:46","slug":"uz-smrt-tzvetana-todorova","status":"publish","type":"post","link":"https:\/\/historiografija.hr\/?p=2932","title":{"rendered":"Uz smrt Tzvetana Todorova"},"content":{"rendered":"<p align=\"justify\"><font size=\"3\"><br \/>\n<\/font><\/p>\n<p style=\"margin: 0cm 0cm 10pt;\" align=\"justify\"><span lang=\"HR\"><font size=\"3\" face=\"Calibri\">Poznati francuski teoreti\u010dar knji\u017eevnosti i povjesni\u010dar ideja <b style=\"mso-bidi-font-weight: normal;\">Tzvetan Todorov<\/b> (1939-2017) umro je u 77. godini. Iskustvo bugarskog komunizma odredilo je njegovu preokupaciju totalitarizmom. Me\u0111u mnogim njegovim knjigama danas je posebno va\u017ena knjiga <i style=\"mso-bidi-font-style: normal;\">Duh prosvjetiteljstva<\/i>. <\/font><\/span><\/p>\n<p align=\"justify\"><font size=\"3\"><br \/>\n<\/font><\/p>\n<p style=\"margin: 0cm 0cm 10pt;\" align=\"justify\"><span lang=\"HR\"><font size=\"3\" face=\"Calibri\">&nbsp;<\/font><\/span><\/p>\n<p align=\"justify\"><font size=\"3\"><br \/>\n<\/font><\/p>\n<p style=\"margin: 0cm 0cm 10pt;\" align=\"justify\"><span lang=\"HR\"><font size=\"3\" face=\"Calibri\">&#8212;<\/font><\/span><\/p>\n<p align=\"justify\"><font size=\"3\"><br \/>\n<\/font><\/p>\n<p style=\"margin: 0cm 0cm 10pt;\" align=\"justify\"><span lang=\"HR\"><font size=\"3\" face=\"Calibri\">&nbsp;<\/font><\/span><\/p>\n<p align=\"justify\"><font size=\"3\"><br \/>\n<\/font><\/p>\n<p style=\"margin: 0cm 0cm 10pt;\" align=\"justify\"><b style=\"mso-bidi-font-weight: normal;\"><span lang=\"HR\"><font size=\"3\" face=\"Calibri\">Tzvetan Todorov<\/font><\/span><\/b><\/p>\n<p align=\"justify\"><font size=\"3\"><br \/>\n<\/font><\/p>\n<p style=\"margin: 0cm 0cm 10pt;\" align=\"justify\"><span lang=\"HR\"><font size=\"3\" face=\"Calibri\">&nbsp;<\/font><\/span><\/p>\n<p align=\"justify\"><font size=\"3\"><br \/>\n<\/font><\/p>\n<p style=\"margin: 0cm 0cm 10pt;\" align=\"justify\"><i style=\"mso-bidi-font-style: normal;\"><span lang=\"HR\"><font size=\"3\" face=\"Calibri\">Hrvatska enciklopedija<\/font><\/span><\/i><\/p>\n<p align=\"justify\"><font size=\"3\"><br \/>\n<\/font><\/p>\n<p style=\"margin: 0cm 0cm 10pt;\" align=\"justify\"><span lang=\"HR\"><font size=\"3\" face=\"Calibri\">&nbsp;<\/font><\/span><\/p>\n<p align=\"justify\"><font size=\"3\"><br \/>\n<\/font><\/p>\n<p style=\"margin: 0cm 0cm 10pt;\" align=\"justify\"><span lang=\"HR\"><font size=\"3\" face=\"Calibri\">http:\/\/www.enciklopedija.hr\/natuknica.aspx?id=61579<\/font><\/span><\/p>\n<p align=\"justify\"><font size=\"3\"><br \/>\n<\/font><\/p>\n<p style=\"margin: 0cm 0cm 10pt;\" align=\"justify\"><span lang=\"HR\"><font size=\"3\" face=\"Calibri\">&nbsp;<\/font><\/span><\/p>\n<p align=\"justify\"><font size=\"3\"><br \/>\n<\/font><\/p>\n<p style=\"margin: 0cm 0cm 10pt;\" align=\"justify\"><span lang=\"HR\"><font size=\"3\" face=\"Calibri\">&#8212;<\/font><\/span><\/p>\n<p align=\"justify\"><font size=\"3\"><br \/>\n<\/font><\/p>\n<p style=\"margin: 0cm 0cm 10pt;\" align=\"justify\"><b style=\"mso-bidi-font-weight: normal;\"><i style=\"mso-bidi-font-style: normal;\"><span lang=\"HR\"><font size=\"3\" face=\"Calibri\">&nbsp;<\/font><\/span><\/i><\/b><\/p>\n<p align=\"justify\"><font size=\"3\"><br \/>\n<\/font><\/p>\n<p style=\"margin: 0cm 0cm 10pt;\" align=\"justify\"><b style=\"mso-bidi-font-weight: normal;\"><i style=\"mso-bidi-font-style: normal;\"><span lang=\"HR\"><font size=\"3\" face=\"Calibri\">Preminuo Tzvetan Todorov<\/font><\/span><\/i><\/b><\/p>\n<p align=\"justify\"><font size=\"3\"><br \/>\n<\/font><\/p>\n<p style=\"margin: 0cm 0cm 10pt;\" align=\"justify\"><span lang=\"HR\"><font size=\"3\" face=\"Calibri\">&nbsp;<\/font><\/span><\/p>\n<p align=\"justify\"><font size=\"3\"><br \/>\n<\/font><\/p>\n<p style=\"margin: 0cm 0cm 10pt;\" align=\"justify\"><span lang=\"HR\"><font size=\"3\" face=\"Calibri\">Tzvetan Todorov, poznati francuski esejist i teoreti\u010dar knji\u017eevnosti, preminuo je sino\u0107, 7. velja\u010de 2017., u Parizu u 77 godini. Autor je brojnih knjiga i eseja iz podru\u010dja sociologije, antropologije, kulturalne teorije i povijesti ideja. Dobitnik je nekoliko va\u017enih nagrada, uklju\u010duju\u0107i i onu Francuske akademije u 2011. godini za cjelokupni rad. Todorov je poznat i hrvatskoj \u010ditala\u010dkoj publici \u2013 njegove knjige <i style=\"mso-bidi-font-style: normal;\">Strah od barbara: s onu stranu sukoba civilizacija<\/i> (TIM press, 2009.), <i style=\"mso-bidi-font-style: normal;\">Duh prosvjetiteljstva<\/i> (TIM press, 2015.) i <i style=\"mso-bidi-font-style: normal;\">Osvajanje Amerike: pitanje drugoga<\/i> (Naklada Pelago, 2016.) prevedene su na hrvatski.<\/font><\/span><\/p>\n<p align=\"justify\"><font size=\"3\"><br \/>\n<\/font><\/p>\n<p style=\"margin: 0cm 0cm 10pt;\" align=\"justify\"><span lang=\"HR\"><font size=\"3\" face=\"Calibri\">&nbsp;<\/font><\/span><\/p>\n<p align=\"justify\"><font size=\"3\"><br \/>\n<\/font><\/p>\n<p style=\"margin: 0cm 0cm 10pt;\" align=\"justify\"><span lang=\"HR\"><a href=\"http:\/\/www.tim-press.hr\/\"><font size=\"3\" face=\"Calibri\" color=\"#0000ff\">http:\/\/www.tim-press.hr\/<\/font><\/a><\/span><\/p>\n<p align=\"justify\"><font size=\"3\"><br \/>\n<\/font><\/p>\n<p style=\"margin: 0cm 0cm 10pt;\" align=\"justify\"><span lang=\"HR\"><font size=\"3\" face=\"Calibri\">&nbsp;<\/font><\/span><\/p>\n<p align=\"justify\"><font size=\"3\"><br \/>\n<\/font><\/p>\n<p style=\"margin: 0cm 0cm 10pt;\" align=\"justify\"><span lang=\"HR\"><font size=\"3\" face=\"Calibri\">&#8212;<\/font><\/span><\/p>\n<p align=\"justify\"><font size=\"3\"><br \/>\n<\/font><\/p>\n<p style=\"margin: 0cm 0cm 10pt;\" align=\"justify\"><span lang=\"HR\"><font size=\"3\" face=\"Calibri\">&nbsp;<\/font><\/span><\/p>\n<p align=\"justify\"><font size=\"3\"><br \/>\n<\/font><\/p>\n<p style=\"margin: 0cm 0cm 10pt;\" align=\"justify\"><span lang=\"HR\"><font size=\"3\" face=\"Calibri\">Institut Fran\u00e7ais de Croatie<\/font><\/span><\/p>\n<p align=\"justify\"><font size=\"3\"><br \/>\n<\/font><\/p>\n<p style=\"margin: 0cm 0cm 10pt;\" align=\"justify\"><span lang=\"HR\"><font size=\"3\" face=\"Calibri\">&nbsp;<\/font><\/span><\/p>\n<p align=\"justify\"><font size=\"3\"><br \/>\n<\/font><\/p>\n<p style=\"margin: 0cm 0cm 10pt;\" align=\"justify\"><b style=\"mso-bidi-font-weight: normal;\"><span lang=\"HR\"><font size=\"3\" face=\"Calibri\">U 77. godini \u017eivota napustio nas je filozof i povjesni\u010dar Tzvetan Todorov <\/font><\/span><\/b><\/p>\n<p align=\"justify\"><font size=\"3\"><br \/>\n<\/font><\/p>\n<p style=\"margin: 0cm 0cm 10pt;\" align=\"justify\"><span lang=\"HR\"><font size=\"3\" face=\"Calibri\">&nbsp;<\/font><\/span><\/p>\n<p align=\"justify\"><font size=\"3\"><br \/>\n<\/font><\/p>\n<p style=\"margin: 0cm 0cm 10pt;\" align=\"justify\"><span lang=\"HR\"><font face=\"Calibri\"><font size=\"3\"><span style=\"mso-spacerun: yes;\">&nbsp;<\/span>https:\/\/www.facebook.com\/InstitutFrancaisZagreb\/posts\/1217472794967868:0<\/font><\/font><\/span><\/p>\n<p align=\"justify\"><font size=\"3\"><br \/>\n<\/font><\/p>\n<p style=\"margin: 0cm 0cm 10pt;\" align=\"justify\"><span lang=\"HR\"><font size=\"3\" face=\"Calibri\">&nbsp;<\/font><\/span><\/p>\n<p align=\"justify\"><font size=\"3\"><br \/>\n<\/font><\/p>\n<p style=\"margin: 0cm 0cm 10pt;\" align=\"justify\"><span lang=\"HR\"><font size=\"3\" face=\"Calibri\">&#8212;<\/font><\/span><\/p>\n<p align=\"justify\"><font size=\"3\"><br \/>\n<\/font><\/p>\n<p style=\"margin: 0cm 0cm 10pt;\" align=\"justify\"><span lang=\"HR\"><font size=\"3\" face=\"Calibri\">&nbsp;<\/font><\/span><\/p>\n<p align=\"justify\"><font size=\"3\"><br \/>\n<\/font><\/p>\n<p style=\"margin: 0cm 0cm 10pt;\" align=\"justify\"><span lang=\"HR\"><font size=\"3\" face=\"Calibri\">Ivo Banac<\/font><\/span><\/p>\n<p align=\"justify\"><font size=\"3\"><br \/>\n<\/font><\/p>\n<p style=\"margin: 0cm 0cm 10pt;\" align=\"justify\"><span lang=\"HR\"><font size=\"3\" face=\"Calibri\">&nbsp;<\/font><\/span><\/p>\n<p align=\"justify\"><font size=\"3\"><br \/>\n<\/font><\/p>\n<p style=\"margin: 0cm 0cm 10pt;\" align=\"justify\"><b style=\"mso-bidi-font-weight: normal;\"><span lang=\"HR\"><font size=\"3\" face=\"Calibri\">P. S.: Odlazak Cvetana Todorova<\/font><\/span><\/b><\/p>\n<p align=\"justify\"><font size=\"3\"><br \/>\n<\/font><\/p>\n<p style=\"margin: 0cm 0cm 10pt;\" align=\"justify\"><b style=\"mso-bidi-font-weight: normal;\"><span lang=\"HR\"><font size=\"3\" face=\"Calibri\">&nbsp;<\/font><\/span><\/b><\/p>\n<p align=\"justify\"><font size=\"3\"><br \/>\n<\/font><\/p>\n<p style=\"margin: 0cm 0cm 10pt;\" align=\"justify\"><span lang=\"HR\"><font size=\"3\" face=\"Calibri\">http:\/\/www.jutarnji.hr\/komentari\/ivo-banac-dont-thai-kosovo\/5613295\/<\/font><\/span><\/p>\n<p align=\"justify\"><font size=\"3\"><br \/>\n<\/font><\/p>\n<p style=\"margin: 0cm 0cm 10pt;\" align=\"justify\"><span lang=\"HR\"><font size=\"3\" face=\"Calibri\">&nbsp;<\/font><\/span><\/p>\n<p align=\"justify\"><font size=\"3\"><br \/>\n<\/font><\/p>\n<p style=\"margin: 0cm 0cm 10pt;\" align=\"justify\"><span lang=\"HR\"><font size=\"3\" face=\"Calibri\">&#8212;<\/font><\/span><\/p>\n<p align=\"justify\"><font size=\"3\"><br \/>\n<\/font><\/p>\n<p style=\"margin: 0cm 0cm 10pt;\" align=\"justify\"><span lang=\"HR\"><font size=\"3\" face=\"Calibri\">&nbsp;<\/font><\/span><\/p>\n<p align=\"justify\"><font size=\"3\"><br \/>\n<\/font><\/p>\n<p style=\"margin: 0cm 0cm 10pt;\" align=\"justify\"><b style=\"mso-bidi-font-weight: normal;\"><span lang=\"HR\"><font size=\"3\" face=\"Calibri\">Cvetan Todorov (1939 &#8211; 2017)<\/font><\/span><\/b><\/p>\n<p align=\"justify\"><font size=\"3\"><br \/>\n<\/font><\/p>\n<p style=\"margin: 0cm 0cm 10pt;\" align=\"justify\"><span lang=\"HR\"><font size=\"3\" face=\"Calibri\">&nbsp;<\/font><\/span><\/p>\n<p align=\"justify\"><font size=\"3\"><br \/>\n<\/font><\/p>\n<p style=\"margin: 0cm 0cm 10pt;\" align=\"justify\"><span lang=\"HR\"><font size=\"3\" face=\"Calibri\"><a href=\"http:\/\/www.booksa.hr\/vijesti\/blitz-vijesti\/cvetan-todorov-1939-2017\">http:\/\/www.booksa.hr\/vijesti\/blitz-vijesti\/cvetan-todorov-1939-2017<\/a><\/font><\/span><\/p>\n<p style=\"margin: 0cm 0cm 10pt;\" align=\"justify\"><span lang=\"HR\"><font size=\"3\" face=\"Calibri\"><br \/>\n<\/font><\/span><\/p>\n<p style=\"margin: 0cm 0cm 10pt;\" align=\"justify\"><span lang=\"HR\"><font size=\"3\" face=\"Calibri\"><br \/>\n<\/font><\/span><\/p>\n<p style=\"margin: 0cm 0cm 10pt;\" align=\"justify\"><span lang=\"HR\"><font size=\"3\" face=\"Calibri\"><br \/>\n<\/font><\/span><\/p>\n<p align=\"justify\"><font size=\"3\"><br \/>\n<\/font><\/p>\n","protected":false},"excerpt":{"rendered":"","protected":false},"author":1,"featured_media":0,"comment_status":"open","ping_status":"open","sticky":false,"template":"","format":"standard","meta":{"_acf_changed":false,"jetpack_post_was_ever_published":false,"_jetpack_newsletter_access":"","_jetpack_dont_email_post_to_subs":false,"_jetpack_newsletter_tier_id":0,"_jetpack_memberships_contains_paywalled_content":false,"_jetpack_memberships_contains_paid_content":false,"footnotes":"","jetpack_publicize_message":"","jetpack_publicize_feature_enabled":true,"jetpack_social_post_already_shared":false,"jetpack_social_options":{"image_generator_settings":{"template":"highway","default_image_id":0,"font":"","enabled":false},"version":2}},"categories":[3,20],"tags":[],"class_list":["post-2932","post","type-post","status-publish","format-standard","hentry","category-novosti","category-obavijesti-o-smrti-i-nekrolozi"],"acf":{"facebook_opis":""},"jetpack_publicize_connections":[],"jetpack_featured_media_url":"","jetpack_sharing_enabled":true,"jetpack-related-posts":[{"id":52733,"url":"https:\/\/historiografija.hr\/?p=52733","url_meta":{"origin":2932,"position":0},"title":"Vlado Raji\u0107 \u201eGranica na kraju stolje\u0107a\u201c","author":"Filip \u0160imunjak","date":"29. travnja 2026.","format":false,"excerpt":"U suizdanju Durieuxa i Beletre objavljena je 2025. godine knjiga Granica na kraju stolje\u0107a autora Vlade Raji\u0107a.\u00a0 O knjizi\u00a0 Romansirana biografija Vladimira Iblera mnogo je vi\u0161e od zanimljive pri\u010de o privatnom \u017eivotu i impresivnoj profesionalnoj karijeri istaknutog stru\u010dnjaka za me\u0111unarodno pravo i dugo\u00adgodi\u0161njeg profesora na zagreba\u010dkom Pravnom fakultetu, akademika, koji\u2026","rel":"","context":"U &quot;Knjige&quot;","block_context":{"text":"Knjige","link":"https:\/\/historiografija.hr\/?cat=8"},"img":{"alt_text":"","src":"https:\/\/i0.wp.com\/historiografija.hr\/wp-content\/uploads\/2026\/04\/VLADO-RAJIC-GRANICA-NA-KRAJU-STOLJECA.jpg?fit=450%2C650&ssl=1&resize=350%2C200","width":350,"height":200},"classes":[]},{"id":52631,"url":"https:\/\/historiografija.hr\/?p=52631","url_meta":{"origin":2932,"position":1},"title":"Predavanje Ivana Tepe\u0161a: Djelovanje hrvatske politi\u010dke emigracije","author":"Branimir Jankovi\u0107","date":"23. travnja 2026.","format":false,"excerpt":"Odjel za me\u0111unarodnu suradnju i iseljeni\u0161tvo Matice hrvatske Predavanje Ivana Tepe\u0161a: Djelovanje hrvatske politi\u010dke emigracije Utorak, 28. travnja 2026. u 18:00 sati, Dvorana Ljudevita Jonkea (Mala dvorana MH), Strossmayerov trg 4, Zagreb dr. sc. Ivan Tepe\u0161, Institut za istra\u017eivanje migracija Hrvatska politi\u010dka emigracija obilje\u017eila je polustoljetnu hrvatsku povijest u drugoj\u2026","rel":"","context":"U &quot;Novosti&quot;","block_context":{"text":"Novosti","link":"https:\/\/historiografija.hr\/?cat=3"},"img":{"alt_text":"","src":"","width":0,"height":0},"classes":[]},{"id":52505,"url":"https:\/\/historiografija.hr\/?p=52505","url_meta":{"origin":2932,"position":2},"title":"Izlo\u017eba &#8220;Eschenstock \/ Jasenov prut&#8221;","author":"Branimir Jankovi\u0107","date":"17. travnja 2026.","format":false,"excerpt":"Srpsko narodno vije\u0107e (SNV) i Vizura aperta postavljaju izlo\u017ebu \u0161vicarskog slikara Velimira Ili\u0161evi\u0107a: Eschenstock \/ Jasenov prut. Izlo\u017eba se uz prisustvo autora otvara povodom 81. godi\u0161njice proboja logora\u0161a iz usta\u0161kog logora smrti Jasenovac 22. aprila 2026. u 19 sati u Srpskom kulturnom centru (SKC) u Preradovi\u0107evoj ulici 21 u Zagrebu.\u2026","rel":"","context":"U &quot;Izlo\u017ebe&quot;","block_context":{"text":"Izlo\u017ebe","link":"https:\/\/historiografija.hr\/?cat=10"},"img":{"alt_text":"","src":"https:\/\/i0.wp.com\/historiografija.hr\/wp-content\/uploads\/2026\/04\/Jasenov_prut.jpg?fit=1024%2C640&ssl=1&resize=350%2C200","width":350,"height":200,"srcset":"https:\/\/i0.wp.com\/historiografija.hr\/wp-content\/uploads\/2026\/04\/Jasenov_prut.jpg?fit=1024%2C640&ssl=1&resize=350%2C200 1x, https:\/\/i0.wp.com\/historiografija.hr\/wp-content\/uploads\/2026\/04\/Jasenov_prut.jpg?fit=1024%2C640&ssl=1&resize=525%2C300 1.5x, https:\/\/i0.wp.com\/historiografija.hr\/wp-content\/uploads\/2026\/04\/Jasenov_prut.jpg?fit=1024%2C640&ssl=1&resize=700%2C400 2x"},"classes":[]},{"id":52508,"url":"https:\/\/historiografija.hr\/?p=52508","url_meta":{"origin":2932,"position":3},"title":"Glazbena radionica \u201eDUGMETARA REVISITED\u201c","author":"Branimir Jankovi\u0107","date":"17. travnja 2026.","format":false,"excerpt":"DUGMETARA REVISITED glazbena radionica vodi: Ana Horvat 13., 20. i 27. travnja, od 18 do 20 sati Radiona, Nova cesta 186 Na tri radioni\u010dka susreta uranjamo u naslje\u0111e Dugmetare, biv\u0161e tvornice dugmadi na Savskoj cesti koja je po\u010detkom 2000-ih igrom slu\u010daja postala \u017eivo, jedinstveno mjesto glazbene proizvodnje. Svoje su probe\u2026","rel":"","context":"U &quot;Novosti&quot;","block_context":{"text":"Novosti","link":"https:\/\/historiografija.hr\/?cat=3"},"img":{"alt_text":"","src":"https:\/\/i0.wp.com\/historiografija.hr\/wp-content\/uploads\/2026\/04\/TRESNJA_TRESTI.jpg?fit=380%2C475&ssl=1&resize=350%2C200","width":350,"height":200},"classes":[]},{"id":52592,"url":"https:\/\/historiografija.hr\/?p=52592","url_meta":{"origin":2932,"position":4},"title":"Predstavljanje knjige &#8220;Turska ku\u0107a u Rijeci&#8221; u Zagrebu","author":"Branimir Jankovi\u0107","date":"22. travnja 2026.","format":false,"excerpt":"U prostorijama Turskog kulturnog centra Yunus Emre u Zagrebu, u utorak 21. travnja 2026. godine, odr\u017eano je sve\u010dano predstavljanje dopunjenog izdanja knjige Turska ku\u0107a u Rijeci, u organizaciji Hrvatsko-turskog dru\u0161tva Rijeka i partnerstvu sa Skupinom prijateljstva Hrvatska-Turska Hrvatskog sabora, Veleposlanstvom Republike Turske u Republici Hrvatskoj te Turskim kulturnim centrom Yunus\u2026","rel":"","context":"U &quot;Novosti&quot;","block_context":{"text":"Novosti","link":"https:\/\/historiografija.hr\/?cat=3"},"img":{"alt_text":"","src":"https:\/\/i0.wp.com\/historiografija.hr\/wp-content\/uploads\/2026\/04\/Turska-kuca-ZG.jpg?fit=1200%2C800&ssl=1&resize=350%2C200","width":350,"height":200,"srcset":"https:\/\/i0.wp.com\/historiografija.hr\/wp-content\/uploads\/2026\/04\/Turska-kuca-ZG.jpg?fit=1200%2C800&ssl=1&resize=350%2C200 1x, https:\/\/i0.wp.com\/historiografija.hr\/wp-content\/uploads\/2026\/04\/Turska-kuca-ZG.jpg?fit=1200%2C800&ssl=1&resize=525%2C300 1.5x, https:\/\/i0.wp.com\/historiografija.hr\/wp-content\/uploads\/2026\/04\/Turska-kuca-ZG.jpg?fit=1200%2C800&ssl=1&resize=700%2C400 2x, https:\/\/i0.wp.com\/historiografija.hr\/wp-content\/uploads\/2026\/04\/Turska-kuca-ZG.jpg?fit=1200%2C800&ssl=1&resize=1050%2C600 3x"},"classes":[]},{"id":52628,"url":"https:\/\/historiografija.hr\/?p=52628","url_meta":{"origin":2932,"position":5},"title":"Predavanje dopisnog \u010dlana HAZU Alaina Finkielkrauta Izrael, Europa, antisemitizam","author":"Branimir Jankovi\u0107","date":"23. travnja 2026.","format":false,"excerpt":"Francuski filozof Alain Finkielkraut, redoviti \u010dlan Francuske akademije i dopisni \u010dlan HAZU, odr\u017eat \u0107e predavanje\u00a0Izrael, Europa, antisemitizam u utorak 28. travnja 2026. u 13 sati u Knji\u017enici HAZU,\u00a0Strossmayerov trg 14 u Zagrebu. Uvodne rije\u010di odr\u017eat \u0107e\u00a0akademkinja \u017deljka \u010corak i\u00a0akademik Dra\u017een Katunari\u0107. Predavanje \u0107e se odr\u017eati na francuskom jeziku uz konsekutivno\u2026","rel":"","context":"U &quot;Novosti&quot;","block_context":{"text":"Novosti","link":"https:\/\/historiografija.hr\/?cat=3"},"img":{"alt_text":"","src":"https:\/\/i0.wp.com\/historiografija.hr\/wp-content\/uploads\/2026\/04\/Alain_Finkielkraut.jpg?fit=350%2C407&ssl=1&resize=350%2C200","width":350,"height":200},"classes":[]}],"_links":{"self":[{"href":"https:\/\/historiografija.hr\/index.php?rest_route=\/wp\/v2\/posts\/2932","targetHints":{"allow":["GET"]}}],"collection":[{"href":"https:\/\/historiografija.hr\/index.php?rest_route=\/wp\/v2\/posts"}],"about":[{"href":"https:\/\/historiografija.hr\/index.php?rest_route=\/wp\/v2\/types\/post"}],"author":[{"embeddable":true,"href":"https:\/\/historiografija.hr\/index.php?rest_route=\/wp\/v2\/users\/1"}],"replies":[{"embeddable":true,"href":"https:\/\/historiografija.hr\/index.php?rest_route=%2Fwp%2Fv2%2Fcomments&post=2932"}],"version-history":[{"count":1,"href":"https:\/\/historiografija.hr\/index.php?rest_route=\/wp\/v2\/posts\/2932\/revisions"}],"predecessor-version":[{"id":24201,"href":"https:\/\/historiografija.hr\/index.php?rest_route=\/wp\/v2\/posts\/2932\/revisions\/24201"}],"wp:attachment":[{"href":"https:\/\/historiografija.hr\/index.php?rest_route=%2Fwp%2Fv2%2Fmedia&parent=2932"}],"wp:term":[{"taxonomy":"category","embeddable":true,"href":"https:\/\/historiografija.hr\/index.php?rest_route=%2Fwp%2Fv2%2Fcategories&post=2932"},{"taxonomy":"post_tag","embeddable":true,"href":"https:\/\/historiografija.hr\/index.php?rest_route=%2Fwp%2Fv2%2Ftags&post=2932"}],"curies":[{"name":"wp","href":"https:\/\/api.w.org\/{rel}","templated":true}]}}