{"id":29312,"date":"2022-01-19T19:03:51","date_gmt":"2022-01-19T19:03:51","guid":{"rendered":"http:\/\/historiografija.hr\/?p=29312"},"modified":"2022-01-19T19:03:51","modified_gmt":"2022-01-19T19:03:51","slug":"emisija-portreti-znanstvenika-pierre-nora","status":"publish","type":"post","link":"https:\/\/historiografija.hr\/?p=29312","title":{"rendered":"Emisija \u201cPortreti znanstvenika\u201d: Pierre Nora"},"content":{"rendered":"\n<p>Pierre Nora je francuski povjesni\u010dar, urednik u izdava\u010dkoj ku\u0107i Gallimard koja je pod njegovim vodstvom pro\u0161la \u010detiri desetlje\u0107a kreirala francusku intelektualnu scenu. Izvan granica domovine poznat je po projektu Mjesta sje\u0107anja, nizu od tri opse\u017ene knjige u kojima je objavljen niz \u010dlanaka o povijesti Francuske vi\u0111enoj na potpuno nov i originalan na\u010din.<\/p>\n\n\n\n<hr class=\"wp-block-separator\"\/>\n\n\n\n<p><strong>HRT \u2013 HR3 20.01.2022. 13:00 \u2013 13:30<\/strong><\/p>\n\n\n\n<hr class=\"wp-block-separator\"\/>\n\n\n\n<p><a href=\"https:\/\/raspored.hrt.hr\/\">https:\/\/raspored.hrt.hr\/<\/a><\/p>\n\n\n\n<hr class=\"wp-block-separator\"\/>\n\n\n\n<p><a href=\"https:\/\/radio.hrt.hr\/slusaonica\/portreti-znanstvenika\">https:\/\/radio.hrt.hr\/slusaonica\/portreti-znanstvenika<\/a><\/p>\n\n\n\n<hr class=\"wp-block-separator\"\/>\n","protected":false},"excerpt":{"rendered":"","protected":false},"author":2,"featured_media":29313,"comment_status":"open","ping_status":"open","sticky":false,"template":"","format":"standard","meta":{"_acf_changed":false,"jetpack_post_was_ever_published":false,"_jetpack_newsletter_access":"","_jetpack_dont_email_post_to_subs":false,"_jetpack_newsletter_tier_id":0,"_jetpack_memberships_contains_paywalled_content":false,"_jetpack_memberships_contains_paid_content":false,"footnotes":"","jetpack_publicize_message":"","jetpack_publicize_feature_enabled":true,"jetpack_social_post_already_shared":true,"jetpack_social_options":{"image_generator_settings":{"template":"highway","default_image_id":0,"font":"","enabled":false},"version":2}},"categories":[3],"tags":[],"class_list":["post-29312","post","type-post","status-publish","format-standard","has-post-thumbnail","hentry","category-novosti"],"acf":{"facebook_opis":""},"jetpack_publicize_connections":[],"jetpack_featured_media_url":"https:\/\/i0.wp.com\/historiografija.hr\/wp-content\/uploads\/2022\/01\/portreti-znanstvenika.jpg?fit=1920%2C1080&ssl=1","jetpack_sharing_enabled":true,"jetpack-related-posts":[],"_links":{"self":[{"href":"https:\/\/historiografija.hr\/index.php?rest_route=\/wp\/v2\/posts\/29312","targetHints":{"allow":["GET"]}}],"collection":[{"href":"https:\/\/historiografija.hr\/index.php?rest_route=\/wp\/v2\/posts"}],"about":[{"href":"https:\/\/historiografija.hr\/index.php?rest_route=\/wp\/v2\/types\/post"}],"author":[{"embeddable":true,"href":"https:\/\/historiografija.hr\/index.php?rest_route=\/wp\/v2\/users\/2"}],"replies":[{"embeddable":true,"href":"https:\/\/historiografija.hr\/index.php?rest_route=%2Fwp%2Fv2%2Fcomments&post=29312"}],"version-history":[{"count":1,"href":"https:\/\/historiografija.hr\/index.php?rest_route=\/wp\/v2\/posts\/29312\/revisions"}],"predecessor-version":[{"id":29314,"href":"https:\/\/historiografija.hr\/index.php?rest_route=\/wp\/v2\/posts\/29312\/revisions\/29314"}],"wp:featuredmedia":[{"embeddable":true,"href":"https:\/\/historiografija.hr\/index.php?rest_route=\/wp\/v2\/media\/29313"}],"wp:attachment":[{"href":"https:\/\/historiografija.hr\/index.php?rest_route=%2Fwp%2Fv2%2Fmedia&parent=29312"}],"wp:term":[{"taxonomy":"category","embeddable":true,"href":"https:\/\/historiografija.hr\/index.php?rest_route=%2Fwp%2Fv2%2Fcategories&post=29312"},{"taxonomy":"post_tag","embeddable":true,"href":"https:\/\/historiografija.hr\/index.php?rest_route=%2Fwp%2Fv2%2Ftags&post=29312"}],"curies":[{"name":"wp","href":"https:\/\/api.w.org\/{rel}","templated":true}]}}