{"id":29302,"date":"2022-01-19T18:02:38","date_gmt":"2022-01-19T18:02:38","guid":{"rendered":"http:\/\/historiografija.hr\/?p=29302"},"modified":"2022-01-19T18:03:54","modified_gmt":"2022-01-19T18:03:54","slug":"prvi-svetski-rat-i-slovenske-knjizevnosti-zbornik-radova-perva%d1%8f-mirova%d1%8f-vo%d0%b9na-i-slav%d1%8fnskie-literatur%d1%8b-sbornik-trudov","status":"publish","type":"post","link":"https:\/\/historiografija.hr\/?p=29302","title":{"rendered":"Prvi svetski rat i slovenske knji\u017eevnosti: zbornik radova \/ Perva\u044f mirova\u044f vo\u0439na i slav\u044fnskie literatur\u044b: sbornik trudov"},"content":{"rendered":"\n<p><strong>ur. Stanislava Bara\u0107, Biljana Andonovska, [Boban \u00d0uri\u0107]<\/strong><\/p>\n\n\n\n<p><strong>Izdava\u010d:<\/strong><\/p>\n\n\n\n<p>Institut za knji\u017eevnost i umetnost<\/p>\n\n\n\n<p>Beograd, 2021.<\/p>\n\n\n\n<p><strong>Oznake:<\/strong><\/p>\n\n\n\n<p>ISBN 978-86-7095-279-9<\/p>\n\n\n\n<p>COBISS.SR-ID 44825865<\/p>\n\n\n\n<p><strong>Sa\u017eetak:<\/strong><\/p>\n\n\n\n<p>U me\u0111unarodnom zborniku radova <em>Prvi svetski rat i slovenske knji\u017eevnosti<\/em>, dvadeset uglednih slavista iz dvanaest akademskih centara odnosno jedanaest razli\u010ditih dr\u017eava je mahom sinteti\u010dko-analiti\u010dki pristupilo naslovnoj temi. Radovi su organizovani u \u010detiri osnovna problemsko-tematska poglavlja, kao \u0161to se mo\u017ee videti u <a href=\"https:\/\/www.ikum.org.rs\/images\/izdanja\/prvisvetskisadrzaj.pdf\">Sadr\u017eaju<\/a>. U <a href=\"https:\/\/www.ikum.org.rs\/images\/izdanja\/prvisvetskiposveta.pdf\">Posveti<\/a> se opisuje nastanak zbornika (okrugli sto odr\u017ean na 16. me\u0111unarodnom kongresu slavista, 2018) i odaje priznanje dr Vesni Matovi\u0107 za doprinos me\u0111unarodnoj slavistici. U uvodnom uredni\u010dkom tekstu &#8220;Prvi svetski rat, slovenske knji\u017eevnosti i njihovo prou\u010davanje&#8221; problematizuje se sama aktuelnost zborni\u010dke teme. Sintetizuju\u0107i postoje\u0107a znanja o Prvom svetskom ratu i knji\u017eevnosti koja je u slovenskom svetu za njega bila vezana, i na osnovu njih donose\u0107i nove analize, zbornik kao celina pru\u017ea osoben doprinos velikom akademskom poduhvatu iniciranom obele\u017eavanjem stogodi\u0161njice Prvog svetskog rata. Autorski odgovori na dati nau\u010dni izazov potvrdili su trajnu aktuelnost problema koje ova globalna rasprava, pa i sam zbornik u sklopu nje, istovremeno postavlja i istra\u017eiva\u010dki razre\u0161ava. Metodolo\u0161ki pristupi su raznoliki, od analize individualnih autorskih opusa ili odre\u0111enih poeti\u010dkih i \u017eanrovskih kompleksa, preko imagolo\u0161kih i metakriti\u010dkih pristupa, do studija periodike, studija kulture i neizbe\u017enih komparatisti\u010dkih sagledavanja. Koncepcijom zbornika \u017eelelo se naglasiti koliko je va\u017eno o\u010duvati raznolikost pristupa, odnosno otvorenost i slo\u017eenost nau\u010dne rasprave o vezi Prvog svetskog rata i (dis)kontinuiteta u slovenskim knji\u017eevnostima. Zbornik je opremljen i <a href=\"https:\/\/www.ikum.org.rs\/images\/izdanja\/prvisvetskiprilog.pdf\">Prilogom<\/a> kao i Indeksom imena.<\/p>\n\n\n\n<p><strong>Klju\u010dne re\u010di:<\/strong><\/p>\n\n\n\n<p>Prvi svetski rat, slovenske knji\u017eevnosti, pacifizam, avangarda, revolucija, Gavrilo Princip, 1918. godina, knji\u017eevni (dis)kontinuiteti, feminizam i rat<\/p>\n\n\n\n<hr class=\"wp-block-separator\"\/>\n\n\n\n<p>Izvor:<\/p>\n\n\n\n<p><a href=\"https:\/\/www.ikum.org.rs\/lat\/editions.php?id=153\">https:\/\/www.ikum.org.rs\/lat\/editions.php?id=153<\/a><\/p>\n\n\n\n<p><a href=\"https:\/\/www.ikum.org.rs\/editions.php?id=153\">https:\/\/www.ikum.org.rs\/editions.php?id=153<\/a><\/p>\n\n\n\n<hr class=\"wp-block-separator\"\/>\n\n\n\n<p><\/p>\n","protected":false},"excerpt":{"rendered":"","protected":false},"author":2,"featured_media":29303,"comment_status":"open","ping_status":"open","sticky":false,"template":"","format":"standard","meta":{"_acf_changed":false,"jetpack_post_was_ever_published":false,"_jetpack_newsletter_access":"","_jetpack_dont_email_post_to_subs":false,"_jetpack_newsletter_tier_id":0,"_jetpack_memberships_contains_paywalled_content":false,"_jetpack_memberships_contains_paid_content":false,"footnotes":"","jetpack_publicize_message":"","jetpack_publicize_feature_enabled":true,"jetpack_social_post_already_shared":true,"jetpack_social_options":{"image_generator_settings":{"template":"highway","default_image_id":0,"font":"","enabled":false},"version":2}},"categories":[8,3,12],"tags":[],"class_list":["post-29302","post","type-post","status-publish","format-standard","has-post-thumbnail","hentry","category-knjige","category-novosti","category-knjizevnost"],"acf":{"facebook_opis":""},"jetpack_publicize_connections":[],"jetpack_featured_media_url":"https:\/\/i0.wp.com\/historiografija.hr\/wp-content\/uploads\/2022\/01\/Prvi-svetski-rat.jpg?fit=205%2C318&ssl=1","jetpack_sharing_enabled":true,"jetpack-related-posts":[],"_links":{"self":[{"href":"https:\/\/historiografija.hr\/index.php?rest_route=\/wp\/v2\/posts\/29302","targetHints":{"allow":["GET"]}}],"collection":[{"href":"https:\/\/historiografija.hr\/index.php?rest_route=\/wp\/v2\/posts"}],"about":[{"href":"https:\/\/historiografija.hr\/index.php?rest_route=\/wp\/v2\/types\/post"}],"author":[{"embeddable":true,"href":"https:\/\/historiografija.hr\/index.php?rest_route=\/wp\/v2\/users\/2"}],"replies":[{"embeddable":true,"href":"https:\/\/historiografija.hr\/index.php?rest_route=%2Fwp%2Fv2%2Fcomments&post=29302"}],"version-history":[{"count":2,"href":"https:\/\/historiografija.hr\/index.php?rest_route=\/wp\/v2\/posts\/29302\/revisions"}],"predecessor-version":[{"id":29305,"href":"https:\/\/historiografija.hr\/index.php?rest_route=\/wp\/v2\/posts\/29302\/revisions\/29305"}],"wp:featuredmedia":[{"embeddable":true,"href":"https:\/\/historiografija.hr\/index.php?rest_route=\/wp\/v2\/media\/29303"}],"wp:attachment":[{"href":"https:\/\/historiografija.hr\/index.php?rest_route=%2Fwp%2Fv2%2Fmedia&parent=29302"}],"wp:term":[{"taxonomy":"category","embeddable":true,"href":"https:\/\/historiografija.hr\/index.php?rest_route=%2Fwp%2Fv2%2Fcategories&post=29302"},{"taxonomy":"post_tag","embeddable":true,"href":"https:\/\/historiografija.hr\/index.php?rest_route=%2Fwp%2Fv2%2Ftags&post=29302"}],"curies":[{"name":"wp","href":"https:\/\/api.w.org\/{rel}","templated":true}]}}