{"id":2929,"date":"2017-02-14T23:00:05","date_gmt":"2017-02-14T23:00:05","guid":{"rendered":"http:\/\/historiografija.hr\/?p=2929"},"modified":"2017-02-14T23:00:05","modified_gmt":"2017-02-14T23:00:05","slug":"oliver-jens-schmitt-ed-the-ottoman-conquest-of-the-balkans","status":"publish","type":"post","link":"https:\/\/historiografija.hr\/?p=2929","title":{"rendered":"Oliver Jens Schmitt (ed.), &#8220;The Ottoman Conquest of the Balkans&#8221;"},"content":{"rendered":"<p class=\"MsoNormal\" align=\"justify\"><span lang=\"EN-GB\">Oliver Jens<span style=\"mso-spacerun:yes\">&nbsp; <\/span>SCHMITT <\/span><\/p>\n<p class=\"MsoNormal\" align=\"justify\"><span lang=\"EN-GB\">&nbsp;<\/span><\/p>\n<p class=\"MsoNormal\" align=\"justify\"><b style=\"mso-bidi-font-weight:normal\"><span lang=\"EN-GB\">The Ottoman Conquest of the Balkans<span style=\"mso-spacerun:yes\">&nbsp; <\/span><\/span><\/b><\/p>\n<p class=\"MsoNormal\" align=\"justify\"><span lang=\"EN-GB\">&nbsp;<\/span><\/p>\n<p class=\"MsoNormal\" align=\"justify\"><span lang=\"EN-GB\">Interpretations and Research Debates<\/span><\/p>\n<p class=\"MsoNormal\" align=\"justify\"><span lang=\"EN-GB\">&nbsp;<\/span><\/p>\n<p class=\"MsoNormal\" align=\"justify\"><span lang=\"EN-GB\">Reihe: Sitzungsberichte der philosophisch-historischen Klasse, Band: 872 <\/span><\/p>\n<p class=\"MsoNormal\" align=\"justify\"><span lang=\"EN-GB\">&nbsp;<\/span><\/p>\n<p class=\"MsoNormal\" align=\"justify\"><span lang=\"EN-GB\">Verlag der \u00d6AW, Wien 2016,<span style=\"mso-spacerun:yes\">&nbsp; <\/span>289 Seiten<\/span><\/p>\n<p class=\"MsoNormal\" align=\"justify\"><span lang=\"EN-GB\">&nbsp;<\/span><\/p>\n<p class=\"MsoNormal\" align=\"justify\"><span lang=\"EN-GB\"><br \/><\/span><\/p>\n<p class=\"MsoNormal\" align=\"justify\"><span lang=\"EN-GB\">Table of Contents:<\/span><\/p>\n<p class=\"MsoNormal\" align=\"justify\"><span lang=\"EN-GB\">&nbsp;<\/span><\/p>\n<p class=\"MsoNormal\" align=\"justify\"><span lang=\"EN-GB\">http:\/\/hw.oeaw.ac.at\/7890-3?frames=yes<\/span><\/p>\n<p class=\"MsoNormal\" align=\"justify\"><span lang=\"EN-GB\">&nbsp;<\/span><\/p>\n<p class=\"MsoNormal\" align=\"justify\"><span lang=\"EN-GB\"><br \/><\/span><\/p>\n<p class=\"MsoNormal\" align=\"justify\"><span lang=\"EN-GB\">The Ottoman conquest of the Balkans constitutes a major change in European history. Scholarship on the topic is extensive, yet the evidence produced by decades of research is very scattered and lacking comprehensive synthesis, not to mention consensual interpretation. Although major political and military milestones seem to have been investigated thoroughly, there is a notable absence of more theoretical and interpretative approaches that overarch the entire phenomenon rather than merely individual aspects. Scholars have hitherto addressed the topic from various perspectives and employing a wide range of methods, but Byzantine studies, Ottoman studies, Eastern Mediterranean studies and national historiographies in the Balkan countries have yet to establish either a coherent collaboration or a consistent model of interpretation. This volume therefore rather aims at opening and structuring a new heuristic approach and at coordinating a field of studies that is of crucial importance for understanding change in European history. <\/span><\/p>\n<p class=\"MsoNormal\" align=\"justify\"><span lang=\"EN-GB\">&nbsp;<\/span><\/p>\n<p class=\"MsoNormal\" align=\"justify\"><span lang=\"EN-GB\">\u2026<\/span><\/p>\n<p class=\"MsoNormal\" align=\"justify\"><span lang=\"EN-GB\">&nbsp;<\/span><\/p>\n<p class=\"MsoNormal\" align=\"justify\"><span lang=\"EN-GB\">Die osmanische Eroberung des Balkans geh\u00f6rt zu den wichtigen Wendepunkten in der europ\u00e4ischen Geschichte. Trotz umfangreicher Forschungen bleibt das Feld fragmentiert. Theoretische Modelle wurden nur auf Teilaspekte angelegt. Auch mangelt es einer st\u00e4rkeren Verklammerung der in der Regel disziplin\u00e4ren Herangehensweisen, die durch nationalhistoriographische Traditionen nicht immer erleichtert wird. Gerade die innerregionalen Forschungskontakte sind eher schwach ausgebildet. Der vorliegende Band will ein Forschungsfeld strukturieren und disziplin\u00e4re Perspektiven zusammenf\u00fchren, um eine feste Grundlage f\u00fcr eine breitere eurasische Einordnung der osmanischen Expansion auf dem Balkan zu schaffen. <\/span><\/p>\n<p class=\"MsoNormal\" align=\"justify\"><span lang=\"EN-GB\">&nbsp;<\/span><\/p>\n<p class=\"MsoNormal\" align=\"justify\"><span lang=\"EN-GB\"><br \/><\/span><\/p>\n<p class=\"MsoNormal\" align=\"justify\"><b style=\"mso-bidi-font-weight:normal\"><span lang=\"EN-GB\">Oliver Jens SCHMITT<\/span><\/b><span lang=\"EN-GB\"> ist Professor f\u00fcr Geschichte S\u00fcdosteuropas an der Universit\u00e4t Wien.<\/span><\/p>\n<p class=\"MsoNormal\"><span lang=\"EN-GB\">&nbsp;<\/span><\/p>\n<p class=\"MsoNormal\"><span lang=\"EN-GB\">&nbsp;<\/span><\/p>\n","protected":false},"excerpt":{"rendered":"","protected":false},"author":1,"featured_media":0,"comment_status":"open","ping_status":"open","sticky":false,"template":"","format":"standard","meta":{"_acf_changed":false,"jetpack_post_was_ever_published":false,"_jetpack_newsletter_access":"","_jetpack_dont_email_post_to_subs":false,"_jetpack_newsletter_tier_id":0,"_jetpack_memberships_contains_paywalled_content":false,"_jetpack_memberships_contains_paid_content":false,"footnotes":"","jetpack_publicize_message":"","jetpack_publicize_feature_enabled":true,"jetpack_social_post_already_shared":false,"jetpack_social_options":{"image_generator_settings":{"template":"highway","default_image_id":0,"font":"","enabled":false},"version":2}},"categories":[3],"tags":[],"class_list":["post-2929","post","type-post","status-publish","format-standard","hentry","category-novosti"],"acf":{"facebook_opis":""},"jetpack_publicize_connections":[],"jetpack_featured_media_url":"","jetpack_sharing_enabled":true,"jetpack-related-posts":[],"_links":{"self":[{"href":"https:\/\/historiografija.hr\/index.php?rest_route=\/wp\/v2\/posts\/2929","targetHints":{"allow":["GET"]}}],"collection":[{"href":"https:\/\/historiografija.hr\/index.php?rest_route=\/wp\/v2\/posts"}],"about":[{"href":"https:\/\/historiografija.hr\/index.php?rest_route=\/wp\/v2\/types\/post"}],"author":[{"embeddable":true,"href":"https:\/\/historiografija.hr\/index.php?rest_route=\/wp\/v2\/users\/1"}],"replies":[{"embeddable":true,"href":"https:\/\/historiografija.hr\/index.php?rest_route=%2Fwp%2Fv2%2Fcomments&post=2929"}],"version-history":[{"count":0,"href":"https:\/\/historiografija.hr\/index.php?rest_route=\/wp\/v2\/posts\/2929\/revisions"}],"wp:attachment":[{"href":"https:\/\/historiografija.hr\/index.php?rest_route=%2Fwp%2Fv2%2Fmedia&parent=2929"}],"wp:term":[{"taxonomy":"category","embeddable":true,"href":"https:\/\/historiografija.hr\/index.php?rest_route=%2Fwp%2Fv2%2Fcategories&post=2929"},{"taxonomy":"post_tag","embeddable":true,"href":"https:\/\/historiografija.hr\/index.php?rest_route=%2Fwp%2Fv2%2Ftags&post=2929"}],"curies":[{"name":"wp","href":"https:\/\/api.w.org\/{rel}","templated":true}]}}