{"id":29281,"date":"2022-01-18T19:21:02","date_gmt":"2022-01-18T19:21:02","guid":{"rendered":"http:\/\/historiografija.hr\/?p=29281"},"modified":"2023-01-19T19:13:32","modified_gmt":"2023-01-19T19:13:32","slug":"preminuo-marko-petrak","status":"publish","type":"post","link":"https:\/\/historiografija.hr\/?p=29281","title":{"rendered":"Preminuo Marko Petrak"},"content":{"rendered":"\n<p>U ponedjeljak, 17. sije\u010dnja 2022. iznenada je preminuo Marko Petrak, profesor Pravnog fakulteta Sveu\u010dili\u0161ta u Zagrebu i predstojnik Katedre za rimsko pravo, \u010dest sudionik historiografskih znanstvenih skupova i suradnik mnogih povjesni\u010dara i povjesni\u010darki.<\/p>\n\n\n\n<hr class=\"wp-block-separator\"\/>\n\n\n\n<p>Vi\u0161e obavijesti:<\/p>\n\n\n\n<p><a href=\"https:\/\/www.pravo.unizg.hr\/marko.petrak\">https:\/\/www.pravo.unizg.hr\/marko.petrak<\/a><\/p>\n\n\n\n<p><a href=\"https:\/\/www.jutarnji.hr\/vijesti\/hrvatska\/iznenada-preminuo-marko-petrak-uvazeni-profesor-sa-zagrebackog-pravnog-fakulteta-15146670\">https:\/\/www.jutarnji.hr\/vijesti\/hrvatska\/iznenada-preminuo-marko-petrak-uvazeni-profesor-sa-zagrebackog-pravnog-fakulteta-15146670<\/a><\/p>\n\n\n\n<p><a href=\"https:\/\/www.index.hr\/vijesti\/clanak\/iznenada-umro-cijenjeni-profesor-sa-zagrebackog-prava\/2333234.aspx\">https:\/\/www.index.hr\/vijesti\/clanak\/iznenada-umro-cijenjeni-profesor-sa-zagrebackog-prava\/2333234.aspx<\/a><\/p>\n\n\n\n<p><a href=\"https:\/\/www.telegram.hr\/politika-kriminal\/sveucilisnu-zajednicu-potresla-tuzna-vijest-jucer-je-iznenada-umro-marko-petrak-cijenjeni-profesor-s-prava\/\">https:\/\/www.telegram.hr\/politika-kriminal\/sveucilisnu-zajednicu-potresla-tuzna-vijest-jucer-je-iznenada-umro-marko-petrak-cijenjeni-profesor-s-prava\/<\/a><\/p>\n\n\n\n<figure class=\"wp-block-embed-wordpress wp-block-embed is-type-wp-embed is-provider-wordpress\"><div class=\"wp-block-embed__wrapper\">\n<blockquote class=\"wp-embedded-content\" data-secret=\"N24KynZdCj\"><a href=\"https:\/\/www.nsk.hr\/in-memoriam-prof-dr-sc-marko-petrak\/\">In memoriam prof. dr. sc. Marko Petrak<\/a><\/blockquote><iframe loading=\"lazy\" class=\"wp-embedded-content\" sandbox=\"allow-scripts\" security=\"restricted\" style=\"position: absolute; clip: rect(1px, 1px, 1px, 1px);\" title=\"&#8220;In memoriam prof. dr. sc. Marko Petrak&#8221; &#8212; \" src=\"https:\/\/www.nsk.hr\/in-memoriam-prof-dr-sc-marko-petrak\/embed\/#?secret=rv2SL1Bneo#?secret=N24KynZdCj\" data-secret=\"N24KynZdCj\" width=\"600\" height=\"338\" frameborder=\"0\" marginwidth=\"0\" marginheight=\"0\" scrolling=\"no\"><\/iframe>\n<\/div><\/figure>\n\n\n\n<hr class=\"wp-block-separator\"\/>\n\n\n\n<figure class=\"wp-block-embed-wordpress wp-block-embed is-type-wp-embed is-provider-drustvo-sveucilisnih-nastavnika-i-drugih-znanstvenika-u-zagrebu\"><div class=\"wp-block-embed__wrapper\">\n<blockquote class=\"wp-embedded-content\" data-secret=\"cCH4pyhAAU\"><a href=\"https:\/\/dsn-zg.hr\/2022\/01\/21\/in-memoriam-2\/\">In memoriam<\/a><\/blockquote><iframe loading=\"lazy\" class=\"wp-embedded-content\" sandbox=\"allow-scripts\" security=\"restricted\" style=\"position: absolute; clip: rect(1px, 1px, 1px, 1px);\" title=\"&#8220;In memoriam&#8221; &#8212; Dru\u0161tvo sveu\u010dili\u0161nih nastavnika i drugih znanstvenika u Zagrebu\" src=\"https:\/\/dsn-zg.hr\/2022\/01\/21\/in-memoriam-2\/embed\/#?secret=cCH4pyhAAU\" data-secret=\"cCH4pyhAAU\" width=\"600\" height=\"338\" frameborder=\"0\" marginwidth=\"0\" marginheight=\"0\" scrolling=\"no\"><\/iframe>\n<\/div><\/figure>\n\n\n\n<p><a href=\"http:\/\/www.zakladazlatkocrnic.hr\/hrv\/index.asp?main=novost103\">http:\/\/www.zakladazlatkocrnic.hr\/hrv\/index.asp?main=novost103<\/a><\/p>\n\n\n\n<hr class=\"wp-block-separator\"\/>\n","protected":false},"excerpt":{"rendered":"","protected":false},"author":2,"featured_media":29282,"comment_status":"open","ping_status":"open","sticky":false,"template":"","format":"standard","meta":{"_acf_changed":false,"jetpack_post_was_ever_published":false,"_jetpack_newsletter_access":"","_jetpack_dont_email_post_to_subs":false,"_jetpack_newsletter_tier_id":0,"_jetpack_memberships_contains_paywalled_content":false,"_jetpack_memberships_contains_paid_content":false,"footnotes":"","jetpack_publicize_message":"","jetpack_publicize_feature_enabled":true,"jetpack_social_post_already_shared":true,"jetpack_social_options":{"image_generator_settings":{"template":"highway","default_image_id":0,"font":"","enabled":false},"version":2}},"categories":[3,20],"tags":[],"class_list":["post-29281","post","type-post","status-publish","format-standard","has-post-thumbnail","hentry","category-novosti","category-obavijesti-o-smrti-i-nekrolozi"],"acf":{"facebook_opis":""},"jetpack_publicize_connections":[],"jetpack_featured_media_url":"https:\/\/i0.wp.com\/historiografija.hr\/wp-content\/uploads\/2022\/01\/Petrak.jpg?fit=287%2C176&ssl=1","jetpack_sharing_enabled":true,"jetpack-related-posts":[],"_links":{"self":[{"href":"https:\/\/historiografija.hr\/index.php?rest_route=\/wp\/v2\/posts\/29281","targetHints":{"allow":["GET"]}}],"collection":[{"href":"https:\/\/historiografija.hr\/index.php?rest_route=\/wp\/v2\/posts"}],"about":[{"href":"https:\/\/historiografija.hr\/index.php?rest_route=\/wp\/v2\/types\/post"}],"author":[{"embeddable":true,"href":"https:\/\/historiografija.hr\/index.php?rest_route=\/wp\/v2\/users\/2"}],"replies":[{"embeddable":true,"href":"https:\/\/historiografija.hr\/index.php?rest_route=%2Fwp%2Fv2%2Fcomments&post=29281"}],"version-history":[{"count":5,"href":"https:\/\/historiografija.hr\/index.php?rest_route=\/wp\/v2\/posts\/29281\/revisions"}],"predecessor-version":[{"id":34170,"href":"https:\/\/historiografija.hr\/index.php?rest_route=\/wp\/v2\/posts\/29281\/revisions\/34170"}],"wp:featuredmedia":[{"embeddable":true,"href":"https:\/\/historiografija.hr\/index.php?rest_route=\/wp\/v2\/media\/29282"}],"wp:attachment":[{"href":"https:\/\/historiografija.hr\/index.php?rest_route=%2Fwp%2Fv2%2Fmedia&parent=29281"}],"wp:term":[{"taxonomy":"category","embeddable":true,"href":"https:\/\/historiografija.hr\/index.php?rest_route=%2Fwp%2Fv2%2Fcategories&post=29281"},{"taxonomy":"post_tag","embeddable":true,"href":"https:\/\/historiografija.hr\/index.php?rest_route=%2Fwp%2Fv2%2Ftags&post=29281"}],"curies":[{"name":"wp","href":"https:\/\/api.w.org\/{rel}","templated":true}]}}