{"id":29254,"date":"2022-01-17T15:53:09","date_gmt":"2022-01-17T15:53:09","guid":{"rendered":"http:\/\/historiografija.hr\/?p=29254"},"modified":"2022-01-17T15:55:45","modified_gmt":"2022-01-17T15:55:45","slug":"sonja-m-dujmovic-pod-drzavnim-okriljem-istorija-djetinjstva-u-bosni-i-hercegovini-1878-1941","status":"publish","type":"post","link":"https:\/\/historiografija.hr\/?p=29254","title":{"rendered":"Sonja M. Dujmovi\u0107, \u201ePod dr\u017eavnim okriljem. Istorija djetinjstva u Bosni i Hercegovini 1878-1941.\u201c"},"content":{"rendered":"\n<p>Institut za historiju Univerziteta u Sarajevu je objavio knjigu \u201ePod dr\u017eavnim okriljem. Istorija djetinjstva u Bosni i Hercegovini 1878-1941\u201c autorice Sonje M. Dujmovi\u0107. U knjizi se uglavnom prati odnos dr\u017eave prema djeci i to na polju zdravstva, prosvjete i socijalne politike. Prvi dio (\u201eKad Carstvo \u0161titi\u201c, 25-64) pokazuje na koji na\u010din je Austro-Ugarska Monarhija regulirala ta pitanja, dok je drugi dio (\u201ePod za\u0161titom kraljevskog doma\u201c, 101-251) posve\u0107en jugoslavenskom razdoblju. Manje poglavlje je posve\u0107eno i sudbini djece u Prvom svjetskom ratu (65-99), o \u010demu je i u na\u0161oj i u susjednim historiografijama ve\u0107 i ranije bilo rije\u010di.<\/p>\n\n\n\n<p>Knjiga je va\u017ena prije svega zbog \u010dinjenice da je ova tema bila veoma malo zastupljena u historiografiji u Bosni i Hercegovini. Neka pitanja koja autorica obra\u0111uje su aktuelna sve do danas (pitanje obavezne vakcinacije \u2013 \u201ekalemljenja\u201c, koje se zakonski uspostavlja najprije naredbom Zemaljske vlade 1903, a potom i Zakonom 1913. godine), te socijalni polo\u017eaj djece. Pojedini dijelovi knjige se nepotrebno pretvaraju u historiju \u0161kolstva (posebno kada se poku\u0161ava predstaviti okvir za polo\u017eaj \u0111aka u razdoblju izme\u0111u dva svjetska rata), a ponekad se gubi bosanskohercegova\u010dki, a sve promatra isklju\u010divo u jugoslavenskom kontekstu.<\/p>\n\n\n\n<p>Autorica je prvi put u historiografiji u Bosni i Hercegovini ponudila \u0161tivo koje se bavi raznim aspektima historije djece u du\u017eem historijskom razdoblju. Iz knjige je mogu\u0107e uo\u010diti razli\u010dite pristupe dvije dr\u017eave (Habsbur\u0161ke Monarhije i Kraljevine Jugoslavije) ovim pitanjima, te sagledati svu tragediju kroz koju su djeca prolazila, posebno tokom Prvog svjetskog rata. Vrijednost knjige je i u \u010dinjenici da polo\u017eaj djece ne promatra izolirano od dru\u0161tvene stvarnosti, pa je ovo na neki na\u010din i knjiga o transformaciji bosanskohercegov\u010dakog dru\u0161tva u hubsbur\u0161kom i jugoslavenskom razdoblju izme\u0111u dva svjetska rata sagledana kroz odnos dr\u017eave prema djeci.<\/p>\n\n\n\n<p>Na kraju knjige autorica zaklju\u010duje: \u201eGovor o djetinjstvu je u stvari govor o dru\u0161tvu koje ga omogu\u0107uje, o njegovom stavu prema djetetu kao paradigmi vlastite budu\u0107nosti, prema mjerama koje poduzima da se ta budu\u0107nost planski ostvaruje, to je odnos prema vlastitoj vjeri u budu\u0107nost i njeno postepeno, smisleno i racionalno gra\u0111enje. Pokazalo se da je do 1914. godine na prostoru Bosne i Hercegovine uvijek bilo premalo uticaja i konstruktivnih djelovanja, premao sistematskih, planski usmjerenih koraka, koji bi omogu\u0107uvali dostojan okvir za djetinjstvo, a time i razvoj dru\u0161tva ka napretku\u201c (str. 255-256).<\/p>\n\n\n\n<hr class=\"wp-block-separator\"\/>\n\n\n\n<p>Izvor i dodatne informacije:<\/p>\n\n\n\n<p><a href=\"https:\/\/historiografija.ba\/article.php?id=963\">https:\/\/historiografija.ba\/article.php?id=963<\/a><\/p>\n\n\n\n<p><a href=\"https:\/\/www.facebook.com\/iisbih\/\">https:\/\/www.facebook.com\/iisbih\/<\/a><\/p>\n\n\n\n<hr class=\"wp-block-separator\"\/>\n","protected":false},"excerpt":{"rendered":"","protected":false},"author":2,"featured_media":29255,"comment_status":"open","ping_status":"open","sticky":false,"template":"","format":"standard","meta":{"_acf_changed":false,"jetpack_post_was_ever_published":false,"_jetpack_newsletter_access":"","_jetpack_dont_email_post_to_subs":false,"_jetpack_newsletter_tier_id":0,"_jetpack_memberships_contains_paywalled_content":false,"_jetpack_memberships_contains_paid_content":false,"footnotes":"","jetpack_publicize_message":"","jetpack_publicize_feature_enabled":true,"jetpack_social_post_already_shared":true,"jetpack_social_options":{"image_generator_settings":{"template":"highway","default_image_id":0,"font":"","enabled":false},"version":2}},"categories":[8,3],"tags":[],"class_list":["post-29254","post","type-post","status-publish","format-standard","has-post-thumbnail","hentry","category-knjige","category-novosti"],"acf":{"facebook_opis":""},"jetpack_publicize_connections":[],"jetpack_featured_media_url":"https:\/\/i0.wp.com\/historiografija.hr\/wp-content\/uploads\/2022\/01\/djetinjstvo.jpg?fit=555%2C430&ssl=1","jetpack_sharing_enabled":true,"jetpack-related-posts":[],"_links":{"self":[{"href":"https:\/\/historiografija.hr\/index.php?rest_route=\/wp\/v2\/posts\/29254","targetHints":{"allow":["GET"]}}],"collection":[{"href":"https:\/\/historiografija.hr\/index.php?rest_route=\/wp\/v2\/posts"}],"about":[{"href":"https:\/\/historiografija.hr\/index.php?rest_route=\/wp\/v2\/types\/post"}],"author":[{"embeddable":true,"href":"https:\/\/historiografija.hr\/index.php?rest_route=\/wp\/v2\/users\/2"}],"replies":[{"embeddable":true,"href":"https:\/\/historiografija.hr\/index.php?rest_route=%2Fwp%2Fv2%2Fcomments&post=29254"}],"version-history":[{"count":2,"href":"https:\/\/historiografija.hr\/index.php?rest_route=\/wp\/v2\/posts\/29254\/revisions"}],"predecessor-version":[{"id":29257,"href":"https:\/\/historiografija.hr\/index.php?rest_route=\/wp\/v2\/posts\/29254\/revisions\/29257"}],"wp:featuredmedia":[{"embeddable":true,"href":"https:\/\/historiografija.hr\/index.php?rest_route=\/wp\/v2\/media\/29255"}],"wp:attachment":[{"href":"https:\/\/historiografija.hr\/index.php?rest_route=%2Fwp%2Fv2%2Fmedia&parent=29254"}],"wp:term":[{"taxonomy":"category","embeddable":true,"href":"https:\/\/historiografija.hr\/index.php?rest_route=%2Fwp%2Fv2%2Fcategories&post=29254"},{"taxonomy":"post_tag","embeddable":true,"href":"https:\/\/historiografija.hr\/index.php?rest_route=%2Fwp%2Fv2%2Ftags&post=29254"}],"curies":[{"name":"wp","href":"https:\/\/api.w.org\/{rel}","templated":true}]}}