{"id":29242,"date":"2022-01-15T19:19:48","date_gmt":"2022-01-15T19:19:48","guid":{"rendered":"http:\/\/historiografija.hr\/?p=29242"},"modified":"2022-01-15T19:19:48","modified_gmt":"2022-01-15T19:19:48","slug":"publikacija-lica-mirne-reintegracije-price-obicnih-ljudi-u-neobicnom-vremenu","status":"publish","type":"post","link":"https:\/\/historiografija.hr\/?p=29242","title":{"rendered":"Publikacija: Lica mirne reintegracije \u2013 pri\u010de obi\u010dnih ljudi u neobi\u010dnom vremenu"},"content":{"rendered":"\n<p>Europski dom Vukovar i Zaklada Friedrich Ebert udru\u017eili su se u ovogodi\u0161njoj proslavi obljetnice mirne reintegracije hrvatskog Podunavlja.<\/p>\n\n\n\n<p>U ime toga, nastala je publikacija naziva: <em><strong>Lica mirne reintegracije \u2013 pri\u010de obi\u010dnih ljudi u neobi\u010dnom vremenu.&nbsp;<\/strong><\/em><\/p>\n\n\n\n<p>Pro\u010ditajte pri\u010de sedam ljudi koji su mirnu reintegraciju hrvatskog Podunavlja ispri\u010dali iz svoje osobne perspektive \u2013 <strong><em><a href=\"http:\/\/library.fes.de\/pdf-files\/bueros\/kroatien\/18789.pdf?fbclid=IwAR31v6udbDoUGqy4RKzRyG58IyOGSB1I0StZUCwiItcgS73URqeU8PpRRGQ\" target=\"_blank\" rel=\"noreferrer noopener\">publikacija<\/a><\/em><\/strong>.<\/p>\n\n\n\n<p><em>Odvojite svoje vrijeme, skuvajte si omiljeni topli napitak, u\u0161u\u0161kajte se i dajte priliku ovom dobrom \u0161tivu!&nbsp;<\/em><\/p>\n\n\n\n<p>Izvor za publikaciju: <em>Friedrich-Ebert-Stiftung Zagreb<\/em><\/p>\n\n\n\n<hr class=\"wp-block-separator\"\/>\n\n\n\n<p>Izvori i dodatne informacije:<\/p>\n\n\n\n<figure class=\"wp-block-embed-wordpress wp-block-embed is-type-wp-embed is-provider-info-centar-za-mlade\"><div class=\"wp-block-embed__wrapper\">\n<blockquote class=\"wp-embedded-content\" data-secret=\"mATCCTDG38\"><a href=\"http:\/\/www.icm-vukovar.info\/publikacija-lica-mirne-reintegracije-price-obicnih-ljudi-u-neobicnom-vremenu\/\">Publikacija: Lica mirne reintegracije &#8211; pri\u010de obi\u010dnih ljudi u neobi\u010dnom vremenu<\/a><\/blockquote><iframe loading=\"lazy\" class=\"wp-embedded-content\" sandbox=\"allow-scripts\" security=\"restricted\" style=\"position: absolute; clip: rect(1px, 1px, 1px, 1px);\" title=\"&#8220;Publikacija: Lica mirne reintegracije &#8211; pri\u010de obi\u010dnih ljudi u neobi\u010dnom vremenu&#8221; &#8212; Info Centar Za Mlade\" src=\"http:\/\/www.icm-vukovar.info\/publikacija-lica-mirne-reintegracije-price-obicnih-ljudi-u-neobicnom-vremenu\/embed\/#?secret=mATCCTDG38\" data-secret=\"mATCCTDG38\" width=\"600\" height=\"338\" frameborder=\"0\" marginwidth=\"0\" marginheight=\"0\" scrolling=\"no\"><\/iframe>\n<\/div><\/figure>\n\n\n\n<p><a href=\"https:\/\/croatia.fes.de\/\">https:\/\/croatia.fes.de\/<\/a><\/p>\n\n\n\n<p><a href=\"https:\/\/www.facebook.com\/FESZagreb\/\">https:\/\/www.facebook.com\/FESZagreb\/<\/a><\/p>\n\n\n\n<hr class=\"wp-block-separator\"\/>\n\n\n\n<p><a href=\"https:\/\/www.jutarnji.hr\/life\/zivotne-price\/u-ucionici-me-na-ploci-jednom-docekalo-veliko-u-drugi-put-povici-ovo-je-srbija-sad-je-drugacije-15145779\">https:\/\/www.jutarnji.hr\/life\/zivotne-price\/u-ucionici-me-na-ploci-jednom-docekalo-veliko-u-drugi-put-povici-ovo-je-srbija-sad-je-drugacije-15145779<\/a><\/p>\n\n\n\n<hr class=\"wp-block-separator\"\/>\n","protected":false},"excerpt":{"rendered":"","protected":false},"author":2,"featured_media":29243,"comment_status":"open","ping_status":"open","sticky":false,"template":"","format":"standard","meta":{"_acf_changed":false,"jetpack_post_was_ever_published":false,"_jetpack_newsletter_access":"","_jetpack_dont_email_post_to_subs":false,"_jetpack_newsletter_tier_id":0,"_jetpack_memberships_contains_paywalled_content":false,"_jetpack_memberships_contains_paid_content":false,"footnotes":"","jetpack_publicize_message":"","jetpack_publicize_feature_enabled":true,"jetpack_social_post_already_shared":true,"jetpack_social_options":{"image_generator_settings":{"template":"highway","default_image_id":0,"font":"","enabled":false},"version":2}},"categories":[19,3],"tags":[],"class_list":["post-29242","post","type-post","status-publish","format-standard","has-post-thumbnail","hentry","category-e-knjige","category-novosti"],"acf":{"facebook_opis":""},"jetpack_publicize_connections":[],"jetpack_featured_media_url":"https:\/\/i0.wp.com\/historiografija.hr\/wp-content\/uploads\/2022\/01\/Lica-Mirne-Reintegracije.jpg?fit=1200%2C398&ssl=1","jetpack_sharing_enabled":true,"jetpack-related-posts":[],"_links":{"self":[{"href":"https:\/\/historiografija.hr\/index.php?rest_route=\/wp\/v2\/posts\/29242","targetHints":{"allow":["GET"]}}],"collection":[{"href":"https:\/\/historiografija.hr\/index.php?rest_route=\/wp\/v2\/posts"}],"about":[{"href":"https:\/\/historiografija.hr\/index.php?rest_route=\/wp\/v2\/types\/post"}],"author":[{"embeddable":true,"href":"https:\/\/historiografija.hr\/index.php?rest_route=\/wp\/v2\/users\/2"}],"replies":[{"embeddable":true,"href":"https:\/\/historiografija.hr\/index.php?rest_route=%2Fwp%2Fv2%2Fcomments&post=29242"}],"version-history":[{"count":1,"href":"https:\/\/historiografija.hr\/index.php?rest_route=\/wp\/v2\/posts\/29242\/revisions"}],"predecessor-version":[{"id":29244,"href":"https:\/\/historiografija.hr\/index.php?rest_route=\/wp\/v2\/posts\/29242\/revisions\/29244"}],"wp:featuredmedia":[{"embeddable":true,"href":"https:\/\/historiografija.hr\/index.php?rest_route=\/wp\/v2\/media\/29243"}],"wp:attachment":[{"href":"https:\/\/historiografija.hr\/index.php?rest_route=%2Fwp%2Fv2%2Fmedia&parent=29242"}],"wp:term":[{"taxonomy":"category","embeddable":true,"href":"https:\/\/historiografija.hr\/index.php?rest_route=%2Fwp%2Fv2%2Fcategories&post=29242"},{"taxonomy":"post_tag","embeddable":true,"href":"https:\/\/historiografija.hr\/index.php?rest_route=%2Fwp%2Fv2%2Ftags&post=29242"}],"curies":[{"name":"wp","href":"https:\/\/api.w.org\/{rel}","templated":true}]}}