{"id":29219,"date":"2022-01-14T19:16:08","date_gmt":"2022-01-14T19:16:08","guid":{"rendered":"http:\/\/historiografija.hr\/?p=29219"},"modified":"2022-01-14T19:16:08","modified_gmt":"2022-01-14T19:16:08","slug":"zimski-semestar-ckpis-a-predavanje-nebojse-jovanovica-branko-copic-u-jugoslavenskom-filmu","status":"publish","type":"post","link":"https:\/\/historiografija.hr\/?p=29219","title":{"rendered":"Zimski semestar CKPIS-a: Predavanje Neboj\u0161e Jovanovi\u0107a \u201cBranko \u0106opi\u0107 u jugoslavenskom filmu\u201d"},"content":{"rendered":"\n<p>\u010cetvrti i posljednji gost Zimskog semestra CKPIS-a je Neboj\u0161a Jovanovi\u0107, asistent na Odsjeku za produkciju Akademije scenskih umjetnosti u Sarajevu, koji \u0107e govoriti na temu <em>Branko \u0106opi\u0107 u jugoslavenskom filmu<\/em>. Predavanje \u0107e se odr\u017eati u ponedjeljak, 17. sije\u010dnja 2022., u 18.00 sati u virtualnoj dvorani <a href=\"https:\/\/ovh.unipu.hr\/b\/and-gdp-arf\" target=\"_blank\" rel=\"noreferrer noopener\">https:\/\/ovh.unipu.hr\/b\/and-gdp-arf<\/a>.<\/p>\n\n\n\n<p>Branko \u0106opi\u0107 u\u0161ao je jugoslavensku kinematografiju kako vlastitim scenaristi\u010dkim doprinosom, tako i adaptacijama romana i zbirki pripovjedaka koje su mu priskrbile status najpopularnijeg i naj\u010ditanijeg pisca socijalisti\u010dke Jugoslavije. Predavanje \u0107e ocrtati kako primjeri filmskog \u0106opi\u0107a hvataju neke od glavnih tendencija u jugoslavenskoj kinematografiji: od socrealizma filmova \u017divje\u0107e ovaj narod i Major Bauk, karakteristi\u010dan za &#8220;prvu petoljetku&#8221; jugoslavenskog filma, preko mainstream adaptacija njegovih najpopularnijih naslova i ciklusa poput Nikoletine Bursa\u0107a, Orlovi rano lete i Hajdu\u010dkih vremena, do pseudo-crnovalnog Gluvog baruta, koji je u adaptaciji \u0106opi\u0107a oti\u0161ao u njegovu potpunu negaciju. Dominantna doxa o \u0106opi\u0107u &#8211; pisac nevine i sun\u010dane dje\u010dje pastorale &#8211; previ\u0111a da je on kroz svoju knji\u017eevnost neprestano problematizirao proturje\u010dnosti i antagonizme jugoslavenske revolucije. Otud \u0107e izlaganje postaviti i pitanje: ukazuje li filmski \u0106opi\u0107 &#8211; kroz vlastite scenarije ili kroz interpretaciju drugih reditelja i scenarista &#8211; na mrtvouzice socijalisti\u010dke Jugoslavije?<\/p>\n\n\n\n<p>Neboj\u0161a Jovanovi\u0107 je asistent na Odsjeku za produkciju Akademije scenskih umjetnosti u Sarajevu. U fokusu njegovog interesa je historija jugoslavenske kinematografije, istra\u017eena i interpretirana u feministi\u010dkoj, psihoanaliti\u010dkoj i marksisti\u010dkoj optici.<\/p>\n\n\n\n<hr class=\"wp-block-separator\"\/>\n\n\n\n<p>Izvor:<\/p>\n\n\n\n<p><a href=\"https:\/\/www.unipu.hr\/ckpis\/dogadanja\">https:\/\/www.unipu.hr\/ckpis\/dogadanja<\/a><\/p>\n\n\n\n<hr class=\"wp-block-separator\"\/>\n","protected":false},"excerpt":{"rendered":"","protected":false},"author":2,"featured_media":29220,"comment_status":"open","ping_status":"open","sticky":false,"template":"","format":"standard","meta":{"_acf_changed":false,"jetpack_post_was_ever_published":false,"_jetpack_newsletter_access":"","_jetpack_dont_email_post_to_subs":false,"_jetpack_newsletter_tier_id":0,"_jetpack_memberships_contains_paywalled_content":false,"_jetpack_memberships_contains_paid_content":false,"footnotes":"","jetpack_publicize_message":"","jetpack_publicize_feature_enabled":true,"jetpack_social_post_already_shared":true,"jetpack_social_options":{"image_generator_settings":{"template":"highway","default_image_id":0,"font":"","enabled":false},"version":2}},"categories":[13,3],"tags":[],"class_list":["post-29219","post","type-post","status-publish","format-standard","has-post-thumbnail","hentry","category-filmovi-i-serije","category-novosti"],"acf":{"facebook_opis":""},"jetpack_publicize_connections":[],"jetpack_featured_media_url":"https:\/\/i0.wp.com\/historiografija.hr\/wp-content\/uploads\/2022\/01\/Jovanovic.png?fit=800%2C450&ssl=1","jetpack_sharing_enabled":true,"jetpack-related-posts":[],"_links":{"self":[{"href":"https:\/\/historiografija.hr\/index.php?rest_route=\/wp\/v2\/posts\/29219","targetHints":{"allow":["GET"]}}],"collection":[{"href":"https:\/\/historiografija.hr\/index.php?rest_route=\/wp\/v2\/posts"}],"about":[{"href":"https:\/\/historiografija.hr\/index.php?rest_route=\/wp\/v2\/types\/post"}],"author":[{"embeddable":true,"href":"https:\/\/historiografija.hr\/index.php?rest_route=\/wp\/v2\/users\/2"}],"replies":[{"embeddable":true,"href":"https:\/\/historiografija.hr\/index.php?rest_route=%2Fwp%2Fv2%2Fcomments&post=29219"}],"version-history":[{"count":1,"href":"https:\/\/historiografija.hr\/index.php?rest_route=\/wp\/v2\/posts\/29219\/revisions"}],"predecessor-version":[{"id":29221,"href":"https:\/\/historiografija.hr\/index.php?rest_route=\/wp\/v2\/posts\/29219\/revisions\/29221"}],"wp:featuredmedia":[{"embeddable":true,"href":"https:\/\/historiografija.hr\/index.php?rest_route=\/wp\/v2\/media\/29220"}],"wp:attachment":[{"href":"https:\/\/historiografija.hr\/index.php?rest_route=%2Fwp%2Fv2%2Fmedia&parent=29219"}],"wp:term":[{"taxonomy":"category","embeddable":true,"href":"https:\/\/historiografija.hr\/index.php?rest_route=%2Fwp%2Fv2%2Fcategories&post=29219"},{"taxonomy":"post_tag","embeddable":true,"href":"https:\/\/historiografija.hr\/index.php?rest_route=%2Fwp%2Fv2%2Ftags&post=29219"}],"curies":[{"name":"wp","href":"https:\/\/api.w.org\/{rel}","templated":true}]}}