{"id":29210,"date":"2022-01-13T19:41:00","date_gmt":"2022-01-13T19:41:00","guid":{"rendered":"http:\/\/historiografija.hr\/?p=29210"},"modified":"2022-01-13T19:44:41","modified_gmt":"2022-01-13T19:44:41","slug":"konferencija-povodom-30-obljetnice-medunarodnog-priznanja-republike-hrvatske-trideset-godina-zastite-ljudskih-prava-u-republici-hrvatskoj-proslost-sadasnjost-i-buducnost","status":"publish","type":"post","link":"https:\/\/historiografija.hr\/?p=29210","title":{"rendered":"Konferencija povodom 30. obljetnice me\u0111unarodnog priznanja Republike Hrvatske: Trideset godina za\u0161tite ljudskih prava u Republici Hrvatskoj: pro\u0161lost, sada\u0161njost i budu\u0107nost"},"content":{"rendered":"\n<p>Pravni fakultet Sveu\u010dili\u0161ta u Zagrebu i Ured pu\u010dke pravobraniteljice\u00a0Republike Hrvatske pozivaju Vas na konferenciju povodom 30. obljetnice\u00a0me\u0111unarodnog priznanja Republike Hrvatske:<br><br><strong><em>Trideset godina za\u0161tite ljudskih prava u Republici Hrvatskoj: pro\u0161lost, sada\u0161njost i budu\u0107nost<\/em><\/strong><br><br><strong>14. sije\u010dnja 2022., s po\u010detkom u 9\u00a0sati<\/strong><br><br>Konferencija \u0107e se odr\u017eati u hibridnom obliku, s izlaganjima na Pravnom fakultetu u Zagrebu<br>(\u0106irilometodska 4, dvorana VII), a ostali sudionici mogu se priklju\u010diti na odgovaraju\u0107oj poveznici.<\/p>\n\n\n\n<p>Program konferencije:<\/p>\n\n\n\n<p><a href=\"https:\/\/www.pravo.unizg.hr\/plus\/novosti\/naslovna_stranica?@=8myp#news_77687\">https:\/\/www.pravo.unizg.hr\/plus\/novosti\/naslovna_stranica?@=8myp#news_77687<\/a><\/p>\n\n\n\n<hr class=\"wp-block-separator\"\/>\n","protected":false},"excerpt":{"rendered":"","protected":false},"author":2,"featured_media":29211,"comment_status":"open","ping_status":"open","sticky":false,"template":"","format":"standard","meta":{"_acf_changed":false,"jetpack_post_was_ever_published":false,"_jetpack_newsletter_access":"","_jetpack_dont_email_post_to_subs":false,"_jetpack_newsletter_tier_id":0,"_jetpack_memberships_contains_paywalled_content":false,"_jetpack_memberships_contains_paid_content":false,"footnotes":"","jetpack_publicize_message":"","jetpack_publicize_feature_enabled":true,"jetpack_social_post_already_shared":true,"jetpack_social_options":{"image_generator_settings":{"template":"highway","default_image_id":0,"font":"","enabled":false},"version":2}},"categories":[3,9],"tags":[],"class_list":["post-29210","post","type-post","status-publish","format-standard","has-post-thumbnail","hentry","category-novosti","category-skupovi"],"acf":{"facebook_opis":""},"jetpack_publicize_connections":[],"jetpack_featured_media_url":"https:\/\/i0.wp.com\/historiografija.hr\/wp-content\/uploads\/2022\/01\/Ikona.jpg?fit=374%2C214&ssl=1","jetpack_sharing_enabled":true,"jetpack-related-posts":[],"_links":{"self":[{"href":"https:\/\/historiografija.hr\/index.php?rest_route=\/wp\/v2\/posts\/29210","targetHints":{"allow":["GET"]}}],"collection":[{"href":"https:\/\/historiografija.hr\/index.php?rest_route=\/wp\/v2\/posts"}],"about":[{"href":"https:\/\/historiografija.hr\/index.php?rest_route=\/wp\/v2\/types\/post"}],"author":[{"embeddable":true,"href":"https:\/\/historiografija.hr\/index.php?rest_route=\/wp\/v2\/users\/2"}],"replies":[{"embeddable":true,"href":"https:\/\/historiografija.hr\/index.php?rest_route=%2Fwp%2Fv2%2Fcomments&post=29210"}],"version-history":[{"count":2,"href":"https:\/\/historiografija.hr\/index.php?rest_route=\/wp\/v2\/posts\/29210\/revisions"}],"predecessor-version":[{"id":29213,"href":"https:\/\/historiografija.hr\/index.php?rest_route=\/wp\/v2\/posts\/29210\/revisions\/29213"}],"wp:featuredmedia":[{"embeddable":true,"href":"https:\/\/historiografija.hr\/index.php?rest_route=\/wp\/v2\/media\/29211"}],"wp:attachment":[{"href":"https:\/\/historiografija.hr\/index.php?rest_route=%2Fwp%2Fv2%2Fmedia&parent=29210"}],"wp:term":[{"taxonomy":"category","embeddable":true,"href":"https:\/\/historiografija.hr\/index.php?rest_route=%2Fwp%2Fv2%2Fcategories&post=29210"},{"taxonomy":"post_tag","embeddable":true,"href":"https:\/\/historiografija.hr\/index.php?rest_route=%2Fwp%2Fv2%2Ftags&post=29210"}],"curies":[{"name":"wp","href":"https:\/\/api.w.org\/{rel}","templated":true}]}}