{"id":29196,"date":"2022-01-13T18:59:13","date_gmt":"2022-01-13T18:59:13","guid":{"rendered":"http:\/\/historiografija.hr\/?p=29196"},"modified":"2022-01-13T18:59:13","modified_gmt":"2022-01-13T18:59:13","slug":"dokumentarni-film-priznanje-hrvatske","status":"publish","type":"post","link":"https:\/\/historiografija.hr\/?p=29196","title":{"rendered":"Dokumentarni film \u201cPriznanje Hrvatske\u201d"},"content":{"rendered":"\n<p>Na 30. obljetnicu priznanja Hrvatske prisje\u0107amo se sudbonosnih vremena za hrvatsku samostalnost. O interesima, zabludama i zakulisnim igrama govore povjesni\u010dari i glavni akteri tog turbulentnog razdoblja. Dokumentarni film Priznanje Hrvatske prikazujemo u subotu 15. sije\u010dnja u 21 sat na Prvom programu HTV-a.&nbsp;<\/p>\n\n\n\n<p>\u0160to je radila diplomacija Svete Stolice, kada je Njema\u010dka prelomila svoju odluku, za\u0161to je Island prvi istupio?&nbsp;<\/p>\n\n\n\n<p>Na ta i mnoga druga pitanja za HRT govore: tada\u0161nji islandski ministar vanjskih poslova J<strong>\u00f3n Baldwin Hannibalsson<\/strong>, dr\u017eavni tajnik u njema\u010dkom ministarstvu vanjskih poslova <strong>Juergen Chrobog<\/strong>, kardinal <strong>Angelo Sodano<\/strong>, dr\u017eavni tajnik Svete Stolice 1991. &#8211; 2006., akademik <strong>Davorin Rudolf<\/strong>, dr. sc. <strong>Zvonimir \u0160eparovi\u0107, Mario Nobilo, Vladimir \u0160eks<\/strong>, dr. sc. <strong>Mate Grani\u0107, Zdravka Bu\u0161i\u0107, Vesna \u0160kare-O\u017ebolt,<\/strong> dr. sc. <strong>Ante Nazor<\/strong>, dr. sc. <strong>Domagoj Kne\u017eevi\u0107<\/strong>&#8230;<\/p>\n\n\n\n<p>Redatelj i urednik <strong>Jozo Bari\u0161i\u0107<\/strong>, scenarist <strong>Borna Marini\u0107<\/strong>, direktori fotografije <strong>Jure O\u017ei\u0107-Bebek i Damjan Petrovi\u0107<\/strong>, monta\u017eer<strong> Filip Karabelj<\/strong>, a skladatelj <strong>Emilio Kutle\u0161a<\/strong>.\u00a0<\/p>\n\n\n\n<hr class=\"wp-block-separator\"\/>\n\n\n\n<p>Izvor:<\/p>\n\n\n\n<p><a href=\"https:\/\/hrtprikazuje.hrt.hr\/dokumentarci\/priznanje-hrvatske-4499970\">https:\/\/hrtprikazuje.hrt.hr\/dokumentarci\/priznanje-hrvatske-4499970<\/a><\/p>\n\n\n\n<hr class=\"wp-block-separator\"\/>\n","protected":false},"excerpt":{"rendered":"","protected":false},"author":2,"featured_media":29197,"comment_status":"open","ping_status":"open","sticky":false,"template":"","format":"standard","meta":{"_acf_changed":false,"jetpack_post_was_ever_published":false,"_jetpack_newsletter_access":"","_jetpack_dont_email_post_to_subs":false,"_jetpack_newsletter_tier_id":0,"_jetpack_memberships_contains_paywalled_content":false,"_jetpack_memberships_contains_paid_content":false,"footnotes":"","jetpack_publicize_message":"","jetpack_publicize_feature_enabled":true,"jetpack_social_post_already_shared":true,"jetpack_social_options":{"image_generator_settings":{"template":"highway","default_image_id":0,"font":"","enabled":false},"version":2}},"categories":[13,3],"tags":[],"class_list":["post-29196","post","type-post","status-publish","format-standard","has-post-thumbnail","hentry","category-filmovi-i-serije","category-novosti"],"acf":{"facebook_opis":""},"jetpack_publicize_connections":[],"jetpack_featured_media_url":"https:\/\/i0.wp.com\/historiografija.hr\/wp-content\/uploads\/2022\/01\/Priznanje.jpg?fit=300%2C168&ssl=1","jetpack_sharing_enabled":true,"jetpack-related-posts":[],"_links":{"self":[{"href":"https:\/\/historiografija.hr\/index.php?rest_route=\/wp\/v2\/posts\/29196","targetHints":{"allow":["GET"]}}],"collection":[{"href":"https:\/\/historiografija.hr\/index.php?rest_route=\/wp\/v2\/posts"}],"about":[{"href":"https:\/\/historiografija.hr\/index.php?rest_route=\/wp\/v2\/types\/post"}],"author":[{"embeddable":true,"href":"https:\/\/historiografija.hr\/index.php?rest_route=\/wp\/v2\/users\/2"}],"replies":[{"embeddable":true,"href":"https:\/\/historiografija.hr\/index.php?rest_route=%2Fwp%2Fv2%2Fcomments&post=29196"}],"version-history":[{"count":1,"href":"https:\/\/historiografija.hr\/index.php?rest_route=\/wp\/v2\/posts\/29196\/revisions"}],"predecessor-version":[{"id":29198,"href":"https:\/\/historiografija.hr\/index.php?rest_route=\/wp\/v2\/posts\/29196\/revisions\/29198"}],"wp:featuredmedia":[{"embeddable":true,"href":"https:\/\/historiografija.hr\/index.php?rest_route=\/wp\/v2\/media\/29197"}],"wp:attachment":[{"href":"https:\/\/historiografija.hr\/index.php?rest_route=%2Fwp%2Fv2%2Fmedia&parent=29196"}],"wp:term":[{"taxonomy":"category","embeddable":true,"href":"https:\/\/historiografija.hr\/index.php?rest_route=%2Fwp%2Fv2%2Fcategories&post=29196"},{"taxonomy":"post_tag","embeddable":true,"href":"https:\/\/historiografija.hr\/index.php?rest_route=%2Fwp%2Fv2%2Ftags&post=29196"}],"curies":[{"name":"wp","href":"https:\/\/api.w.org\/{rel}","templated":true}]}}