{"id":29190,"date":"2022-01-13T18:16:50","date_gmt":"2022-01-13T18:16:50","guid":{"rendered":"http:\/\/historiografija.hr\/?p=29190"},"modified":"2022-01-13T18:16:50","modified_gmt":"2022-01-13T18:16:50","slug":"m%d0%b5dunarodni-forum-demokratske-promjene-1989-u-popularnoj-kulturi-i-umjetnosti-14-18-veljace-2022-online-bec-austrija","status":"publish","type":"post","link":"https:\/\/historiografija.hr\/?p=29190","title":{"rendered":"M\u0435\u0111unarodni forum \u201cDemokratske promjene 1989. u popularnoj kulturi i umjetnosti\u201d, 14. \u2013 18. velja\u010de 2022. (Online \/ Be\u010d, Austrija)"},"content":{"rendered":"\n<p><strong>Poziv za sudionike i sudionice<\/strong><\/p>\n\n\n\n<p><strong>O Forumu: <\/strong>M\u0435\u0111unarodni Forum odr\u017eat \u0107e se od 14. do 18. velja\u010de 2022. godine u hibridnom formatu koji kombinira sesije online i u\u017eivo:<\/p>\n\n\n\n<p><strong>14. velja\u010de 2022. godine<\/strong><\/p>\n\n\n\n<ul class=\"wp-block-list\"><li><strong>\u201eKako je 1989. promijenila Europu?\u201c<\/strong>16:00 h \u2013 17:00 h (CET)<\/li><\/ul>\n\n\n\n<p>Prva sesija \u0107e dati op\u0107i uvod u temu. Sudionicima i sudionicama Foruma bit \u0107e predstavljen edukativni film \u201eKako je 1989. promijenila Europu?\u201c.<\/p>\n\n\n\n<ul class=\"wp-block-list\"><li><strong>,,1989 i fotografija: demokratske revolucije kroz objektiv\u201d <\/strong>17:30 h \u2013 19:00 h (CET)<\/li><\/ul>\n\n\n\n<p>Sudionici I sudionice Foruma imat \u0107e priliku vidjeti digitalne izlo\u017ebe posve\u0107ene demokratskim revolucijama u razli\u010ditim europskim zemljama. Relevantni fotografi podijelit \u0107e svoje profesionalno i osobno iskustvo iz 1989. godine.<\/p>\n\n\n\n<p><strong>15. velja\u010de 2022. godine<\/strong><\/p>\n\n\n\n<ul class=\"wp-block-list\"><li><strong>,,Revolucije podu\u010davanja: obrazovni izazovi i korelacije\u201d<\/strong> 16:00 h \u2013 17:00 h (CET)<\/li><\/ul>\n\n\n\n<p>Sudionici i sudionice imat \u0107e priliku usporediti izazove u\u010denja o demokratskim revolucijama u Europi. Tre\u0107a sesija \u0107e tako\u0111er istra\u017eiti mjesto koje 1989. zauzima u kulturi sje\u0107anja razli\u010ditih europskih zemalja.<\/p>\n\n\n\n<ul class=\"wp-block-list\"><li><strong>,,1989 i masovni mediji:<\/strong> <strong>the revolution was televised\u201d<\/strong>&nbsp;17:30 h \u2013 19:00 h (CET)<\/li><\/ul>\n\n\n\n<p>Ova sesija \u0107e istra\u017eiti dru\u0161tveni i politi\u010dki utjecaj televizije tijekom demokratskih promjena 1989. u razli\u010ditim europskim zemljama. Sudionicima i sudionicama bit \u0107e predstavljene odabrane TV arhive iz raznih europskih zemalja.<\/p>\n\n\n\n<p><strong>17. velja\u010de 2022. godine<\/strong><\/p>\n\n\n\n<ul class=\"wp-block-list\"><li><strong>,,Demokratske revolucije 1989. u umjetnosti i svakodnevnom \u017eivotu\u201d <\/strong>19:00 h \u2013 21:00 h (CET)<\/li><\/ul>\n\n\n\n<p>Ova \u0107e sesija u\u017eivo okupiti dionike iz podru\u010dja povijesnog i gra\u0111anskog obrazovanja osobno u Be\u010du, Austrija, kako bi&nbsp; austrijskoj publici predstavili edukativni film <em>\u201cKako je 1989. promijenila Europu?\u201d<\/em> i priru\u010dnik s didakti\u010dkim materijalima <em>\u201c1989.: lekcija iz pro\u0161losti\u201d<\/em>, oba izra\u0111ena u sklopu ovog projekta.<\/p>\n\n\n\n<p>Uslijedit \u0107e javna diskusija koja \u0107e istra\u017eiti mjesto koje demokratske revolucije 1989. zauzimaju danas u svakodnevnom \u017eivotu i na umjetni\u010dkoj sceni Europe.<\/p>\n\n\n\n<p><strong>Sesija \u0107e se prenositi na Zoomu za sudionike i sudionice Foruma<\/strong> koji \u0107e imati priliku govornicima u Be\u010du postaviti dodatna pitanja i komentirati raspravu.<\/p>\n\n\n\n<p><strong>Pozivamo vas da se pridru\u017eite forumu online na Zoomu. Link za Zoom dobit \u0107ete nakon registracije.<\/strong><\/p>\n\n\n\n<p><strong>Tko se mo\u017ee prijaviti: <\/strong>svi zainteresirani\/zainteresirane. Forum \u0107e se odr\u017eati na engleskom jeziku.<\/p>\n\n\n\n<p><strong>Prijava:<\/strong> Ako \u017eelite sudjelovati, molimo, ispunite prijavni obrazac koji se nalazi na linku:<\/p>\n\n\n\n<p><a href=\"https:\/\/forms.gle\/xi2a8QmB7sYCcCkM7\">https:\/\/forms.gle\/xi2a8QmB7sYCcCkM7<\/a><\/p>\n\n\n\n<p><strong>Rok prijave:<\/strong> 10.02.2022. godine<\/p>\n\n\n\n<p>Vi\u0161e informacija o Forumu mo\u017eete prona\u0107i u <strong>info-packu.<\/strong><\/p>\n\n\n\n<p>Me\u0111unarodni Forum dio je projekta \u201ePreoblikovanje predstave o demokratskim revolucijama 1989.: Europske suvremene perspektive i zaboravljene lekcije iz pro\u0161losti\u201c. Projekt \u017eeli podsjetiti europske gra\u0111ane na demokratske revolucije 1989. \u2013 1990. kao razdoblje mukotrpnih borbi za pluralisti\u010dku demokraciju i miran su\u017eivot u Europi s ciljem oja\u010davanja suvremene posve\u0107enosti europskih gra\u0111ana o\u010duvanju demokratskog pluralizma i demokratskih institucija. Zapratite nas na Instagramu: @reshaping1989<\/p>\n\n\n\n<p>Stojimo na raspolaganju za vi\u0161e informacija: diana.todorova@documenta.hr<\/p>\n\n\n\n<p>Projekt sufinancira Europska unija kroz program \u201eEuropa za gra\u0111ane\u201c.<\/p>\n\n\n\n<hr class=\"wp-block-separator\"\/>\n\n\n\n<p>Izvor: <\/p>\n\n\n\n<p><a href=\"https:\/\/documenta.hr\/novosti\/m%d0%b5dunarodni-forum-demokratske-promjene-1989-u-popularnoj-kulturi-i-umjetnosti-od-14-do-18-veljace-2022-online-bec-austrija\/\">https:\/\/documenta.hr\/novosti\/m%d0%b5dunarodni-forum-demokratske-promjene-1989-u-popularnoj-kulturi-i-umjetnosti-od-14-do-18-veljace-2022-online-bec-austrija\/<\/a><\/p>\n\n\n\n<hr class=\"wp-block-separator\"\/>\n","protected":false},"excerpt":{"rendered":"","protected":false},"author":2,"featured_media":29191,"comment_status":"open","ping_status":"open","sticky":false,"template":"","format":"standard","meta":{"_acf_changed":false,"jetpack_post_was_ever_published":false,"_jetpack_newsletter_access":"","_jetpack_dont_email_post_to_subs":false,"_jetpack_newsletter_tier_id":0,"_jetpack_memberships_contains_paywalled_content":false,"_jetpack_memberships_contains_paid_content":false,"footnotes":"","jetpack_publicize_message":"","jetpack_publicize_feature_enabled":true,"jetpack_social_post_already_shared":true,"jetpack_social_options":{"image_generator_settings":{"template":"highway","default_image_id":0,"font":"","enabled":false},"version":2}},"categories":[3,9],"tags":[],"class_list":["post-29190","post","type-post","status-publish","format-standard","has-post-thumbnail","hentry","category-novosti","category-skupovi"],"acf":{"facebook_opis":""},"jetpack_publicize_connections":[],"jetpack_featured_media_url":"https:\/\/i0.wp.com\/historiografija.hr\/wp-content\/uploads\/2022\/01\/Reshaping_the_image_of_democratic_revolutions.png?fit=937%2C703&ssl=1","jetpack_sharing_enabled":true,"jetpack-related-posts":[],"_links":{"self":[{"href":"https:\/\/historiografija.hr\/index.php?rest_route=\/wp\/v2\/posts\/29190","targetHints":{"allow":["GET"]}}],"collection":[{"href":"https:\/\/historiografija.hr\/index.php?rest_route=\/wp\/v2\/posts"}],"about":[{"href":"https:\/\/historiografija.hr\/index.php?rest_route=\/wp\/v2\/types\/post"}],"author":[{"embeddable":true,"href":"https:\/\/historiografija.hr\/index.php?rest_route=\/wp\/v2\/users\/2"}],"replies":[{"embeddable":true,"href":"https:\/\/historiografija.hr\/index.php?rest_route=%2Fwp%2Fv2%2Fcomments&post=29190"}],"version-history":[{"count":1,"href":"https:\/\/historiografija.hr\/index.php?rest_route=\/wp\/v2\/posts\/29190\/revisions"}],"predecessor-version":[{"id":29192,"href":"https:\/\/historiografija.hr\/index.php?rest_route=\/wp\/v2\/posts\/29190\/revisions\/29192"}],"wp:featuredmedia":[{"embeddable":true,"href":"https:\/\/historiografija.hr\/index.php?rest_route=\/wp\/v2\/media\/29191"}],"wp:attachment":[{"href":"https:\/\/historiografija.hr\/index.php?rest_route=%2Fwp%2Fv2%2Fmedia&parent=29190"}],"wp:term":[{"taxonomy":"category","embeddable":true,"href":"https:\/\/historiografija.hr\/index.php?rest_route=%2Fwp%2Fv2%2Fcategories&post=29190"},{"taxonomy":"post_tag","embeddable":true,"href":"https:\/\/historiografija.hr\/index.php?rest_route=%2Fwp%2Fv2%2Ftags&post=29190"}],"curies":[{"name":"wp","href":"https:\/\/api.w.org\/{rel}","templated":true}]}}