{"id":29173,"date":"2022-01-12T11:15:42","date_gmt":"2022-01-12T11:15:42","guid":{"rendered":"http:\/\/historiografija.hr\/?p=29173"},"modified":"2022-01-12T11:15:42","modified_gmt":"2022-01-12T11:15:42","slug":"matica-hrvatska-objavila-digitalno-izdanje-hrvatskoga-tjednika","status":"publish","type":"post","link":"https:\/\/historiografija.hr\/?p=29173","title":{"rendered":"Matica hrvatska objavila digitalno izdanje HRVATSKOGA TJEDNIKA"},"content":{"rendered":"\n<p>U povodu pedesete godi\u0161njice \u00bbcrnog dana za hrvatske rodoljube\u00ab i \u00bbizravna udara na Maticu hrvatsku\u00ab kada su tijekom no\u0107i 11. sije\u010dnja 1972. uhi\u0107eni kao vo\u0111e kontrarevolucije Mati\u010dini du\u017enosnici i \u010dlanovi (\u0160ime \u0110odan, Jozo Ivi\u010devi\u0107, Ante Ba\u010di\u0107, Vlado Gotovac, Ante Glibota, Hrvoje \u0160o\u0161i\u0107, Franjo Tu\u0111man, Bruno Bu\u0161i\u0107, Vlatko Pavleti\u0107, Marko Veselica i Zvonimir Komarica), Matica hrvatska objavljuje digitalno izdanje <em>Hrvatskoga tjednika<\/em>, Mati\u010dinih novina za kulturna i dru\u0161tvena pitanja u kojima su uhi\u0107enici sura\u0111ivali kao autori i urednici, a \u0161to im je tijekom montiranih sudskih procesa uzimano u obzir kao naro\u010diti krimen jer je <em>Hrvatski tjednik <\/em>(HT) ocijenjen kao list \u00bbopozicionog politi\u010dkog karaktera, antisamoupravne i antikomunisti\u010dke ideologije\u00ab, kao \u00bbnajglasnije i najdrskije glasilo\u00ab hrvatskoga nacionalizma, \u0161ovinizma i separatizma, kao glasilo uz \u010diju su pomo\u0107 optu\u017eeni poku\u0161ali pokrenuti \u00abkontrarevoluciju\u00ab i \u00bbgra\u0111anski rat\u00ab.<\/p>\n\n\n\n<p><em>Hrvatski tjednik<\/em> izlazi na vrhuncu Hrvatskoga prolje\u0107a, u trenutku kada jedan od Mati\u010dinih du\u017enosnika izjavljuje vjerojatno najkra\u0107u i najupe\u010datljiviju sintezu tada\u0161njega politi\u010dkog i op\u0107eg stanja u Hrvatskoj: Matica je sa svojim zahtjevima tri koplja ispred hrvatskoga partijskog vodstva, a hrvatski je narod \u0161est kopalja ispred Matice.<\/p>\n\n\n\n<hr class=\"wp-block-separator\"\/>\n\n\n\n<p><strong>Op\u0161irnije:<\/strong><\/p>\n\n\n\n<p><a href=\"https:\/\/www.matica.hr\/knjige\/hrvatski-tjednik-1971-1372\/\">https:\/\/www.matica.hr\/knjige\/hrvatski-tjednik-1971-1372\/<\/a><\/p>\n\n\n\n<hr class=\"wp-block-separator\"\/>\n","protected":false},"excerpt":{"rendered":"","protected":false},"author":2,"featured_media":29174,"comment_status":"open","ping_status":"open","sticky":false,"template":"","format":"standard","meta":{"_acf_changed":false,"jetpack_post_was_ever_published":false,"_jetpack_newsletter_access":"","_jetpack_dont_email_post_to_subs":false,"_jetpack_newsletter_tier_id":0,"_jetpack_memberships_contains_paywalled_content":false,"_jetpack_memberships_contains_paid_content":false,"footnotes":"","jetpack_publicize_message":"","jetpack_publicize_feature_enabled":true,"jetpack_social_post_already_shared":true,"jetpack_social_options":{"image_generator_settings":{"template":"highway","default_image_id":0,"font":"","enabled":false},"version":2}},"categories":[19,3],"tags":[],"class_list":["post-29173","post","type-post","status-publish","format-standard","has-post-thumbnail","hentry","category-e-knjige","category-novosti"],"acf":{"facebook_opis":""},"jetpack_publicize_connections":[],"jetpack_featured_media_url":"https:\/\/i0.wp.com\/historiografija.hr\/wp-content\/uploads\/2022\/01\/Tjednik.png?fit=640%2C941&ssl=1","jetpack_sharing_enabled":true,"jetpack-related-posts":[],"_links":{"self":[{"href":"https:\/\/historiografija.hr\/index.php?rest_route=\/wp\/v2\/posts\/29173","targetHints":{"allow":["GET"]}}],"collection":[{"href":"https:\/\/historiografija.hr\/index.php?rest_route=\/wp\/v2\/posts"}],"about":[{"href":"https:\/\/historiografija.hr\/index.php?rest_route=\/wp\/v2\/types\/post"}],"author":[{"embeddable":true,"href":"https:\/\/historiografija.hr\/index.php?rest_route=\/wp\/v2\/users\/2"}],"replies":[{"embeddable":true,"href":"https:\/\/historiografija.hr\/index.php?rest_route=%2Fwp%2Fv2%2Fcomments&post=29173"}],"version-history":[{"count":1,"href":"https:\/\/historiografija.hr\/index.php?rest_route=\/wp\/v2\/posts\/29173\/revisions"}],"predecessor-version":[{"id":29175,"href":"https:\/\/historiografija.hr\/index.php?rest_route=\/wp\/v2\/posts\/29173\/revisions\/29175"}],"wp:featuredmedia":[{"embeddable":true,"href":"https:\/\/historiografija.hr\/index.php?rest_route=\/wp\/v2\/media\/29174"}],"wp:attachment":[{"href":"https:\/\/historiografija.hr\/index.php?rest_route=%2Fwp%2Fv2%2Fmedia&parent=29173"}],"wp:term":[{"taxonomy":"category","embeddable":true,"href":"https:\/\/historiografija.hr\/index.php?rest_route=%2Fwp%2Fv2%2Fcategories&post=29173"},{"taxonomy":"post_tag","embeddable":true,"href":"https:\/\/historiografija.hr\/index.php?rest_route=%2Fwp%2Fv2%2Ftags&post=29173"}],"curies":[{"name":"wp","href":"https:\/\/api.w.org\/{rel}","templated":true}]}}