{"id":29169,"date":"2022-01-12T11:04:18","date_gmt":"2022-01-12T11:04:18","guid":{"rendered":"http:\/\/historiografija.hr\/?p=29169"},"modified":"2022-01-12T11:05:44","modified_gmt":"2022-01-12T11:05:44","slug":"ales-gabric-u-sjeni-politike-opozicija-komunistickoj-vlasti-u-sloveniji-nakon-1945-godine","status":"publish","type":"post","link":"https:\/\/historiografija.hr\/?p=29169","title":{"rendered":"Ale\u0161 Gabri\u010d, \u201eU sjeni politike. Opozicija komunisti\u010dkoj vlasti u Sloveniji nakon 1945. godine\u201c"},"content":{"rendered":"\n<p>Prevela Anita Peti-Stanti\u0107.<\/p>\n\n\n\n<p>Autor u knjizi opisuje polo\u017eaj opozicijskih djelatnika i krugova u Sloveniji u prvim poratnim godinama, u doba dok se uz pomo\u0107 represivnog dr\u017eavnog aparata u\u010dvr\u0161\u0107ivala komunisti\u010dka vlast.<\/p>\n\n\n\n<p>Pitanja o mo\u0107i i nemo\u0107i politi\u010dke opozicije 1945. godine u Jugoslaviji (a time i u Sloveniji) ve\u0107 su desetlje\u0107ima stalno mjesto rasprava politi\u010dki i idejno motiviranih ljudi, koje se uglavnom vode u stru\u010dno slabije utemeljenim medijima. (\u2026)<\/p>\n\n\n\n<p>Prou\u010davanje funkcioniranja opozicije u Jugoslaviji nakon zavr\u0161etka Drugog svjetskog rata se\u017ee u osamdesete godine 20. stolje\u0107a, u vrijeme kriti\u010dkog vala u kulturi. Do tada su se, naime, odlu\u010duju\u0107ima smatrale ocjene koje su u javnom diskursu zagovarali i provodili politi\u010dari koji su 1945. godine preuzeli vlast te su u Jugoslaviji uveli svoju ina\u010dicu komunisti\u010dkog ure\u0111enja. Za njih je bilo karakteristi\u010dno ponavljanje ocjena da u Jugoslaviji nema prave opozicije i da su politi\u010dki hu\u0161ka\u010di i nezadovoljnici novim re\u017eimom zapravo samo pla\u0107enici i agenti stranih dr\u017eava i stranih obavje\u0161tajnih slu\u017ebi. (\u2026)<\/p>\n\n\n\n<p>Tvrdi uvez, 229 str., 24 cm<\/p>\n\n\n\n<p>Cijena: 149,00 kn<\/p>\n\n\n\n<p>Nakladnici:<\/p>\n\n\n\n<p>Srednja Europa, Zagreb<\/p>\n\n\n\n<p>In\u0161titut za novej\u0161o zgodovino, Ljubljana<\/p>\n\n\n\n<p><strong>Ale\u0161 Gabri\u010d<\/strong>, slovenski povjesni\u010dar, znanstveni savjetnik u Institutu za suvremenu povijest u Ljubljani, predsjednik Slovenske matice (od 2018). Istra\u017euje suvremenu slovensku kulturnu i politi\u010dku povijest te povijest \u0161kolstva.<\/p>\n\n\n\n<hr class=\"wp-block-separator\"\/>\n\n\n\n<p>Izvor:<\/p>\n\n\n\n<figure class=\"wp-block-embed-wordpress wp-block-embed is-type-wp-embed is-provider-srednja-europa\"><div class=\"wp-block-embed__wrapper\">\n<blockquote class=\"wp-embedded-content\" data-secret=\"f1ehzQ71wM\"><a href=\"https:\/\/srednja-europa.hr\/nove-knjige\/u-sjeni-politike\/\">U sjeni politike<\/a><\/blockquote><iframe loading=\"lazy\" class=\"wp-embedded-content\" sandbox=\"allow-scripts\" security=\"restricted\" style=\"position: absolute; clip: rect(1px, 1px, 1px, 1px);\" title=\"&#8220;U sjeni politike&#8221; &#8212; Srednja Europa\" src=\"https:\/\/srednja-europa.hr\/nove-knjige\/u-sjeni-politike\/embed\/#?secret=f1ehzQ71wM\" data-secret=\"f1ehzQ71wM\" width=\"600\" height=\"338\" frameborder=\"0\" marginwidth=\"0\" marginheight=\"0\" scrolling=\"no\"><\/iframe>\n<\/div><\/figure>\n\n\n\n<hr class=\"wp-block-separator\"\/>\n\n\n\n<p>Odjeci:<\/p>\n\n\n\n<p><a href=\"https:\/\/historiografija.ba\/article.php?id=952\">https:\/\/historiografija.ba\/article.php?id=952<\/a><\/p>\n\n\n\n<hr class=\"wp-block-separator\"\/>\n","protected":false},"excerpt":{"rendered":"","protected":false},"author":2,"featured_media":29170,"comment_status":"open","ping_status":"open","sticky":false,"template":"","format":"standard","meta":{"_acf_changed":false,"jetpack_post_was_ever_published":false,"_jetpack_newsletter_access":"","_jetpack_dont_email_post_to_subs":false,"_jetpack_newsletter_tier_id":0,"_jetpack_memberships_contains_paywalled_content":false,"_jetpack_memberships_contains_paid_content":false,"footnotes":"","jetpack_publicize_message":"","jetpack_publicize_feature_enabled":true,"jetpack_social_post_already_shared":true,"jetpack_social_options":{"image_generator_settings":{"template":"highway","default_image_id":0,"font":"","enabled":false},"version":2}},"categories":[8,3],"tags":[],"class_list":["post-29169","post","type-post","status-publish","format-standard","has-post-thumbnail","hentry","category-knjige","category-novosti"],"acf":{"facebook_opis":""},"jetpack_publicize_connections":[],"jetpack_featured_media_url":"https:\/\/i0.wp.com\/historiografija.hr\/wp-content\/uploads\/2022\/01\/Gabric.jpg?fit=501%2C720&ssl=1","jetpack_sharing_enabled":true,"jetpack-related-posts":[],"_links":{"self":[{"href":"https:\/\/historiografija.hr\/index.php?rest_route=\/wp\/v2\/posts\/29169","targetHints":{"allow":["GET"]}}],"collection":[{"href":"https:\/\/historiografija.hr\/index.php?rest_route=\/wp\/v2\/posts"}],"about":[{"href":"https:\/\/historiografija.hr\/index.php?rest_route=\/wp\/v2\/types\/post"}],"author":[{"embeddable":true,"href":"https:\/\/historiografija.hr\/index.php?rest_route=\/wp\/v2\/users\/2"}],"replies":[{"embeddable":true,"href":"https:\/\/historiografija.hr\/index.php?rest_route=%2Fwp%2Fv2%2Fcomments&post=29169"}],"version-history":[{"count":2,"href":"https:\/\/historiografija.hr\/index.php?rest_route=\/wp\/v2\/posts\/29169\/revisions"}],"predecessor-version":[{"id":29172,"href":"https:\/\/historiografija.hr\/index.php?rest_route=\/wp\/v2\/posts\/29169\/revisions\/29172"}],"wp:featuredmedia":[{"embeddable":true,"href":"https:\/\/historiografija.hr\/index.php?rest_route=\/wp\/v2\/media\/29170"}],"wp:attachment":[{"href":"https:\/\/historiografija.hr\/index.php?rest_route=%2Fwp%2Fv2%2Fmedia&parent=29169"}],"wp:term":[{"taxonomy":"category","embeddable":true,"href":"https:\/\/historiografija.hr\/index.php?rest_route=%2Fwp%2Fv2%2Fcategories&post=29169"},{"taxonomy":"post_tag","embeddable":true,"href":"https:\/\/historiografija.hr\/index.php?rest_route=%2Fwp%2Fv2%2Ftags&post=29169"}],"curies":[{"name":"wp","href":"https:\/\/api.w.org\/{rel}","templated":true}]}}