{"id":29163,"date":"2022-01-12T10:33:47","date_gmt":"2022-01-12T10:33:47","guid":{"rendered":"http:\/\/historiografija.hr\/?p=29163"},"modified":"2022-01-12T10:33:47","modified_gmt":"2022-01-12T10:33:47","slug":"umro-ivan-cizmic","status":"publish","type":"post","link":"https:\/\/historiografija.hr\/?p=29163","title":{"rendered":"Umro Ivan \u010cizmi\u0107"},"content":{"rendered":"\n<p>Dana 9. sije\u010dnja 2022. u 88. godini preminuo je povjesni\u010dar Ivan \u010cizmi\u0107 (1934-2022) koji se bavio povije\u0161\u0107u hrvatskog iseljeni\u0161tva. Op\u0161irnije u nastavku.<\/p>\n\n\n\n<hr class=\"wp-block-separator\"\/>\n\n\n\n<p>Dr. sc. Ivan \u010cizmi\u0107 (1934. \u2013 2022.)<\/p>\n\n\n\n<p><a href=\"https:\/\/matis.hr\/vijesti\/odlazak-nestora-hrvatske-iseljenicke-povijesti-ivana-cizmica\/\">https:\/\/matis.hr\/vijesti\/odlazak-nestora-hrvatske-iseljenicke-povijesti-ivana-cizmica\/<\/a><\/p>\n\n\n\n<p><a href=\"https:\/\/mojzagreb.info\/zagreb\/umro-je-ivan-%C4%8Dizmi%C4%87-odlazak-nestora-hrvatske-iseljeni%C4%8Dke-povijesti\">https:\/\/mojzagreb.info\/zagreb\/umro-je-ivan-%C4%8Dizmi%C4%87-odlazak-nestora-hrvatske-iseljeni%C4%8Dke-povijesti<\/a><\/p>\n\n\n\n<figure class=\"wp-block-embed-wordpress wp-block-embed is-type-wp-embed is-provider-institut-drustvenih-znanosti-ivo-pilar\"><div class=\"wp-block-embed__wrapper\">\n<blockquote class=\"wp-embedded-content\" data-secret=\"7CScD9t2fm\"><a href=\"https:\/\/www.pilar.hr\/2022\/01\/dr-sc-ivan-cizmic-1934-2022\/\">Dr. sc. Ivan \u010cizmi\u0107 (1934. \u2013 2022.)<\/a><\/blockquote><iframe loading=\"lazy\" class=\"wp-embedded-content\" sandbox=\"allow-scripts\" security=\"restricted\" style=\"position: absolute; clip: rect(1px, 1px, 1px, 1px);\" title=\"&#8220;Dr. sc. Ivan \u010cizmi\u0107 (1934. \u2013 2022.)&#8221; &#8212; Institut dru\u0161tvenih znanosti Ivo Pilar\" src=\"https:\/\/www.pilar.hr\/2022\/01\/dr-sc-ivan-cizmic-1934-2022\/embed\/#?secret=7CScD9t2fm\" data-secret=\"7CScD9t2fm\" width=\"600\" height=\"338\" frameborder=\"0\" marginwidth=\"0\" marginheight=\"0\" scrolling=\"no\"><\/iframe>\n<\/div><\/figure>\n\n\n\n<p><a href=\"https:\/\/www.hina.hr\/vijest\/10876793\">https:\/\/www.hina.hr\/vijest\/10876793<\/a><\/p>\n\n\n\n<figure class=\"wp-block-embed-wordpress wp-block-embed is-type-wp-embed is-provider-nacional-hr\"><div class=\"wp-block-embed__wrapper\">\n<blockquote class=\"wp-embedded-content\" data-secret=\"6W4uIXiohY\"><a href=\"https:\/\/www.nacional.hr\/preminuo-povjesnicar-hrvatskog-iseljenistva-ivan-cizmic\/\">Preminuo povjesni\u010dar hrvatskog iseljeni\u0161tva Ivan \u010cizmi\u0107<\/a><\/blockquote><iframe loading=\"lazy\" class=\"wp-embedded-content\" sandbox=\"allow-scripts\" security=\"restricted\" style=\"position: absolute; clip: rect(1px, 1px, 1px, 1px);\" title=\"&#8220;Preminuo povjesni\u010dar hrvatskog iseljeni\u0161tva Ivan \u010cizmi\u0107&#8221; &#8212; NACIONAL.HR\" src=\"https:\/\/www.nacional.hr\/preminuo-povjesnicar-hrvatskog-iseljenistva-ivan-cizmic\/embed\/#?secret=6W4uIXiohY\" data-secret=\"6W4uIXiohY\" width=\"600\" height=\"338\" frameborder=\"0\" marginwidth=\"0\" marginheight=\"0\" scrolling=\"no\"><\/iframe>\n<\/div><\/figure>\n\n\n\n<p><a href=\"https:\/\/www.index.hr\/vijesti\/clanak\/preminuo-ivan-cizmic-povjesnicar-hrvatskog-iseljenistva-i-tudjmanov-suradnik\/2331536.aspx\">https:\/\/www.index.hr\/vijesti\/clanak\/preminuo-ivan-cizmic-povjesnicar-hrvatskog-iseljenistva-i-tudjmanov-suradnik\/2331536.aspx<\/a><\/p>\n\n\n\n<hr class=\"wp-block-separator\"\/>\n","protected":false},"excerpt":{"rendered":"","protected":false},"author":2,"featured_media":29164,"comment_status":"open","ping_status":"open","sticky":false,"template":"","format":"standard","meta":{"_acf_changed":false,"jetpack_post_was_ever_published":false,"_jetpack_newsletter_access":"","_jetpack_dont_email_post_to_subs":false,"_jetpack_newsletter_tier_id":0,"_jetpack_memberships_contains_paywalled_content":false,"_jetpack_memberships_contains_paid_content":false,"footnotes":"","jetpack_publicize_message":"","jetpack_publicize_feature_enabled":true,"jetpack_social_post_already_shared":true,"jetpack_social_options":{"image_generator_settings":{"template":"highway","default_image_id":0,"font":"","enabled":false},"version":2}},"categories":[3,20],"tags":[],"class_list":["post-29163","post","type-post","status-publish","format-standard","has-post-thumbnail","hentry","category-novosti","category-obavijesti-o-smrti-i-nekrolozi"],"acf":{"facebook_opis":""},"jetpack_publicize_connections":[],"jetpack_featured_media_url":"https:\/\/i0.wp.com\/historiografija.hr\/wp-content\/uploads\/2022\/01\/Cizmic.jpg?fit=200%2C300&ssl=1","jetpack_sharing_enabled":true,"jetpack-related-posts":[],"_links":{"self":[{"href":"https:\/\/historiografija.hr\/index.php?rest_route=\/wp\/v2\/posts\/29163","targetHints":{"allow":["GET"]}}],"collection":[{"href":"https:\/\/historiografija.hr\/index.php?rest_route=\/wp\/v2\/posts"}],"about":[{"href":"https:\/\/historiografija.hr\/index.php?rest_route=\/wp\/v2\/types\/post"}],"author":[{"embeddable":true,"href":"https:\/\/historiografija.hr\/index.php?rest_route=\/wp\/v2\/users\/2"}],"replies":[{"embeddable":true,"href":"https:\/\/historiografija.hr\/index.php?rest_route=%2Fwp%2Fv2%2Fcomments&post=29163"}],"version-history":[{"count":1,"href":"https:\/\/historiografija.hr\/index.php?rest_route=\/wp\/v2\/posts\/29163\/revisions"}],"predecessor-version":[{"id":29165,"href":"https:\/\/historiografija.hr\/index.php?rest_route=\/wp\/v2\/posts\/29163\/revisions\/29165"}],"wp:featuredmedia":[{"embeddable":true,"href":"https:\/\/historiografija.hr\/index.php?rest_route=\/wp\/v2\/media\/29164"}],"wp:attachment":[{"href":"https:\/\/historiografija.hr\/index.php?rest_route=%2Fwp%2Fv2%2Fmedia&parent=29163"}],"wp:term":[{"taxonomy":"category","embeddable":true,"href":"https:\/\/historiografija.hr\/index.php?rest_route=%2Fwp%2Fv2%2Fcategories&post=29163"},{"taxonomy":"post_tag","embeddable":true,"href":"https:\/\/historiografija.hr\/index.php?rest_route=%2Fwp%2Fv2%2Ftags&post=29163"}],"curies":[{"name":"wp","href":"https:\/\/api.w.org\/{rel}","templated":true}]}}