{"id":29141,"date":"2022-01-11T11:28:48","date_gmt":"2022-01-11T11:28:48","guid":{"rendered":"http:\/\/historiografija.hr\/?p=29141"},"modified":"2022-01-11T11:28:48","modified_gmt":"2022-01-11T11:28:48","slug":"geoffrey-kabat-slava-flesch-zivot-i-rijeci-jedne-hrvatske-zidovke","status":"publish","type":"post","link":"https:\/\/historiografija.hr\/?p=29141","title":{"rendered":"Geoffrey Kabat, \u201cSlava Flesch \u2013 \u017eivot i rije\u010di jedne hrvatske \u017eidovke\u201d"},"content":{"rendered":"\n<p>SLAVA FLESCH \u2013 \u017dIVOT I RIJE\u010cI JEDNE HRVATSKE \u017dIDOVKE Geoffreyja Kabata dirljivi su memoari osobe ro\u0111ene i odrasle u Hrvatskoj koja je bje\u017eala od usta\u0161a i nacista te preko Pakistana i Ju\u017ene Afrike stigla u Sjedinjene Dr\u017eave te u New Yorku provela ostatak \u017eivota. U diktafon je autoru ispri\u010dala svoju pri\u010du i razmi\u0161ljanja te tako doznajemo detalje o njezinu na\u010dinu \u017eivota, odgoju i obrazovanju u Hrvatskoj u prvoj polovici 20. stolje\u0107a. Nje\u017ena i dojmljiva biografija ove jednostavne i obrazovane \u017eene impresionirat \u0107e \u010ditatelje.<\/p>\n\n\n\n<hr class=\"wp-block-separator\"\/>\n\n\n\n<p>Izvor:<\/p>\n\n\n\n<p><a href=\"https:\/\/www.facebook.com\/ProfilKnjiga\">https:\/\/www.facebook.com\/ProfilKnjiga<\/a><\/p>\n\n\n\n<hr class=\"wp-block-separator\"\/>\n\n\n\n<p>Iz medija:<\/p>\n\n\n\n<p><a href=\"https:\/\/www.jutarnji.hr\/vijesti\/hrvatska\/kako-je-pripadnica-zaboravljene-bogate-zidovske-obitelji-iz-siska-prezivjela-holokaust-spasio-me-ocev-zlatni-sat-15140742\">https:\/\/www.jutarnji.hr\/vijesti\/hrvatska\/kako-je-pripadnica-zaboravljene-bogate-zidovske-obitelji-iz-siska-prezivjela-holokaust-spasio-me-ocev-zlatni-sat-15140742<\/a><\/p>\n\n\n\n<hr class=\"wp-block-separator\"\/>\n","protected":false},"excerpt":{"rendered":"","protected":false},"author":2,"featured_media":29142,"comment_status":"open","ping_status":"open","sticky":false,"template":"","format":"standard","meta":{"_acf_changed":false,"jetpack_post_was_ever_published":false,"_jetpack_newsletter_access":"","_jetpack_dont_email_post_to_subs":false,"_jetpack_newsletter_tier_id":0,"_jetpack_memberships_contains_paywalled_content":false,"_jetpack_memberships_contains_paid_content":false,"footnotes":"","jetpack_publicize_message":"","jetpack_publicize_feature_enabled":true,"jetpack_social_post_already_shared":true,"jetpack_social_options":{"image_generator_settings":{"template":"highway","default_image_id":0,"font":"","enabled":false},"version":2}},"categories":[8,3],"tags":[],"class_list":["post-29141","post","type-post","status-publish","format-standard","has-post-thumbnail","hentry","category-knjige","category-novosti"],"acf":{"facebook_opis":""},"jetpack_publicize_connections":[],"jetpack_featured_media_url":"https:\/\/i0.wp.com\/historiografija.hr\/wp-content\/uploads\/2022\/01\/Flesch.jpg?fit=1295%2C2020&ssl=1","jetpack_sharing_enabled":true,"jetpack-related-posts":[],"_links":{"self":[{"href":"https:\/\/historiografija.hr\/index.php?rest_route=\/wp\/v2\/posts\/29141","targetHints":{"allow":["GET"]}}],"collection":[{"href":"https:\/\/historiografija.hr\/index.php?rest_route=\/wp\/v2\/posts"}],"about":[{"href":"https:\/\/historiografija.hr\/index.php?rest_route=\/wp\/v2\/types\/post"}],"author":[{"embeddable":true,"href":"https:\/\/historiografija.hr\/index.php?rest_route=\/wp\/v2\/users\/2"}],"replies":[{"embeddable":true,"href":"https:\/\/historiografija.hr\/index.php?rest_route=%2Fwp%2Fv2%2Fcomments&post=29141"}],"version-history":[{"count":1,"href":"https:\/\/historiografija.hr\/index.php?rest_route=\/wp\/v2\/posts\/29141\/revisions"}],"predecessor-version":[{"id":29143,"href":"https:\/\/historiografija.hr\/index.php?rest_route=\/wp\/v2\/posts\/29141\/revisions\/29143"}],"wp:featuredmedia":[{"embeddable":true,"href":"https:\/\/historiografija.hr\/index.php?rest_route=\/wp\/v2\/media\/29142"}],"wp:attachment":[{"href":"https:\/\/historiografija.hr\/index.php?rest_route=%2Fwp%2Fv2%2Fmedia&parent=29141"}],"wp:term":[{"taxonomy":"category","embeddable":true,"href":"https:\/\/historiografija.hr\/index.php?rest_route=%2Fwp%2Fv2%2Fcategories&post=29141"},{"taxonomy":"post_tag","embeddable":true,"href":"https:\/\/historiografija.hr\/index.php?rest_route=%2Fwp%2Fv2%2Ftags&post=29141"}],"curies":[{"name":"wp","href":"https:\/\/api.w.org\/{rel}","templated":true}]}}