{"id":29134,"date":"2022-01-10T11:53:13","date_gmt":"2022-01-10T11:53:13","guid":{"rendered":"http:\/\/historiografija.hr\/?p=29134"},"modified":"2022-01-10T12:02:20","modified_gmt":"2022-01-10T12:02:20","slug":"urednikov-izbor-deset-knjiga-o-povijesti-zena-iz-2021-godine","status":"publish","type":"post","link":"https:\/\/historiografija.hr\/?p=29134","title":{"rendered":"Urednikov izbor deset knjiga o povijesti \u017eena iz 2021. godine"},"content":{"rendered":"\n<p>S obzirom da je <strong>2021. godine<\/strong> objavljen niz va\u017enih <strong>hrvatskih izdanja<\/strong> knjiga iz podru\u010dja <strong>povijesti \u017eena<\/strong>, ovogodi\u0161nji izbor knjiga u protekloj godini urednik portala <strong>Historiografija.hr<\/strong> posvetio je upravo tom podru\u010dju. U nastavku se stoga donosi <strong>izbor deset knjiga<\/strong> o povijesti \u017eena \u2013 razli\u010dite \u017eanrovske pripadnosti \u2013 objavljenih u Hrvatskoj u 2021. godini, a zasigurno je mogao biti uvr\u0161ten jo\u0161 koji naslov. Redoslijed izabranih knjiga slijedi<strong> kronolo\u0161ki<\/strong> okvir, od starijih prema novijim povijesnim razdobljima. Ve\u0107 i iz ovih naslova vidljivo je koliko je rije\u010d o raznolikom i relevantnom podru\u010dju <strong>povijesti \u017eena i rodne povijesti<\/strong> \u2013 \u010desto nedovoljno zastupljenom ili priznatom u hrvatskoj historiografiji \u2013 te je zato i ovo prilika da se to naglasi.<\/p>\n\n\n\n<hr class=\"wp-block-separator\"\/>\n\n\n\n<p>1. Nella Lonza, <strong><em>Ana, Pavo i Grlica. Rekluze i pustinjaci u pobo\u017enom krajobrazu srednjovjekovnog Dubrovnika<\/em><\/strong><\/p>\n\n\n\n<figure class=\"wp-block-embed-wordpress wp-block-embed is-type-wp-embed is-provider-zavod-za-povijesne-znanosti-hazu-u-dubrovniku\"><div class=\"wp-block-embed__wrapper\">\n<blockquote class=\"wp-embedded-content\" data-secret=\"cnZo3xTFR1\"><a href=\"http:\/\/www.zavoddbk.org\/izdanja\/nova-knjiga-ana-pavo-i-grlica-rekluze-i-pustinjaci-u-poboznom-krajobrazu-srednjovjekovnog-dubrovnika\/\">Nova knjiga: Ana, Pavo i Grlica. Rekluze i pustinjaci u pobo\u017enom krajobrazu srednjovjekovnog Dubrovnika<\/a><\/blockquote><iframe loading=\"lazy\" class=\"wp-embedded-content\" sandbox=\"allow-scripts\" security=\"restricted\" style=\"position: absolute; clip: rect(1px, 1px, 1px, 1px);\" title=\"Ugradi WordPress objavu\" src=\"http:\/\/www.zavoddbk.org\/izdanja\/nova-knjiga-ana-pavo-i-grlica-rekluze-i-pustinjaci-u-poboznom-krajobrazu-srednjovjekovnog-dubrovnika\/embed\/#?secret=cnZo3xTFR1\" data-secret=\"cnZo3xTFR1\" width=\"600\" height=\"338\" frameborder=\"0\" marginwidth=\"0\" marginheight=\"0\" scrolling=\"no\"><\/iframe>\n<\/div><\/figure>\n\n\n\n<hr class=\"wp-block-separator\"\/>\n\n\n\n<p>2. Biljana Romi\u0107, <strong><em>\u017denski svijet Britanske Indije<\/em><\/strong><\/p>\n\n\n\n<figure class=\"wp-block-embed-wordpress wp-block-embed is-type-wp-embed is-provider-mala-zvona\"><div class=\"wp-block-embed__wrapper\">\n<blockquote class=\"wp-embedded-content\" data-secret=\"TlwrxPiwl2\"><a href=\"https:\/\/www.mala-zvona.hr\/product\/zenski-svijet-britanske-indije\/\">\u017denski svijet Britanske Indije<\/a><\/blockquote><iframe loading=\"lazy\" class=\"wp-embedded-content\" sandbox=\"allow-scripts\" security=\"restricted\" style=\"position: absolute; clip: rect(1px, 1px, 1px, 1px);\" title=\"&#8220;\u017denski svijet Britanske Indije&#8221; &#8212; Mala Zvona\" src=\"https:\/\/www.mala-zvona.hr\/product\/zenski-svijet-britanske-indije\/embed\/#?secret=TlwrxPiwl2\" data-secret=\"TlwrxPiwl2\" width=\"600\" height=\"338\" frameborder=\"0\" marginwidth=\"0\" marginheight=\"0\" scrolling=\"no\"><\/iframe>\n<\/div><\/figure>\n\n\n\n<hr class=\"wp-block-separator\"\/>\n\n\n\n<p>3. Katarina Horvat, <strong><em>Ku\u0107na slu\u017ein\u010dad u Zagrebu 1880. \u2013 1914.<\/em><\/strong><\/p>\n\n\n\n<figure class=\"wp-block-embed-wordpress wp-block-embed is-type-wp-embed is-provider-srednja-europa\"><div class=\"wp-block-embed__wrapper\">\n<blockquote class=\"wp-embedded-content\" data-secret=\"ihdgdTbZYU\"><a href=\"https:\/\/srednja-europa.hr\/nove-knjige\/kucna-sluzincad-u-zagrebu-1880-1914\/\">Ku\u0107na slu\u017ein\u010dad u Zagrebu 1880. &#8211; 1914.<\/a><\/blockquote><iframe loading=\"lazy\" class=\"wp-embedded-content\" sandbox=\"allow-scripts\" security=\"restricted\" style=\"position: absolute; clip: rect(1px, 1px, 1px, 1px);\" title=\"&#8220;Ku\u0107na slu\u017ein\u010dad u Zagrebu 1880. &#8211; 1914.&#8221; &#8212; Srednja Europa\" src=\"https:\/\/srednja-europa.hr\/nove-knjige\/kucna-sluzincad-u-zagrebu-1880-1914\/embed\/#?secret=ihdgdTbZYU\" data-secret=\"ihdgdTbZYU\" width=\"600\" height=\"338\" frameborder=\"0\" marginwidth=\"0\" marginheight=\"0\" scrolling=\"no\"><\/iframe>\n<\/div><\/figure>\n\n\n\n<hr class=\"wp-block-separator\"\/>\n\n\n\n<p>4. Marija Vinski, <strong><em>Velik je misterij \u017eivota. Dnevnik 1917-1934.<\/em><\/strong><\/p>\n\n\n\n<figure class=\"wp-block-embed-wordpress wp-block-embed is-type-wp-embed is-provider-disput\"><div class=\"wp-block-embed__wrapper\">\n<blockquote class=\"wp-embedded-content\" data-secret=\"gvvHRMsoUH\"><a href=\"https:\/\/disput.hr\/shop\/velik-je-misterij-zivota\/\">VELIK JE MISTERIJ \u017dIVOTA<\/a><\/blockquote><iframe loading=\"lazy\" class=\"wp-embedded-content\" sandbox=\"allow-scripts\" security=\"restricted\" style=\"position: absolute; clip: rect(1px, 1px, 1px, 1px);\" title=\"&#8220;VELIK JE MISTERIJ \u017dIVOTA&#8221; &#8212; Disput\" src=\"https:\/\/disput.hr\/shop\/velik-je-misterij-zivota\/embed\/#?secret=gvvHRMsoUH\" data-secret=\"gvvHRMsoUH\" width=\"600\" height=\"338\" frameborder=\"0\" marginwidth=\"0\" marginheight=\"0\" scrolling=\"no\"><\/iframe>\n<\/div><\/figure>\n\n\n\n<hr class=\"wp-block-separator\"\/>\n\n\n\n<p>5. Ana Rajkovi\u0107, <strong><em>Dugi \u017eenski mar\u0161. Polo\u017eaj radnica i \u017eenski aktivizam u Hrvatskoj izme\u0111u dvaju svjetskih ratova<\/em><\/strong><\/p>\n\n\n\n<p><a href=\"https:\/\/www.daf.hr\/novosti\/dugi-zenski-mars\">https:\/\/www.daf.hr\/novosti\/dugi-zenski-mars<\/a><\/p>\n\n\n\n<hr class=\"wp-block-separator\"\/>\n\n\n\n<p>6. Dorothy Day, <strong><em>Duga usamljenost<\/em><\/strong><\/p>\n\n\n\n<figure class=\"wp-block-embed-wordpress wp-block-embed is-type-wp-embed is-provider-edicije-bozicevic\"><div class=\"wp-block-embed__wrapper\">\n<blockquote class=\"wp-embedded-content\" data-secret=\"XyCsSKxVmr\"><a href=\"https:\/\/www.edicije-bozicevic.com\/katalog\/duga-usamljenost\/\">Duga usamljenost<\/a><\/blockquote><iframe loading=\"lazy\" class=\"wp-embedded-content\" sandbox=\"allow-scripts\" security=\"restricted\" style=\"position: absolute; clip: rect(1px, 1px, 1px, 1px);\" title=\"&#8220;Duga usamljenost&#8221; &#8212; Edicije Bo\u017ei\u010devi\u0107\" src=\"https:\/\/www.edicije-bozicevic.com\/katalog\/duga-usamljenost\/embed\/#?secret=XyCsSKxVmr\" data-secret=\"XyCsSKxVmr\" width=\"600\" height=\"338\" frameborder=\"0\" marginwidth=\"0\" marginheight=\"0\" scrolling=\"no\"><\/iframe>\n<\/div><\/figure>\n\n\n\n<hr class=\"wp-block-separator\"\/>\n\n\n\n<p>7. Martina Bitunjac, <strong>Lea Deutsch \u2013 Dijete glume, glazbe i plesa<\/strong><\/p>\n\n\n\n<figure class=\"wp-block-embed-wordpress wp-block-embed is-type-wp-embed is-provider-srednja-europa\"><div class=\"wp-block-embed__wrapper\">\n<blockquote class=\"wp-embedded-content\" data-secret=\"Tm7GPpVuZu\"><a href=\"https:\/\/srednja-europa.hr\/nove-knjige\/lea-deutsch-dijete-glume-glazbe-i-plesa\/\">LEA DEUTSCH Dijete glume, glazbe i plesa<\/a><\/blockquote><iframe loading=\"lazy\" class=\"wp-embedded-content\" sandbox=\"allow-scripts\" security=\"restricted\" style=\"position: absolute; clip: rect(1px, 1px, 1px, 1px);\" title=\"&#8220;LEA DEUTSCH Dijete glume, glazbe i plesa&#8221; &#8212; Srednja Europa\" src=\"https:\/\/srednja-europa.hr\/nove-knjige\/lea-deutsch-dijete-glume-glazbe-i-plesa\/embed\/#?secret=Tm7GPpVuZu\" data-secret=\"Tm7GPpVuZu\" width=\"600\" height=\"338\" frameborder=\"0\" marginwidth=\"0\" marginheight=\"0\" scrolling=\"no\"><\/iframe>\n<\/div><\/figure>\n\n\n\n<hr class=\"wp-block-separator\"\/>\n\n\n\n<p>8. Miep Gies, Alison Leslie Gold, <strong><em>Sje\u0107anje na Anne Frank<\/em><\/strong><\/p>\n\n\n\n<figure class=\"wp-block-embed-wordpress wp-block-embed is-type-wp-embed is-provider-disput\"><div class=\"wp-block-embed__wrapper\">\n<blockquote class=\"wp-embedded-content\" data-secret=\"9ui3hJO8ll\"><a href=\"https:\/\/disput.hr\/shop\/sjecanje-na-anne-frank\/\">SJE\u0106ANJE NA ANNE FRANK<\/a><\/blockquote><iframe loading=\"lazy\" class=\"wp-embedded-content\" sandbox=\"allow-scripts\" security=\"restricted\" style=\"position: absolute; clip: rect(1px, 1px, 1px, 1px);\" title=\"&#8220;SJE\u0106ANJE NA ANNE FRANK&#8221; &#8212; Disput\" src=\"https:\/\/disput.hr\/shop\/sjecanje-na-anne-frank\/embed\/#?secret=9ui3hJO8ll\" data-secret=\"9ui3hJO8ll\" width=\"600\" height=\"338\" frameborder=\"0\" marginwidth=\"0\" marginheight=\"0\" scrolling=\"no\"><\/iframe>\n<\/div><\/figure>\n\n\n\n<hr class=\"wp-block-separator\"\/>\n\n\n\n<p>9. Lisa Fittko, <strong><em>Moj put preko Pireneja. Uspomene 1940\u20131941.<\/em><\/strong><\/p>\n\n\n\n<p><a href=\"https:\/\/tim-press.hr\/hr\/knjige\/moj-put-preko-pireneja\/\">https:\/\/tim-press.hr\/hr\/knjige\/moj-put-preko-pireneja\/<\/a><\/p>\n\n\n\n<hr class=\"wp-block-separator\"\/>\n\n\n\n<p>10. Eva Grli\u0107, <strong><em>Sje\u0107anja i neobjavljene pri\u010de<\/em><\/strong><\/p>\n\n\n\n<p><a href=\"https:\/\/www.vbz.hr\/book\/sjecanja-i-neobjavljene-price\/\">https:\/\/www.vbz.hr\/book\/sjecanja-i-neobjavljene-price\/<\/a><\/p>\n\n\n\n<hr class=\"wp-block-separator\"\/>\n\n\n\n<p><\/p>\n\n\n\n<p><strong>Prethodni izbori:<\/strong><\/p>\n\n\n\n<figure class=\"wp-block-embed-wordpress wp-block-embed is-type-wp-embed is-provider-historiografija-hr\"><div class=\"wp-block-embed__wrapper\">\n<blockquote class=\"wp-embedded-content\" data-secret=\"KETZEZOi0d\"><a href=\"https:\/\/historiografija.hr\/?p=24473\">Marino Badurina: Izbor deset biografsko-memoarskih knjiga iz 2020. godine<\/a><\/blockquote><iframe loading=\"lazy\" class=\"wp-embedded-content\" sandbox=\"allow-scripts\" security=\"restricted\" style=\"position: absolute; clip: rect(1px, 1px, 1px, 1px);\" title=\"&#8220;Marino Badurina: Izbor deset biografsko-memoarskih knjiga iz 2020. godine&#8221; &#8212; Historiografija.hr\" src=\"https:\/\/historiografija.hr\/?p=24473&#038;embed=true#?secret=KETZEZOi0d\" data-secret=\"KETZEZOi0d\" width=\"600\" height=\"338\" frameborder=\"0\" marginwidth=\"0\" marginheight=\"0\" scrolling=\"no\"><\/iframe>\n<\/div><\/figure>\n\n\n\n<hr class=\"wp-block-separator\"\/>\n","protected":false},"excerpt":{"rendered":"","protected":false},"author":2,"featured_media":29137,"comment_status":"open","ping_status":"open","sticky":false,"template":"","format":"standard","meta":{"_acf_changed":false,"jetpack_post_was_ever_published":false,"_jetpack_newsletter_access":"","_jetpack_dont_email_post_to_subs":false,"_jetpack_newsletter_tier_id":0,"_jetpack_memberships_contains_paywalled_content":false,"_jetpack_memberships_contains_paid_content":false,"footnotes":"","jetpack_publicize_message":"","jetpack_publicize_feature_enabled":true,"jetpack_social_post_already_shared":true,"jetpack_social_options":{"image_generator_settings":{"template":"highway","default_image_id":0,"font":"","enabled":false},"version":2}},"categories":[3],"tags":[],"class_list":["post-29134","post","type-post","status-publish","format-standard","has-post-thumbnail","hentry","category-novosti"],"acf":{"facebook_opis":""},"jetpack_publicize_connections":[],"jetpack_featured_media_url":"https:\/\/i0.wp.com\/historiografija.hr\/wp-content\/uploads\/2022\/01\/Perrot.jpg?fit=800%2C350&ssl=1","jetpack_sharing_enabled":true,"jetpack-related-posts":[],"_links":{"self":[{"href":"https:\/\/historiografija.hr\/index.php?rest_route=\/wp\/v2\/posts\/29134","targetHints":{"allow":["GET"]}}],"collection":[{"href":"https:\/\/historiografija.hr\/index.php?rest_route=\/wp\/v2\/posts"}],"about":[{"href":"https:\/\/historiografija.hr\/index.php?rest_route=\/wp\/v2\/types\/post"}],"author":[{"embeddable":true,"href":"https:\/\/historiografija.hr\/index.php?rest_route=\/wp\/v2\/users\/2"}],"replies":[{"embeddable":true,"href":"https:\/\/historiografija.hr\/index.php?rest_route=%2Fwp%2Fv2%2Fcomments&post=29134"}],"version-history":[{"count":4,"href":"https:\/\/historiografija.hr\/index.php?rest_route=\/wp\/v2\/posts\/29134\/revisions"}],"predecessor-version":[{"id":29140,"href":"https:\/\/historiografija.hr\/index.php?rest_route=\/wp\/v2\/posts\/29134\/revisions\/29140"}],"wp:featuredmedia":[{"embeddable":true,"href":"https:\/\/historiografija.hr\/index.php?rest_route=\/wp\/v2\/media\/29137"}],"wp:attachment":[{"href":"https:\/\/historiografija.hr\/index.php?rest_route=%2Fwp%2Fv2%2Fmedia&parent=29134"}],"wp:term":[{"taxonomy":"category","embeddable":true,"href":"https:\/\/historiografija.hr\/index.php?rest_route=%2Fwp%2Fv2%2Fcategories&post=29134"},{"taxonomy":"post_tag","embeddable":true,"href":"https:\/\/historiografija.hr\/index.php?rest_route=%2Fwp%2Fv2%2Ftags&post=29134"}],"curies":[{"name":"wp","href":"https:\/\/api.w.org\/{rel}","templated":true}]}}