{"id":29128,"date":"2022-01-10T11:35:41","date_gmt":"2022-01-10T11:35:41","guid":{"rendered":"http:\/\/historiografija.hr\/?p=29128"},"modified":"2022-01-10T11:35:41","modified_gmt":"2022-01-10T11:35:41","slug":"klara-skerlic-moj-zivot-sa-jovanom-skerlicem-memoari","status":"publish","type":"post","link":"https:\/\/historiografija.hr\/?p=29128","title":{"rendered":"Klara Skerli\u0107, \u201cMoj \u017eivot sa Jovanom Skerli\u0107em. Memoari\u201d"},"content":{"rendered":"\n<p>Sama \u010dinjenica da \u0107e memoari Klare Skerli\u0107, supruge Jovana Skerli\u0107a, biti kona\u010dno dostupni \u010ditala\u010dkoj publici, kako stru\u010dnoj tako i onoj \u0161iroj, zainteresovanoj za kulturnu istoriju Srba, nedvosmisleno svedo\u010di o zna\u010daju prire\u0111iva\u010dkog poduhvata prof. dr Slavice Garonje Radovanac. Zna\u010daj ovog rukopisa je vi\u0161estruk: sa stanovi\u0161ta istorije knji\u017eevnosti, upotpunjuju se saznanja o izuzetno zna\u010dajnom istori\u010daru knji\u017eevnosti, kriti\u010daru i dru\u0161tveno-politi\u010dkom delatniku, naro\u010dito o njegovim poslednjim danima. Sem toga, ovi memoari svojim specifi\u010dnim \u201eintimisti\u010dkim\u201c uvidom u porodi\u010dni \u017eivot, navike, odnose, pa i sukobe, daju doprinos istoriji privatnog \u017eivota kod Srba pred po\u010detak Prvog svetskog rata. U celini uzev, re\u010d je o visokom nau\u010dnom doprinosu u nekoliko dragocenih oblasti.<\/p>\n\n\n\n<p><em>Prof. dr Ljil\u0458ana Pe\u0161ikan Lju\u0161tanovi\u0107<\/em><\/p>\n\n\n\n<p>Memoari Klare Skerli\u0107 sa prepiskom, koje je priredila i predgovor napisala Slavica Garonja, zahval\u0458uju\u0107i&nbsp; njenim komentarima \u010ditaju se kao knjiga u knjizi i knjiga o knjizi; pri\u010da o Skerli\u0107u u pri\u010di o Klari Skerli\u0107 i obratno, \u017eeni koja je \u017eivela u senci velikog mu\u017ea i koja se kroz memoare izborila za svoj glas.&nbsp; Pored nau\u010dne akribi\u010dnosti, dobrog poznavanja konteksta u kojem je delo nastajalo, detal\u0458ne rekonstrukcije geneze dela, \u0161to je izazov za tekstolo\u0161ki orijentisane \u010ditaoce, monografija je objedinila najrazli\u010ditije sfere: feministi\u010dku, imagolo\u0161ku, knji\u017eevnoistorijsku, \u0161iru socijalnu, kulturnu, \u0161to je \u010dini nazaobilaznom gra\u0111om u budu\u0107im istra\u017eivanjima najrazli\u010ditijih tema.<\/p>\n\n\n\n<p><em>Prof. dr Dragana Vuki\u0107evi\u0107<\/em><\/p>\n\n\n\n<hr class=\"wp-block-separator\"\/>\n\n\n\n<p>Priredila: Slavica Garonja Radovanac<\/p>\n\n\n\n<p>Preveo s francuskog: \u017divomir Mladenovi\u0107<\/p>\n\n\n\n<p>Godina izdanja: 2021<\/p>\n\n\n\n<p>Pismo: \u0107irilica<\/p>\n\n\n\n<p>Broj stranica: 264 str.<\/p>\n\n\n\n<hr class=\"wp-block-separator\"\/>\n\n\n\n<p>Slavica O. Garonja Radovanac, ro\u0111ena je 1957. u Beogradu. Sve nivoe studija, do doktorata iz oblasti narodne knji\u017eevnosti (2004), zavr\u0161ila na Filolo\u0161kom fakultetu u Beogradu. Objavljene knjige iz narodne knji\u017eevnosti: Narodne pesme Slavonske granice (1987), Narodne pri\u010de sa Papuka (1996), Antologija srpske narodne lirsko-epske poezije Vojne Krajine (2000), Srpsko usmeno poetsko nasle\u0111e Vojne Krajine u zapisima 18, 19. i 20. veka (2008). Priredila: Milan Obradovi\u0107: Srpske narodne pjesme iz Zapadne Slavonije (1995), Srpske narodne pjesme iz okoline Pakraca i Po\u017eege u zapisima Sime D. Mileusni\u0107a (1998), Nikola Begovi\u0107: Srpske narodne pjesme iz Like i Banije (fototipsko izdanje 2001), \u0110or\u0111e Rajkovi\u0107: Srpske narodne pesme iz Slavonije (1869, fototipsko izdanje 2003), Spiridon Jovi\u0107: Etnografska slika Slavonske vojne granice (1835, reprint 2004), Vladimir Krasi\u0107: Uspomene iz Gornje Krajine 1882. (2011). Sem narodnom knji\u017eevno\u0161\u0107u, bavi se knji\u017eevnom kritikom (Iz senke, 2003), knji\u017eevnoistorijskim studijama, studijama iz rodne perspektive (\u017dena u srpskoj knji\u017eevnosti, 2010). Autorka je knjige intervjua sa knji\u017eevnim savremenicama \u017dene govore (2013). Beletristika: roman Pod Mese\u010devim lukom (1992, vi\u0161e izdanja); poezija Ispovedanje ti\u0161ine (1996); Moj predak je drvo (2007); proza Deveta ku\u0107a (1994); pri\u010de Izidina kop\u010da (2013). Radi u zvanju vanrednog profesora na Filolo\u0161ko-umetni\u010dkom fakultetu u Kragujevcu. \u017divi u Beogradu.<\/p>\n\n\n\n<hr class=\"wp-block-separator\"\/>\n\n\n\n<p>Izvor:<\/p>\n\n\n\n<figure class=\"wp-block-embed-wordpress wp-block-embed is-type-wp-embed is-provider-akademska-knjiga\"><div class=\"wp-block-embed__wrapper\">\n<blockquote class=\"wp-embedded-content\" data-secret=\"IHDxSO2qBC\"><a href=\"https:\/\/akademskaknjiga.com\/katalog\/moj-zivot-sa-jovanom-skerlicem-memoari\/\">MOJ \u017dIVOT SA JOVANOM SKERLI\u0106EM. Memoari<\/a><\/blockquote><iframe loading=\"lazy\" class=\"wp-embedded-content\" sandbox=\"allow-scripts\" security=\"restricted\" style=\"position: absolute; clip: rect(1px, 1px, 1px, 1px);\" title=\"&#8220;MOJ \u017dIVOT SA JOVANOM SKERLI\u0106EM. Memoari&#8221; &#8212; Akademska knjiga\" src=\"https:\/\/akademskaknjiga.com\/katalog\/moj-zivot-sa-jovanom-skerlicem-memoari\/embed\/#?secret=IHDxSO2qBC\" data-secret=\"IHDxSO2qBC\" width=\"600\" height=\"338\" frameborder=\"0\" marginwidth=\"0\" marginheight=\"0\" scrolling=\"no\"><\/iframe>\n<\/div><\/figure>\n\n\n\n<hr class=\"wp-block-separator\"\/>\n","protected":false},"excerpt":{"rendered":"","protected":false},"author":2,"featured_media":29129,"comment_status":"open","ping_status":"open","sticky":false,"template":"","format":"standard","meta":{"_acf_changed":false,"jetpack_post_was_ever_published":false,"_jetpack_newsletter_access":"","_jetpack_dont_email_post_to_subs":false,"_jetpack_newsletter_tier_id":0,"_jetpack_memberships_contains_paywalled_content":false,"_jetpack_memberships_contains_paid_content":false,"footnotes":"","jetpack_publicize_message":"","jetpack_publicize_feature_enabled":true,"jetpack_social_post_already_shared":true,"jetpack_social_options":{"image_generator_settings":{"template":"highway","default_image_id":0,"font":"","enabled":false},"version":2}},"categories":[8,3],"tags":[],"class_list":["post-29128","post","type-post","status-publish","format-standard","has-post-thumbnail","hentry","category-knjige","category-novosti"],"acf":{"facebook_opis":""},"jetpack_publicize_connections":[],"jetpack_featured_media_url":"https:\/\/i0.wp.com\/historiografija.hr\/wp-content\/uploads\/2022\/01\/Klara-Skerlic.png?fit=600%2C900&ssl=1","jetpack_sharing_enabled":true,"jetpack-related-posts":[],"_links":{"self":[{"href":"https:\/\/historiografija.hr\/index.php?rest_route=\/wp\/v2\/posts\/29128","targetHints":{"allow":["GET"]}}],"collection":[{"href":"https:\/\/historiografija.hr\/index.php?rest_route=\/wp\/v2\/posts"}],"about":[{"href":"https:\/\/historiografija.hr\/index.php?rest_route=\/wp\/v2\/types\/post"}],"author":[{"embeddable":true,"href":"https:\/\/historiografija.hr\/index.php?rest_route=\/wp\/v2\/users\/2"}],"replies":[{"embeddable":true,"href":"https:\/\/historiografija.hr\/index.php?rest_route=%2Fwp%2Fv2%2Fcomments&post=29128"}],"version-history":[{"count":1,"href":"https:\/\/historiografija.hr\/index.php?rest_route=\/wp\/v2\/posts\/29128\/revisions"}],"predecessor-version":[{"id":29130,"href":"https:\/\/historiografija.hr\/index.php?rest_route=\/wp\/v2\/posts\/29128\/revisions\/29130"}],"wp:featuredmedia":[{"embeddable":true,"href":"https:\/\/historiografija.hr\/index.php?rest_route=\/wp\/v2\/media\/29129"}],"wp:attachment":[{"href":"https:\/\/historiografija.hr\/index.php?rest_route=%2Fwp%2Fv2%2Fmedia&parent=29128"}],"wp:term":[{"taxonomy":"category","embeddable":true,"href":"https:\/\/historiografija.hr\/index.php?rest_route=%2Fwp%2Fv2%2Fcategories&post=29128"},{"taxonomy":"post_tag","embeddable":true,"href":"https:\/\/historiografija.hr\/index.php?rest_route=%2Fwp%2Fv2%2Ftags&post=29128"}],"curies":[{"name":"wp","href":"https:\/\/api.w.org\/{rel}","templated":true}]}}