{"id":29125,"date":"2022-01-10T11:16:57","date_gmt":"2022-01-10T11:16:57","guid":{"rendered":"http:\/\/historiografija.hr\/?p=29125"},"modified":"2022-01-10T11:16:57","modified_gmt":"2022-01-10T11:16:57","slug":"zene-i-tehnika-izlozba-rodno-inkluzivne-tematike","status":"publish","type":"post","link":"https:\/\/historiografija.hr\/?p=29125","title":{"rendered":"\u201e\u017dENE I TEHNIKA \u2013 izlo\u017eba rodno inkluzivne tematike\u201c"},"content":{"rendered":"\n<p>Tehni\u010dki muzej Nikola Tesla u Zagrebu<\/p>\n\n\n\n<p>Od 13.11.2021 do 15.03.2022.<\/p>\n\n\n\n<hr class=\"wp-block-separator\"\/>\n\n\n\n<p><em>\u017dene i tehnika \u2013 izlo\u017eba rodno inkluzivne tematike<\/em> usmjerena je na afirmaciju \u017eena koje su pridonijele razvoju znanosti i tehnologije, ali i na propitivanje utjecaja razvoja znanosti i tehnologije (znanstvenih otkri\u0107a i tehni\u010dkih izuma) na \u017eivot i dru\u0161tveni status \u017eena, s naglaskom na radnu sferu.<br>Sve do osamdesetih godina 20. stolje\u0107a \u017eene su bile uglavnom zanemarene u povijesti znanosti i tehnologije. U novije vrijeme ne samo da je &#8220;otkriven&#8221; velik broj zaslu\u017enih znanstvenica i izumiteljica, a neke od njih na\u0161le su svoje mjesto i u &#8220;slu\u017ebenim&#8221; povijesnim pregledima, nego su i istra\u017eeni i dokumentirani slo\u017eeni dru\u0161tveno-povijesni procesi te \u010desto slabije vidljivi faktori koji su uzrokovali njihovu povijesnu nevidljivost. Izlo\u017eba uklju\u010duje pri\u010de o istaknutim znanstvenicama, \u017eenama koje su probijale dru\u0161tveno nametnute barijere i istaknule se u stereotipno mu\u0161kim zanimanjima te o \u010ditavom nizu anonimnih \u017eena koje su usprkos tome \u0161to su bile osu\u0111ene na drugorazredne, repetitivne, slabo pla\u0107ene poslove uspjele zadu\u017eiti znanost. Bez njihova doprinosa znanost i tehnologija kakve danas poznajemo bile bi bitno druk\u010dije.<\/p>\n\n\n\n<p>Izlo\u017eba se koncepcijski oslanja na odjele stalnog postava Tehni\u010dkog muzeja Nikola Tesla. Sastoji se od vi\u0161e cjelina interpoliranih u stalni postav koje postoje\u0107i izlo\u017ebeni narativ dopunjuju komplementarnim, \u010diji je fokus izmijenjen i usmjeren na \u017eene. Dva paralelna narativa ne upu\u0107uju na dvije povijesti (&#8220;\u017eensku&#8221; i &#8220;mu\u0161ku&#8221;), ve\u0107 apostrofiraju potrebu za revizijom op\u0107eprihva\u0107enog, uvrije\u017eenog znanja.<br><br><strong>Izlo\u017eba je interpolirana u stalni postav Muzeja i za njezino razgledavanje vrijedi ulaznica za stalni postav.<\/strong><br>Radno vrijeme: utorak &#8211; petak: 9 -17, subota i nedjelja: 9 &#8211; 13, ponedjeljkom i praznikom zatvoreno<\/p>\n\n\n\n<p><br>IMPRESUM<br>Autorice koncepta: Barbara Blasin, Kosjenka Laszlo Klemar, Tea Kantoci<br>Kustosica: Kosjenka Laszlo Klemar<br>Stru\u010dni suradnici\/ce: Anamari Naki\u0107 (FER), Josipa-Pina Mili\u0161i\u0107 (FER), Goran Raji\u010d (TMNT), Vedran Runji\u0107 (MHV\/HVZ)<br>Tekstovi: Barbara Blasin, Kosjenka Laszlo Klemar, Tea Kantoci<br>Lektura: Margareta Medjure\u010dan<br>Oblikovanje postava izlo\u017ebe: Barbara Blasin, Hrvoje \u0110ukez<br>Grafi\u010dko oblikovanje: Barbara Blasin<br>Tisak: Kerschoffset d.o.o.<br>Tehni\u010dki postav: Hrvoje \u0110ukez<br>Odnosi s javno\u0161\u0107u: Marijo Zrna<br>Organizator: Tehni\u010dki Muzej Nikola Tesla<\/p>\n\n\n\n<p>Zahvale: Andrea Wawrzynek, Marijo Zrna, Markita Franuli\u0107, Neda Staklarevi\u0107, Olja Viskovi\u0107, Rinaldo Racovaz, Tullio Vorano, Vesna Lu\u017ear-Stiffler, Ericsson Nikola Tesla, Fakultet elektronike i ra\u010dunarstva Sveu\u010dili\u0161ta u Zagreb (FER), Fakultet strojarstva i brodogradnje Sveu\u010dili\u0161ta u Zagrebu (FSB), Hrvatska vatrogasna zajednica\/Muzej hrvatskog vatrogastva, Hrvatsko stenografsko dru\u0161tvo, Narodni muzej Labin, Sveu\u010dili\u0161ni ra\u010dunski centar Sveu\u010dili\u0161te u Zagrebu (SRCE).<\/p>\n\n\n\n<p><br>Kontakt: <a href=\"mailto:kosjenka.laszlo.klemar@tmnt.hr\">kosjenka.laszlo.klemar@tmnt.hr<\/a><\/p>\n\n\n\n<hr class=\"wp-block-separator\"\/>\n\n\n\n<p>Izvor:<\/p>\n\n\n\n<p><a href=\"https:\/\/tmnt.hr\/izlozba?id=8212\">https:\/\/tmnt.hr\/izlozba?id=8212<\/a><\/p>\n\n\n\n<hr class=\"wp-block-separator\"\/>\n\n\n\n<p>Iz medija:<\/p>\n\n\n\n<p><a href=\"https:\/\/www.tportal.hr\/kultura\/clanak\/u-tehnickom-muzeju-otvorena-izlozba-posvecena-zenama-u-znanosti-i-tehnologiji-20211215\">https:\/\/www.tportal.hr\/kultura\/clanak\/u-tehnickom-muzeju-otvorena-izlozba-posvecena-zenama-u-znanosti-i-tehnologiji-20211215<\/a><\/p>\n\n\n\n<p><a href=\"https:\/\/www.jutarnji.hr\/kultura\/art\/nepoznata-povijest-zena-u-muskim-profesijama-zagreb-je-imao-kondukterku-prije-londona-15142476\">https:\/\/www.jutarnji.hr\/kultura\/art\/nepoznata-povijest-zena-u-muskim-profesijama-zagreb-je-imao-kondukterku-prije-londona-15142476<\/a><\/p>\n\n\n\n<hr class=\"wp-block-separator\"\/>\n","protected":false},"excerpt":{"rendered":"","protected":false},"author":2,"featured_media":29126,"comment_status":"open","ping_status":"open","sticky":false,"template":"","format":"standard","meta":{"_acf_changed":false,"jetpack_post_was_ever_published":false,"_jetpack_newsletter_access":"","_jetpack_dont_email_post_to_subs":false,"_jetpack_newsletter_tier_id":0,"_jetpack_memberships_contains_paywalled_content":false,"_jetpack_memberships_contains_paid_content":false,"footnotes":"","jetpack_publicize_message":"","jetpack_publicize_feature_enabled":true,"jetpack_social_post_already_shared":true,"jetpack_social_options":{"image_generator_settings":{"template":"highway","default_image_id":0,"font":"","enabled":false},"version":2}},"categories":[10,3],"tags":[],"class_list":["post-29125","post","type-post","status-publish","format-standard","has-post-thumbnail","hentry","category-izlozbe","category-novosti"],"acf":{"facebook_opis":""},"jetpack_publicize_connections":[],"jetpack_featured_media_url":"https:\/\/i0.wp.com\/historiografija.hr\/wp-content\/uploads\/2022\/01\/Zene.png?fit=690%2C470&ssl=1","jetpack_sharing_enabled":true,"jetpack-related-posts":[],"_links":{"self":[{"href":"https:\/\/historiografija.hr\/index.php?rest_route=\/wp\/v2\/posts\/29125","targetHints":{"allow":["GET"]}}],"collection":[{"href":"https:\/\/historiografija.hr\/index.php?rest_route=\/wp\/v2\/posts"}],"about":[{"href":"https:\/\/historiografija.hr\/index.php?rest_route=\/wp\/v2\/types\/post"}],"author":[{"embeddable":true,"href":"https:\/\/historiografija.hr\/index.php?rest_route=\/wp\/v2\/users\/2"}],"replies":[{"embeddable":true,"href":"https:\/\/historiografija.hr\/index.php?rest_route=%2Fwp%2Fv2%2Fcomments&post=29125"}],"version-history":[{"count":1,"href":"https:\/\/historiografija.hr\/index.php?rest_route=\/wp\/v2\/posts\/29125\/revisions"}],"predecessor-version":[{"id":29127,"href":"https:\/\/historiografija.hr\/index.php?rest_route=\/wp\/v2\/posts\/29125\/revisions\/29127"}],"wp:featuredmedia":[{"embeddable":true,"href":"https:\/\/historiografija.hr\/index.php?rest_route=\/wp\/v2\/media\/29126"}],"wp:attachment":[{"href":"https:\/\/historiografija.hr\/index.php?rest_route=%2Fwp%2Fv2%2Fmedia&parent=29125"}],"wp:term":[{"taxonomy":"category","embeddable":true,"href":"https:\/\/historiografija.hr\/index.php?rest_route=%2Fwp%2Fv2%2Fcategories&post=29125"},{"taxonomy":"post_tag","embeddable":true,"href":"https:\/\/historiografija.hr\/index.php?rest_route=%2Fwp%2Fv2%2Ftags&post=29125"}],"curies":[{"name":"wp","href":"https:\/\/api.w.org\/{rel}","templated":true}]}}