{"id":29109,"date":"2022-01-07T17:45:48","date_gmt":"2022-01-07T17:45:48","guid":{"rendered":"http:\/\/historiografija.hr\/?p=29109"},"modified":"2022-01-07T17:49:00","modified_gmt":"2022-01-07T17:49:00","slug":"pierre-nora-jeunesse","status":"publish","type":"post","link":"https:\/\/historiografija.hr\/?p=29109","title":{"rendered":"Pierre Nora, \u201cJeunesse\u201d"},"content":{"rendered":"\n<p>Francuski povjesni\u010dar Pierre Nora, \u010dije ime vezujemo uz poznate termine koje je uveo &#8220;mjesta sje\u0107anja&#8221; (lieux de m\u00e9moire) i &#8220;egohistorija&#8221; (ego-histoire), svoje djelo o mladosti smjestio je upravo u tim hibridnim okvirima, izbjegavaju\u0107i dati mu memoarski karakter. Pi\u0161u\u0107i o svojoj mladosti, Nora &#8211; prema svojim rije\u010dima &#8211; pi\u0161e o onom \u0161to ga oblikovalo upravo takvim kakav jest.<\/p>\n\n\n\n<hr class=\"wp-block-separator\"\/>\n\n\n\n<p>Depuis des ann\u00e9es, mes amis me pressent, en m\u2019\u00e9coutant raconter mes histoires, d\u2019\u00e9crire mes M\u00e9moires. Je me suis toujours refus\u00e9 \u00e0 cette t\u00e2che que je sentais pourtant, moi-m\u00eame, n\u00e9cessaire.<\/p>\n\n\n\n<p>Les souvenirs ici r\u00e9unis ne s\u2019apparentent donc pas \u00e0 des M\u00e9moires, au sens classique du terme, mais \u00e0 un m\u00e9lange de ce que j\u2019ai baptis\u00e9 \u00ab lieux de m\u00e9moire \u00bb et \u00ab ego-histoire \u00bb. Pour mieux dire, ils rel\u00e8vent de ce que l\u2019on appelait autrefois un roman d\u2019apprentissage.<\/p>\n\n\n\n<p>Je me suis spontan\u00e9ment concentr\u00e9 sur les traits singuliers de mes jeunes ann\u00e9es : la guerre de neuf \u00e0 treize ans pour un enfant juif ; une famille faite d\u2019individualit\u00e9s fortes ; une impossibilit\u00e9 \u00e0 me plier aux normes universitaires sans pouvoir cependant m\u2019en d\u00e9tacher ; une initiation amoureuse des moins banales ; une ouverture \u00e0 plusieurs types de vie qui n\u2019a pas \u00e9t\u00e9 offerte \u00e0 tous. Une jeunesse qui m\u2019a fait ce que je suis.<\/p>\n\n\n\n<p>P. N.<\/p>\n\n\n\n<hr class=\"wp-block-separator\"\/>\n\n\n\n<p>Gallimard<\/p>\n\n\n\n<p>240 pages<br><\/p>\n\n\n\n<p>2021<\/p>\n\n\n\n<hr class=\"wp-block-separator\"\/>\n\n\n\n<p><a href=\"https:\/\/www.gallimard.fr\/Catalogue\/GALLIMARD\/Blanche\/Jeunesse\">https:\/\/www.gallimard.fr\/Catalogue\/GALLIMARD\/Blanche\/Jeunesse<\/a><\/p>\n\n\n\n<hr class=\"wp-block-separator\"\/>\n","protected":false},"excerpt":{"rendered":"","protected":false},"author":2,"featured_media":29110,"comment_status":"open","ping_status":"open","sticky":false,"template":"","format":"standard","meta":{"_acf_changed":false,"jetpack_post_was_ever_published":false,"_jetpack_newsletter_access":"","_jetpack_dont_email_post_to_subs":false,"_jetpack_newsletter_tier_id":0,"_jetpack_memberships_contains_paywalled_content":false,"_jetpack_memberships_contains_paid_content":false,"footnotes":"","jetpack_publicize_message":"","jetpack_publicize_feature_enabled":true,"jetpack_social_post_already_shared":true,"jetpack_social_options":{"image_generator_settings":{"template":"highway","default_image_id":0,"font":"","enabled":false},"version":2}},"categories":[8,3],"tags":[],"class_list":["post-29109","post","type-post","status-publish","format-standard","has-post-thumbnail","hentry","category-knjige","category-novosti"],"acf":{"facebook_opis":""},"jetpack_publicize_connections":[],"jetpack_featured_media_url":"https:\/\/i0.wp.com\/historiografija.hr\/wp-content\/uploads\/2022\/01\/Jeunesse.jpg?fit=195%2C285&ssl=1","jetpack_sharing_enabled":true,"jetpack-related-posts":[],"_links":{"self":[{"href":"https:\/\/historiografija.hr\/index.php?rest_route=\/wp\/v2\/posts\/29109","targetHints":{"allow":["GET"]}}],"collection":[{"href":"https:\/\/historiografija.hr\/index.php?rest_route=\/wp\/v2\/posts"}],"about":[{"href":"https:\/\/historiografija.hr\/index.php?rest_route=\/wp\/v2\/types\/post"}],"author":[{"embeddable":true,"href":"https:\/\/historiografija.hr\/index.php?rest_route=\/wp\/v2\/users\/2"}],"replies":[{"embeddable":true,"href":"https:\/\/historiografija.hr\/index.php?rest_route=%2Fwp%2Fv2%2Fcomments&post=29109"}],"version-history":[{"count":3,"href":"https:\/\/historiografija.hr\/index.php?rest_route=\/wp\/v2\/posts\/29109\/revisions"}],"predecessor-version":[{"id":29113,"href":"https:\/\/historiografija.hr\/index.php?rest_route=\/wp\/v2\/posts\/29109\/revisions\/29113"}],"wp:featuredmedia":[{"embeddable":true,"href":"https:\/\/historiografija.hr\/index.php?rest_route=\/wp\/v2\/media\/29110"}],"wp:attachment":[{"href":"https:\/\/historiografija.hr\/index.php?rest_route=%2Fwp%2Fv2%2Fmedia&parent=29109"}],"wp:term":[{"taxonomy":"category","embeddable":true,"href":"https:\/\/historiografija.hr\/index.php?rest_route=%2Fwp%2Fv2%2Fcategories&post=29109"},{"taxonomy":"post_tag","embeddable":true,"href":"https:\/\/historiografija.hr\/index.php?rest_route=%2Fwp%2Fv2%2Ftags&post=29109"}],"curies":[{"name":"wp","href":"https:\/\/api.w.org\/{rel}","templated":true}]}}