{"id":29106,"date":"2022-01-07T17:21:00","date_gmt":"2022-01-07T17:21:00","guid":{"rendered":"http:\/\/historiografija.hr\/?p=29106"},"modified":"2022-01-07T17:21:00","modified_gmt":"2022-01-07T17:21:00","slug":"ante-stamac-prolazne-postaje-autobiografski-zapisi","status":"publish","type":"post","link":"https:\/\/historiografija.hr\/?p=29106","title":{"rendered":"Ante Stama\u0107, \u201cProlazne postaje: autobiografski zapisi\u201d"},"content":{"rendered":"\n<p>Nezavr\u0161ena autobiografija akademika Ante Stama\u0107a (1939. \u2013 2016.) Prolazne postaje fiksirana je zemljopisnim odrednicama autorova mladena\u010dkog lutanja \u2013 od Molata i Dubrovnika do Kri\u017eevaca, Daruvara i Zadra<\/p>\n\n\n\n<p>Knji\u017eevnik i sveu\u010dili\u0161ni profesor, akademik Ante Stama\u0107 ostavio nam je u rukopisu uvodna poglavlja planirane autobiografije Prolazne postaje. Biografska amplituda dolazi tek do autorovih srednjo\u0161kolskih dana ne dopiru\u0107i ni do traumati\u010dnih situacija mladena\u010dkoga zatvaranja ni do potonjih studentskih peripetija i prebro\u0111enih opasnosti, kao ni do razdoblja intelektualnog sazrijevanja i smirivanja, pa mo\u017eemo re\u0107i da je autobiografski zapis Prolazne postaje zaokru\u017een \u00bbportret umjetnika u mladosti\u00ab.<\/p>\n\n\n\n<p>Nesretne politi\u010dke okolnosti njegova djetinjstva i rane mladosti izo\u0161trile su autorov senzibilitet i potaknule ga da nam dade zapamtljive opise ambijenta i atmosfere, kako tjeskobe ratnih i poratnih godina, tako i svje\u017eine vi\u0111enja razli\u010ditih prostora i zanimljivih ljudi. Kako bilo, pi\u0161u\u0107i iz perspektive pro\u017eivljena \u017eivota, akademik Ante Stama\u0107 pronalazi nu\u017enu koncentraciju i aktivira duboka sje\u0107anja sjen\u010daju\u0107i tu i tamo neposredne do\u017eivljaje iskustvima potonjih godina i nemimoilaznim eruditskim opaskama.<\/p>\n\n\n\n<p>Uz svoj znani lirski senzibilitet, pisanje uspomena obogatio je rijetkom precizno\u0161\u0107u opisivanja i nemalom sposobno\u0161\u0107u povijesnog kontekstualiziranja ne gube\u0107i pritom iz vida osobni ton i pravo na vlastitu istinu. Dakako, pisac je subjektivan i razmjerno o\u0161tar u ocjeni dru\u0161tvenih prilika \u010detrdesetih i pedesetih godina pro\u0161loga stolje\u0107a, no ne mo\u017eemo pore\u0107i da nam i njegovo svjedo\u010denje poma\u017ee razumjeti dublju realnost ili pak tamniju pozadinu zbilje jugoslavenskog socijalizma.<\/p>\n\n\n\n<p>Prolazne postaje, s jedne strane, ispunjavaju odre\u0111enu prazninu i nude memoaristiku \u0161to bi tipolo\u0161ki prethodila onoj \u00bbu trapericama\u00ab, a s druge, zaokru\u017euju i zavr\u0161avaju literarni opus jednoga pisca koji je ostavio ozbiljan i dubok trag u hrvatskoj knji\u017eevnosti, znanosti i umjetnosti.<\/p>\n\n\n\n<hr class=\"wp-block-separator\"\/>\n\n\n\n<p>Izdava\u010d: \u0160kolska knjiga<\/p>\n\n\n\n<p>Broj stranica: 142<\/p>\n\n\n\n<p>Godina izdanja: 2021<\/p>\n\n\n\n<p>&#8212;<\/p>\n\n\n\n<p>Izvor:<\/p>\n\n\n\n<p><a href=\"https:\/\/shop.skolskaknjiga.hr\/prolazne-postaje.html\">https:\/\/shop.skolskaknjiga.hr\/prolazne-postaje.html<\/a><\/p>\n\n\n\n<hr class=\"wp-block-separator\"\/>\n","protected":false},"excerpt":{"rendered":"","protected":false},"author":2,"featured_media":29107,"comment_status":"open","ping_status":"open","sticky":false,"template":"","format":"standard","meta":{"_acf_changed":false,"jetpack_post_was_ever_published":false,"_jetpack_newsletter_access":"","_jetpack_dont_email_post_to_subs":false,"_jetpack_newsletter_tier_id":0,"_jetpack_memberships_contains_paywalled_content":false,"_jetpack_memberships_contains_paid_content":false,"footnotes":"","jetpack_publicize_message":"","jetpack_publicize_feature_enabled":true,"jetpack_social_post_already_shared":true,"jetpack_social_options":{"image_generator_settings":{"template":"highway","default_image_id":0,"font":"","enabled":false},"version":2}},"categories":[8,3],"tags":[],"class_list":["post-29106","post","type-post","status-publish","format-standard","has-post-thumbnail","hentry","category-knjige","category-novosti"],"acf":{"facebook_opis":""},"jetpack_publicize_connections":[],"jetpack_featured_media_url":"https:\/\/i0.wp.com\/historiografija.hr\/wp-content\/uploads\/2022\/01\/stamac.jpg?fit=670%2C1000&ssl=1","jetpack_sharing_enabled":true,"jetpack-related-posts":[],"_links":{"self":[{"href":"https:\/\/historiografija.hr\/index.php?rest_route=\/wp\/v2\/posts\/29106","targetHints":{"allow":["GET"]}}],"collection":[{"href":"https:\/\/historiografija.hr\/index.php?rest_route=\/wp\/v2\/posts"}],"about":[{"href":"https:\/\/historiografija.hr\/index.php?rest_route=\/wp\/v2\/types\/post"}],"author":[{"embeddable":true,"href":"https:\/\/historiografija.hr\/index.php?rest_route=\/wp\/v2\/users\/2"}],"replies":[{"embeddable":true,"href":"https:\/\/historiografija.hr\/index.php?rest_route=%2Fwp%2Fv2%2Fcomments&post=29106"}],"version-history":[{"count":1,"href":"https:\/\/historiografija.hr\/index.php?rest_route=\/wp\/v2\/posts\/29106\/revisions"}],"predecessor-version":[{"id":29108,"href":"https:\/\/historiografija.hr\/index.php?rest_route=\/wp\/v2\/posts\/29106\/revisions\/29108"}],"wp:featuredmedia":[{"embeddable":true,"href":"https:\/\/historiografija.hr\/index.php?rest_route=\/wp\/v2\/media\/29107"}],"wp:attachment":[{"href":"https:\/\/historiografija.hr\/index.php?rest_route=%2Fwp%2Fv2%2Fmedia&parent=29106"}],"wp:term":[{"taxonomy":"category","embeddable":true,"href":"https:\/\/historiografija.hr\/index.php?rest_route=%2Fwp%2Fv2%2Fcategories&post=29106"},{"taxonomy":"post_tag","embeddable":true,"href":"https:\/\/historiografija.hr\/index.php?rest_route=%2Fwp%2Fv2%2Ftags&post=29106"}],"curies":[{"name":"wp","href":"https:\/\/api.w.org\/{rel}","templated":true}]}}