{"id":29103,"date":"2022-01-07T17:09:04","date_gmt":"2022-01-07T17:09:04","guid":{"rendered":"http:\/\/historiografija.hr\/?p=29103"},"modified":"2022-01-07T17:09:04","modified_gmt":"2022-01-07T17:09:04","slug":"izlozba-sedamdesetprva","status":"publish","type":"post","link":"https:\/\/historiografija.hr\/?p=29103","title":{"rendered":"Izlo\u017eba \u201csedamdesetprva\u201d"},"content":{"rendered":"\n<p>Izlo\u017eba Hrvatskog povijesnog muzeja \u201esedamdesetprva\u201c<br><a href=\"https:\/\/gkd.hr\/izlozba\/sedamdesetprva\/\" target=\"_blank\" rel=\"noreferrer noopener\">Galerija Klovi\u0107evi dvori<\/a>, prizemlje<\/p>\n\n\n\n<p>izlo\u017eba je za javnost otvorena od 12. sije\u010dnja do 13. o\u017eujka 2022.<\/p>\n\n\n\n<p>Godina 1971. jedna je od prijelomnih godina u kojoj je simboli\u010dki sa\u017eeto iznimno dinami\u010dno razdoblje hrvatske suvremene povijesti, danas op\u0107e poznato pod nazivom Hrvatsko prolje\u0107e. Rije\u010d je o reformnom pokretu u kojem se prvi put otvoreno, slobodno i masovnije izra\u017eavalo nezadovoljstvo hrvatskih gra\u0111ana polo\u017eajem Hrvatske u tada\u0161njoj vi\u0161enacionalnoj Socijalisti\u010dkoj Federativnoj Republici Jugoslaviji. Tra\u017eila se ve\u0107a samostalnost Hrvatske, nacionalna ravnopravnost u jeziku, gospodarstvu i kulturi.<\/p>\n\n\n\n<p>Tri glavna nositelja hrvatskog reformnog pokreta bili su reformno krilo Saveza komunista Hrvatske, Matica hrvatska i studentski pokret. Oni nisu imali zajedni\u010dki program i unutar njih samih o\u010ditovale su se razlike i doga\u0111ala razmimoila\u017eenja u pristupu i metodama, dok ih je op\u0107i hrvatski nacionalni interes sve ujedinjavao. Vidljivo obilje\u017eje pokreta bilo je isticanje hrvatskog identiteta i kulture u gotovo svim segmentima dru\u0161tva, uz veliku podr\u0161ku javnosti.<\/p>\n\n\n\n<p>Vrhunac, a ujedno i dramati\u010dan kraj, pokret je do\u017eivio upravo 1971., kada zapo\u010dinje dugogodi\u0161nje razdoblje \u201ehrvatske \u0161utnje\u201c. Represivni aparat jednopartijske diktature s Josipom Brozom Titom na \u010delu surovo se obra\u010dunao s njegovim nositeljima.<\/p>\n\n\n\n<p>Dvadeset godina poslije, prolje\u0107ari, tj. nosioci hrvatskoga reformnog pokreta sudjelovali su u ostvarivanju potpune hrvatske samostalnosti, a njihova nastojanja s po\u010detka sedamdesetih godina 20. st. tako\u0111er su utkana u taj proces.<\/p>\n\n\n\n<p>Izlo\u017eba sadr\u017ei \u0161est kronolo\u0161ko \u2013 tematskih cjelina. Uz uvodni pregled doga\u0111aja do 1971. pod nazivom \u201eNeka bude \u017eivost \u2026\u201c, u \u010detiri glavne izlo\u017ebene cjeline donosi se kronolo\u0161ki slijed zbivanja kroz 1971. godinu i to putem djelovanja triju skupina oko kojih se pokret stvarao \u2013 reformista, mati\u010dara i studenata. Cjeline nose simboli\u010dne nazive po godi\u0161njim dobima, koja vi\u0161e simboli\u010dki nego strogo kalendarski, odgovaraju razvojnim fazama samog reformnog pokreta. \u0160iri kontekst vremena donosi se pregledom op\u0107edru\u0161tvenih zbivanja u zemlji i svijetu. Posljednja cjelina pod nazivom \u201e\u010cuvanje nade\u201c upu\u0107uje na posljedice sloma pokreta te sadr\u017eava sje\u0107anja svjedoka vremena i njihovih obitelji na \u201esedamdesetprvu\u201c i to 50 godina poslije.<\/p>\n\n\n\n<p>Hrvatski povijesni muzej kao klju\u010dna nacionalna ba\u0161tinska ustanova, izlo\u017ebu o prijelomnoj 1971. godini uklju\u010dila je u svoju kontinuiranu stru\u010dnu i izlo\u017ebenu djelatnost u obradi zna\u010dajnih tema iz hrvatske povijesti ne predvi\u0111aju\u0107i okolnosti u kojima se Muzej zatekao nakon posljedica potresa, zbog kojih do daljnjeg nije u mogu\u0107nosti djelovati u vlastitom prostoru.<\/p>\n\n\n\n<p>Izra\u017eavamo zahvalnost Galeriji Klovi\u0107evi dvori na ustupljenom prostoru i kolegijalnoj pomo\u0107i te svima koji su pridonijeli ostvarenju izlo\u017ebe.<\/p>\n\n\n\n<p>idejna koncepcija: Ana Filep<\/p>\n\n\n\n<p>autori: Mislav Bari\u0107, Petra Braun, Ana Filep, Andreja Smetko<\/p>\n\n\n\n<p>likovni postav i vizualni identitet: Ana Filep, Maja Kari\u0107<\/p>\n\n\n\n<p>izlo\u017ebene ilustracije: Milan Trenc<\/p>\n\n\n\n<p>multimedija: Ivan Serti\u0107, Zdenka \u0160inki\u0107, Brojka Kreativnih Produkcija d.o.o., New Hint j.d.o.o., RED Studio d.o.o.<\/p>\n\n\n\n<p>svjedo\u010danstva: Anto A\u0161\u010di\u0107, Ivan Bekavac, Aleksandra Brneti\u0107, Leo Budin, Dra\u017een Budi\u0161a, Gaetano \u010cehi\u0107, Ivan Zvonimir \u010ci\u010dak, \u017deljka \u010corak, Drago \u0106utuk, Stjepan Damjanovi\u0107, Drago Dikli\u0107, Bo\u017eo Do\u0161en, Ana Gotovac, Branko Ivanda, Enes Ki\u0161evi\u0107, Ines Kova\u010devi\u0107, Galiano Labinjan, Boris Ljubi\u010di\u0107, Alojz Majeti\u0107, Zvonko Makovi\u0107, Mar\u010delo Mari\u0107, Dalibor Martinis, Tihomil Ma\u0161trovi\u0107, Zvonimir Mike\u0161i\u0107, Jak\u0161a Mili\u010di\u0107, Ljerka Mintas Hodak, Vanja Mladina, Gabi Novak, \u0110im Pavi\u010di\u0107, Slavka Pavi\u0107, Stjepan Su\u010di\u0107, Vojo \u0160iljak, Ivan \u0160kari\u0107, Goran Trbuljak, Branimir Tu\u0161kan, Vladislav Veselica, Snje\u017eana Veselica-Majhut, Antun Vrdoljak<\/p>\n\n\n\n<p>posuditelji: obitelj Asi\u0107, Ivan Bekavac, obitelj Belu\u0161i\u0107, Marina Bregovac Pisk, Dra\u017een Budi\u0161a, Kre\u0161imir Bari\u0107, Gaetano \u010cehi\u0107, Ivan Zvonimir \u010ci\u010dak, Petar Dabac, Nedeljko Dragi\u0107, obitelj Filep, Charlotte Frank, Ana Gotovac, Mario Jareb, Mirana Ju\u0161i\u0107, Marica Karaka\u0161 Obradov, Branko Knez, Ines Kova\u010devi\u0107, Vjekoslav Kramberger, Ratko Krsti\u010devi\u0107, Savka Ku\u010dar-Dragi\u010devi\u0107, Jasna Ku\u010dar Kopi\u0107, Boris Ljubi\u010di\u0107, Alojz Majeti\u0107, Zvonko Makovi\u0107, Dalibor Margeti\u0107, Enes Mid\u017ei\u0107, Vanja Mladina, Ranko Murti\u0107, Gabi Novak, Nada Orel, Jozefina Parad\u017eik, Nikica Porubi\u0107, Vesna Slako, Slavko Sraga, Branka Stipan\u010di\u0107, Stjepan Su\u010di\u0107, Snje\u017eana Veselica-Majhut, Nikola Vranjkovi\u0107, Antun Vrdoljak<\/p>\n\n\n\n<p>Arhiv To\u0161o Dabac \u2013 Muzej suvremene umjetnosti, Arhiv Jugoslavije (Srbija), Centar za demokraciju i pravo Miko Tripalo, \u010cakavski sabor \u2013 \u017dminj, Dr\u017eavni arhiv u Gospi\u0107u, Dr\u017eavni arhiv u Slavonskom Brodu, Dr\u017eavni arhiv u Splitu, Dr\u017eavni arhiv u Zadru, Dr\u017eavni arhiv u Zagrebu, Etnografski muzej Zagreb, FACTUM, Galerija umjetnina grada Slavonskog Broda, Galerija umjetnina Split, Gradski muzej Jastrebarsko, Gradski muzej Kri\u017eevci, Gradski muzej Po\u017eega, Gradski muzej Vara\u017edin, Hrvatska akademija znanosti i umjetnosti (Arhiv za likovne umjetnosti HAZU, Kabinet grafike HAZU, Zavod za povijest hrvatske knji\u017eevnosti, kazali\u0161ta i glazbe \u2013 Odsjek za povijest hrvatskoga kazali\u0161ta HAZU), Hrvatska kinoteka Hrvatskog dr\u017eavnog arhiva, Hrvatska radiotelevizija (producent i nositelj prava proizvo\u0111a\u010da), Hrvatski dr\u017eavni arhiv, Hrvatski glazbeni zavod, Hrvatski institut za povijest, Hrvatski pomorski muzej Split, Hrvatski sabor (Knji\u017enica), Hrvatski \u0161portski muzej, Hrvatsko dru\u0161tvo politi\u010dkih zatvorenika \u2013 \u017ertava komunizma, Hrvatsko selja\u010dko pjeva\u010dko dru\u0161tvo \u201ePodgorac\u201d, Knji\u017enice grada Zagreb \u2013 Gradska knji\u017enica, Knji\u017enica \u201eBo\u017eidara Ad\u017eije\u201c, Kulturno informativni centar, Matica hrvatska, Muzej Brodskog Posavlja, Muzej grada Koprivnice, Muzej grada Rovinja, Muzej grada Splita, Muzej Jugoslavije (Srbija), Muzej Like Gospi\u0107, Muzej policije Ministarstva unutarnjih poslova RH, Muzej suvremene umjetnosti, Muzej Valpov\u0161tine, Muzej za umjetnost i obrt, Nacionalna i sveu\u010dili\u0161na knji\u017enica u Zagrebu, Op\u0107ina Stara Gradi\u0161ka, Satiri\u010dko kazali\u0161te Kerempuh, SRCE \u2013 Sveu\u010dili\u0161ni ra\u010dunski centar Sveu\u010dili\u0161ta u Zagrebu, Sveu\u010dili\u0161te u Zagrebu (Arhiv), Zavi\u010dajni muzej Ozalj, Zavi\u010dajni muzej Slatina<\/p>\n\n\n\n<p>konzultanti: Josip Brlekovi\u0107 (Matica hrvatska), Dra\u017een Budi\u0161a, Ivan Zvonimir \u010ci\u010dak, Marko Golub (Hrvatsko dizajnersko dru\u0161tvo), Veljko Krul\u010di\u0107, Juraj Kuko\u010d (Hrvatska Kinoteka HDA), Zorislav Luki\u0107 (Matica hrvatska), Ivica Mi\u0161kulin (Hrvatsko katoli\u010dko sveu\u010dili\u0161te), Patricia Po\u010dani\u0107 (Odsjek za povijest umjetnosti, Filozofski fakultet Sveu\u010dili\u0161ta u Zagrebu), Stjepan Su\u010di\u0107<\/p>\n\n\n\n<p>zahvale: Jelena Balog Vojak, Mihaela Barbari\u0107, Diana Bav\u010devi\u0107, Ur\u0161ula Be\u0161li\u0107, Nada Bezi\u0107, Ozren Blagec, Kristina Bonjekovi\u0107 Stojkovi\u0107, Leon Bo\u0161njak, Aida Brenko, Vladimir Brnardi\u0107, Lana Bubenik, Vanja Budi\u0161\u0107ak, Sanja Buni\u0107, Katarina Bu\u0161i\u0107, Sanja Bzik, Radovan Cuki\u0107, Domagoj \u010capalija, Ksenija \u010celar Repa\u010d, Marijan \u010cip\u010di\u0107, Kre\u0161imir \u010cokoli\u0107, Dinko \u010cutura, Andreja Der-Hazarijan Vuki\u0107, Marko Dizdar, Ivana Domanovi\u0107, Jasna \u0110ur\u0111evi\u0107, Dra\u017een Erne\u010di\u0107, Ante Gveri\u0107, Nada Galant, Tea Hatadi, Marko Horvat, Jasna Jak\u0161i\u0107, Dra\u017eenka Jal\u0161i\u0107 Erne\u010di\u0107, Petra-Marija Jel\u010di\u0107, Ivan Jeli\u0107, Irena Jeli\u0107, Helena Jelinek Marelji\u0107, obitelj Jurdana, Igor Ka\u010dorovski, Maja Kari\u0107, Dario Kobe\u0161\u0107ak, Ivan Kokeza, Ana Kranj\u010di\u0107, Dejan Kr\u0161i\u0107, Vlatka Lemi\u0107, Lana Lovren\u010di\u0107, Edin Mahmuljin, Dinko Majcen, Dane Mandi\u0107, Miljenko Manjkas, Ivica Mataija, Branka Martin\u010di\u0107, Tatjana Melnik, Liljana Miklec, Vanja Mladineo, Anamarija Neja\u0161mi\u0107, Hrvoje Nemet, Ivica Neve\u0161\u0107anin, \u017deljka Petrovi\u0107 Osmak, Velimir Pau\u0161i\u0107, Snje\u017eana Pavi\u010di\u0107, Ru\u017eica Pepelko, Marija Perkec, Branimir Pe\u0161ut, Nikola Piska\u010d, Dra\u017een Posavec, Josip Prgomet, Nenad Puhovski, Ljubomir Radi\u0107, Valentina Rado\u0161, Mislav Rado\u0161evi\u0107, Marko Radovanovi\u0107, Gordan Ravan\u010di\u0107, Miroslav Razum, Leon Rizmaul, Darko Rub\u010di\u0107, Davorin Rudolf, Dra\u017eenko Samard\u017ei\u0107, Nikola Seiwerth, Maja Sever, Marija Stipi\u0161i\u0107 Vukovi\u0107, Marijan Sutlovi\u0107, Josip \u0160ikli\u0107, Zdenka \u0160inki\u0107, Ana \u0160timac, Snje\u017eana \u0160ute, Romana Teki\u0107, Spomenka Te\u017eak, Tajana Uj\u010di\u0107, Ljiljana Vilus Japec, Toni Volari\u0107<\/p>\n\n\n\n<p>tehni\u010dki postav: Hrvatski povijesni muzej: Mirana Ju\u0161i\u0107, Ivo Margareti\u0107, Ozren Soli\u0107, Ivica Tarle<\/p>\n\n\n\n<p>Galerija Klovi\u0107evi dvori<\/p>\n\n\n\n<p>rasvjeta: Ivica Tarle<\/p>\n\n\n\n<p>kustos koordinator: Danijela Markoti\u0107, Galerija Klovi\u0107evi dvori<\/p>\n\n\n\n<hr class=\"wp-block-separator\"\/>\n\n\n\n<p>Izvori:<\/p>\n\n\n\n<p><a href=\"https:\/\/www.hismus.hr\/hr\/novosti\/aktualno\/izlozba\/izlozba-sedamdesetprva\/\">https:\/\/www.hismus.hr\/hr\/novosti\/aktualno\/izlozba\/izlozba-sedamdesetprva\/<\/a><\/p>\n\n\n\n<figure class=\"wp-block-embed-wordpress wp-block-embed is-type-wp-embed is-provider-galerija-klovicevi-dvori\"><div class=\"wp-block-embed__wrapper\">\n<blockquote class=\"wp-embedded-content\" data-secret=\"pwqAv906ua\"><a href=\"https:\/\/gkd.hr\/izlozba\/sedamdesetprva\/\">sedamdesetprva<\/a><\/blockquote><iframe loading=\"lazy\" class=\"wp-embedded-content\" sandbox=\"allow-scripts\" security=\"restricted\" style=\"position: absolute; clip: rect(1px, 1px, 1px, 1px);\" title=\"&#8220;sedamdesetprva&#8221; &#8212; Galerija Klovi\u0107evi dvori\" src=\"https:\/\/gkd.hr\/izlozba\/sedamdesetprva\/embed\/#?secret=pwqAv906ua\" data-secret=\"pwqAv906ua\" width=\"600\" height=\"338\" frameborder=\"0\" marginwidth=\"0\" marginheight=\"0\" scrolling=\"no\"><\/iframe>\n<\/div><\/figure>\n\n\n\n<hr class=\"wp-block-separator\"\/>\n","protected":false},"excerpt":{"rendered":"","protected":false},"author":2,"featured_media":29104,"comment_status":"open","ping_status":"open","sticky":false,"template":"","format":"standard","meta":{"_acf_changed":false,"jetpack_post_was_ever_published":false,"_jetpack_newsletter_access":"","_jetpack_dont_email_post_to_subs":false,"_jetpack_newsletter_tier_id":0,"_jetpack_memberships_contains_paywalled_content":false,"_jetpack_memberships_contains_paid_content":false,"footnotes":"","jetpack_publicize_message":"","jetpack_publicize_feature_enabled":true,"jetpack_social_post_already_shared":true,"jetpack_social_options":{"image_generator_settings":{"template":"highway","default_image_id":0,"font":"","enabled":false},"version":2}},"categories":[10,3],"tags":[],"class_list":["post-29103","post","type-post","status-publish","format-standard","has-post-thumbnail","hentry","category-izlozbe","category-novosti"],"acf":{"facebook_opis":""},"jetpack_publicize_connections":[],"jetpack_featured_media_url":"https:\/\/i0.wp.com\/historiografija.hr\/wp-content\/uploads\/2022\/01\/najava_71_hismus.jpg?fit=768%2C593&ssl=1","jetpack_sharing_enabled":true,"jetpack-related-posts":[],"_links":{"self":[{"href":"https:\/\/historiografija.hr\/index.php?rest_route=\/wp\/v2\/posts\/29103","targetHints":{"allow":["GET"]}}],"collection":[{"href":"https:\/\/historiografija.hr\/index.php?rest_route=\/wp\/v2\/posts"}],"about":[{"href":"https:\/\/historiografija.hr\/index.php?rest_route=\/wp\/v2\/types\/post"}],"author":[{"embeddable":true,"href":"https:\/\/historiografija.hr\/index.php?rest_route=\/wp\/v2\/users\/2"}],"replies":[{"embeddable":true,"href":"https:\/\/historiografija.hr\/index.php?rest_route=%2Fwp%2Fv2%2Fcomments&post=29103"}],"version-history":[{"count":1,"href":"https:\/\/historiografija.hr\/index.php?rest_route=\/wp\/v2\/posts\/29103\/revisions"}],"predecessor-version":[{"id":29105,"href":"https:\/\/historiografija.hr\/index.php?rest_route=\/wp\/v2\/posts\/29103\/revisions\/29105"}],"wp:featuredmedia":[{"embeddable":true,"href":"https:\/\/historiografija.hr\/index.php?rest_route=\/wp\/v2\/media\/29104"}],"wp:attachment":[{"href":"https:\/\/historiografija.hr\/index.php?rest_route=%2Fwp%2Fv2%2Fmedia&parent=29103"}],"wp:term":[{"taxonomy":"category","embeddable":true,"href":"https:\/\/historiografija.hr\/index.php?rest_route=%2Fwp%2Fv2%2Fcategories&post=29103"},{"taxonomy":"post_tag","embeddable":true,"href":"https:\/\/historiografija.hr\/index.php?rest_route=%2Fwp%2Fv2%2Ftags&post=29103"}],"curies":[{"name":"wp","href":"https:\/\/api.w.org\/{rel}","templated":true}]}}