{"id":29098,"date":"2022-01-07T16:54:49","date_gmt":"2022-01-07T16:54:49","guid":{"rendered":"http:\/\/historiografija.hr\/?p=29098"},"modified":"2022-01-07T16:54:49","modified_gmt":"2022-01-07T16:54:49","slug":"zorislav-lukic-hrvatska-seljacka-stranka-u-borbi-za-hrvatsku-samostalnost-do-1941","status":"publish","type":"post","link":"https:\/\/historiografija.hr\/?p=29098","title":{"rendered":"Zorislav Luki\u0107, \u201cHrvatska selja\u010dka stranka u borbi za hrvatsku samostalnost do 1941.\u201d"},"content":{"rendered":"\n<p>\u0160to je bio cilj politi\u010dkog djelovanja Stjepan Radi\u0107a, njegova brata Antuna, Vladka Ma\u010deka, Josipa Predavca i mnogih drugih \u010dlanova vodstva HSS-a \u2013 samostalna Hrvatska ili Hrvatska u nekoj vi\u0161enacionalnoj dr\u017eavi? Je li gotovo plebiscitarna potpora hrvatskih glasa\u010da HSS-u izme\u0111u dvaju svjetskih ratova bila potpora ostvarenju samostalne ili nekakve druge Hrvatske?<\/p>\n\n\n\n<p>Analizom dostupnih povijesnih izvora autor je nastojao dokazati kako je HSS od samoga osnivanja pa do 1941. vodio politiku kojom je Hrvatskoj \u017eelio izboriti punu ili najvi\u0161u razinu politi\u010dke samostalnosti, ali je s obzirom na kompleksne me\u0111unarodne odnose svoju politiku prilago\u0111avao trenutnim okolnostima, tako da je vodstvo HSS-a \u010desto moralo povla\u010diti i poteze koji su, zbog osiguravanja opstanka hrvatskoga naroda, imali federativni ili konfederativni karakter. Zasluge HSS-a iznimne su i zbog \u010dinjenice da je vodstvo stranke hrvatsku poziciju od to\u010dke gotovo potpuno izgubljene samostalnosti 1. prosinca 1918. doveo da pozicije u kojoj je Hrvatska u Banovini Hrvatskoj imala vlastiti teritorij i dr\u017eavne ovlasti koje su bile na rubu pune samostalnosti.<\/p>\n\n\n\n<p>Popra\u0107ena brojnim dokumentima, ova knjiga nastoji reinterpretirati dosada\u0161nje spoznaje, nude\u0107i ujedno neka rje\u0161enja koja otvaraju nova pitanja za akademsku i javnu raspravu.<\/p>\n\n\n\n<p><strong>Biblioteka Historia<\/strong>, glavni urednik Luka \u0160eput, izvr\u0161ne urednice Vesna Zednik i Romana Horvat, recenzenti \u017deljko Holjevac i Hrvoje Petri\u0107, prijevodi sa slovenskoga jezika Anita Peti-Stanti\u0107, prijevodi s francuskoga jezika \u017deljka Somun, priprema <em>Tehni\u010dka priprema MH<\/em>\u00a0 (Pavao Damjanovi\u0107), tisak <em>Denona <\/em>(Zagreb). \u2014 Knjiga je opremljena sa 16 c\/b ilustracija, sa\u017eetkom na engleskom jeziku, bibliografijom, imenskim kazalom te bibliografskim bilje\u0161kama i komentarima uz tekst<\/p>\n\n\n\n<hr class=\"wp-block-separator\"\/>\n\n\n\n<p><strong>Autori<\/strong><\/p>\n\n\n\n<p><a href=\"https:\/\/www.matica.hr\/knjige\/autor\/715\/\">Zorislav Luki\u0107<\/a><\/p>\n\n\n\n<p>Povjesni\u010dar (Kopar, 1960), glavni tajnik Matice hrvatske. Osim uredni\u010dkom i historiografskom radu u \u010dijem je sredi\u0161tu prou\u010davanje Mati\u010dina rada te novije i suvremene hrvatske politi\u010dke povijesti, posve\u0107en je i scenaristi\u010dkom radu na dokumentarnom filmu<\/p>\n\n\n\n<hr class=\"wp-block-separator\"\/>\n\n\n\n<ul class=\"wp-block-list\"><li>biblioteka: <a href=\"https:\/\/www.matica.hr\/knjige\/biblioteka\/86\/\"><strong>HISTORIA<\/strong><\/a><\/li><li>cijena: <strong>200,00<\/strong> kn<\/li><li>broj stranica: <strong>455<\/strong><\/li><li>uvez: <strong>tvrdi uvez<\/strong><\/li><li>dimenzije: <strong>17 x 25 cm<\/strong><\/li><li>godina izdanja: <a href=\"https:\/\/www.matica.hr\/knjige\/godina\/2021\/\"><strong>2021.<\/strong><\/a><\/li><li>izdava\u010d: <strong>Matica hrvatska<\/strong><\/li><li>mjesto: <strong>Zagreb<\/strong><\/li><li>ISBN:<\/li><li>podru\u010dje: <strong><a href=\"https:\/\/www.matica.hr\/knjige\/podrucje\/hrvatska%20povijest\">hrvatska povijest<\/a>, <a href=\"https:\/\/www.matica.hr\/knjige\/podrucje\/politika%20i%20politologija\">politika i politologija<\/a><\/strong><\/li><\/ul>\n\n\n\n<h4 class=\"wp-block-heading\" id=\"TI\">PDF-ovi<\/h4>\n\n\n\n<p>\u2022&nbsp;&nbsp;&nbsp;&nbsp;&nbsp;&nbsp;&nbsp;&nbsp;&nbsp;&nbsp; Sadr\u017eaj<\/p>\n\n\n\n<p>\u2022&nbsp;&nbsp;&nbsp;&nbsp;&nbsp;&nbsp;&nbsp;&nbsp;&nbsp;&nbsp; Uvod<\/p>\n\n\n\n<p>\u2022&nbsp;&nbsp;&nbsp;&nbsp;&nbsp;&nbsp;&nbsp;&nbsp;&nbsp;&nbsp; POLITI\u010cKI RAZVOJ U HRVATSKOJ 1915\u20131917<\/p>\n\n\n\n<hr class=\"wp-block-separator\"\/>\n\n\n\n<p>Izvor:<\/p>\n\n\n\n<p><a href=\"https:\/\/www.matica.hr\/knjige\/hrvatska-seljacka-stranka-u-borbi-za-hrvatsku-samostalnost-do-1941-1370\/\">https:\/\/www.matica.hr\/knjige\/hrvatska-seljacka-stranka-u-borbi-za-hrvatsku-samostalnost-do-1941-1370\/<\/a><\/p>\n\n\n\n<hr class=\"wp-block-separator\"\/>\n","protected":false},"excerpt":{"rendered":"","protected":false},"author":2,"featured_media":29099,"comment_status":"open","ping_status":"open","sticky":false,"template":"","format":"standard","meta":{"_acf_changed":false,"jetpack_post_was_ever_published":false,"_jetpack_newsletter_access":"","_jetpack_dont_email_post_to_subs":false,"_jetpack_newsletter_tier_id":0,"_jetpack_memberships_contains_paywalled_content":false,"_jetpack_memberships_contains_paid_content":false,"footnotes":"","jetpack_publicize_message":"","jetpack_publicize_feature_enabled":true,"jetpack_social_post_already_shared":true,"jetpack_social_options":{"image_generator_settings":{"template":"highway","default_image_id":0,"font":"","enabled":false},"version":2}},"categories":[8,3],"tags":[],"class_list":["post-29098","post","type-post","status-publish","format-standard","has-post-thumbnail","hentry","category-knjige","category-novosti"],"acf":{"facebook_opis":""},"jetpack_publicize_connections":[],"jetpack_featured_media_url":"https:\/\/i0.wp.com\/historiografija.hr\/wp-content\/uploads\/2022\/01\/hrvatska-seljacka-stranka-u-borbi-za-hrvatsku-samostalnost.jpeg?fit=500%2C792&ssl=1","jetpack_sharing_enabled":true,"jetpack-related-posts":[],"_links":{"self":[{"href":"https:\/\/historiografija.hr\/index.php?rest_route=\/wp\/v2\/posts\/29098","targetHints":{"allow":["GET"]}}],"collection":[{"href":"https:\/\/historiografija.hr\/index.php?rest_route=\/wp\/v2\/posts"}],"about":[{"href":"https:\/\/historiografija.hr\/index.php?rest_route=\/wp\/v2\/types\/post"}],"author":[{"embeddable":true,"href":"https:\/\/historiografija.hr\/index.php?rest_route=\/wp\/v2\/users\/2"}],"replies":[{"embeddable":true,"href":"https:\/\/historiografija.hr\/index.php?rest_route=%2Fwp%2Fv2%2Fcomments&post=29098"}],"version-history":[{"count":1,"href":"https:\/\/historiografija.hr\/index.php?rest_route=\/wp\/v2\/posts\/29098\/revisions"}],"predecessor-version":[{"id":29100,"href":"https:\/\/historiografija.hr\/index.php?rest_route=\/wp\/v2\/posts\/29098\/revisions\/29100"}],"wp:featuredmedia":[{"embeddable":true,"href":"https:\/\/historiografija.hr\/index.php?rest_route=\/wp\/v2\/media\/29099"}],"wp:attachment":[{"href":"https:\/\/historiografija.hr\/index.php?rest_route=%2Fwp%2Fv2%2Fmedia&parent=29098"}],"wp:term":[{"taxonomy":"category","embeddable":true,"href":"https:\/\/historiografija.hr\/index.php?rest_route=%2Fwp%2Fv2%2Fcategories&post=29098"},{"taxonomy":"post_tag","embeddable":true,"href":"https:\/\/historiografija.hr\/index.php?rest_route=%2Fwp%2Fv2%2Ftags&post=29098"}],"curies":[{"name":"wp","href":"https:\/\/api.w.org\/{rel}","templated":true}]}}