{"id":29079,"date":"2022-01-05T17:08:05","date_gmt":"2022-01-05T17:08:05","guid":{"rendered":"http:\/\/historiografija.hr\/?p=29079"},"modified":"2022-01-05T17:08:05","modified_gmt":"2022-01-05T17:08:05","slug":"thomas-piketty-napokon-socijalizam-kolumne-2016-2020","status":"publish","type":"post","link":"https:\/\/historiografija.hr\/?p=29079","title":{"rendered":"Thomas Piketty, \u201cNapokon socijalizam! Kolumne 2016.-2020.\u201d"},"content":{"rendered":"\n<p>Thomas Piketty, poznati francuski znanstvenik, kriti\u010dki analiti\u010dar dru\u0161tveno-politi\u010dkih prilika suvremenog svijeta, posebno sada\u0161njeg stanja kapitalizma, socijalne dr\u017eave i liberalne ideologije, poznat po dvije svoje fundamentalne knjige \u201eKapital u 21. stolje\u0107u\u201c i \u201eKapital i ideologija\u201c, objavio je sada knjigu svojih kolumni, koje je objavljivao posljednjih godina u najutjecajnijem francuskom dnevnom listu \u201eLe Monde\u201c. U tim je kolumnama \u017eestoko na brojnim primjerima kritizirao suvremeni kapitalizam, te se u njima zala\u017ee za promjenu sustava, za socijalizam.<\/p>\n\n\n\n<p>Evo \u0161to on sam o tome ka\u017ee: \u201eRo\u0111en 1971., pripadam generaciji koja nije imala vremena podle\u0107i isku\u0161enju komunizma i odrasla je svjedo\u010de\u0107i potpunom neuspjehu sovjetskog sustava. Poput mnogih i ja sam 1990-ih bio vi\u0161e liberal nego socijalist, ponosan poput pauna na svoja mudra zapa\u017eanja, sumnji\u010dav prema starijima i nostalgi\u010darima svih vrsta, nisam podnosio one koji su unato\u010d svemu odbijali uvidjeti da su tr\u017ei\u0161na ekonomija i privatno vlasni\u0161tvo dio rje\u0161enja. Ali, eto: trideset godina poslije, 2020., hiperkapitalizam je oti\u0161ao predaleko i sada sam uvjeren da je nu\u017eno razmi\u0161ljati o novom prevladavanju kapitalizma, o nekom novom obliku socijalizma, participativnom i decentraliziranom, federativnom i demokratskom, ekolo\u0161kom, feministi\u010dkom i vi\u0161erasnom. Povijest \u0107e prosuditi je li rije\u010d &#8220;socijalizam&#8221; definitivno mrtva i treba li je zamijeniti. Osobno mislim da ju je mogu\u0107e spasiti, \u0161tovi\u0161e, vjerujem da je to i dalje najprikladniji pojam za ozna\u010davanje ideje ekonomskog sustava koji bi bio alternativa kapitalizmu. U svakom slu\u010daju, ne mo\u017eemo se zadovoljiti time da budemo &#8220;protiv&#8221; kapitalizma ili neoliberalizma: moramo ponajprije biti &#8220;za&#8221; ne\u0161to drugo, a to zahtijeva da definiramo idealni ekonomski sustav koji \u017eelimo uspostaviti, pravedno dru\u0161tvo koje imamo na umu, neovisno o imenu koje mu na kraju odlu\u010dimo nadjenuti. Danas je postalo uobi\u010dajeno govoriti da aktualni kapitalisti\u010dki sustav nema budu\u0107nosti, jer odvi\u0161e produbljuje nejednakosti i uni\u0161tava planet. To je to\u010dno, no sve dok nema jasno definirane alternative, pred postoje\u0107im sustavom je dug \u017eivot.\u201c<\/p>\n\n\n\n<hr class=\"wp-block-separator\"\/>\n\n\n\n<p><strong>Thomas Piketty<\/strong><\/p>\n\n\n\n<p>Thomas Piketty francuski je ekonomist koji je profesor ekonomije na \u0160koli za napredne studije dru\u0161tvenih znanosti, izvanredni predsjedavaju\u0107i pari\u0161ke \u0161kole ekonomije i stogodi\u0161nji profesor ekonomije na Me\u0111unarodnom institutu za nejednakosti na Londonskoj ekonomskoj \u0161koli.<\/p>\n\n\n\n<hr class=\"wp-block-separator\"\/>\n\n\n\n<p>Nakladnik: Profil<\/p>\n\n\n\n<p>Jezik: hrvatski<\/p>\n\n\n\n<p>Broj stranica: 281<\/p>\n\n\n\n<p>Godina izdanja: 2021<\/p>\n\n\n\n<p>Prevoditelj: Mirjana Brabec, Vladimira Mirkovi\u0107-Bla\u017eevi\u0107<\/p>\n\n\n\n<hr class=\"wp-block-separator\"\/>\n\n\n\n<p>Izvor:<\/p>\n\n\n\n<p><a href=\"https:\/\/www.ljevak.hr\/publicistika\/27486-napokon-socijalizam.html\">https:\/\/www.ljevak.hr\/publicistika\/27486-napokon-socijalizam.html<\/a><\/p>\n\n\n\n<hr class=\"wp-block-separator\"\/>\n\n\n\n<p>Iz medija:<\/p>\n\n\n\n<p><a href=\"https:\/\/www.jutarnji.hr\/kultura\/knjizevnost\/da-mi-je-1990-netko-rekao-kako-cu-objaviti-knjigu-napokon-socijalizam-mislio-bih-da-je-sala-15113181\">https:\/\/www.jutarnji.hr\/kultura\/knjizevnost\/da-mi-je-1990-netko-rekao-kako-cu-objaviti-knjigu-napokon-socijalizam-mislio-bih-da-je-sala-15113181<\/a><\/p>\n\n\n\n<p><a href=\"https:\/\/www.vecernji.hr\/vijesti\/svjetski-poznati-ekonomist-tvrdi-svijetu-ne-prijeti-trgovinski-nego-socijalni-rat-1541300\">https:\/\/www.vecernji.hr\/vijesti\/svjetski-poznati-ekonomist-tvrdi-svijetu-ne-prijeti-trgovinski-nego-socijalni-rat-1541300<\/a><\/p>\n\n\n\n<hr class=\"wp-block-separator\"\/>\n","protected":false},"excerpt":{"rendered":"","protected":false},"author":2,"featured_media":29080,"comment_status":"open","ping_status":"open","sticky":false,"template":"","format":"standard","meta":{"_acf_changed":false,"jetpack_post_was_ever_published":false,"_jetpack_newsletter_access":"","_jetpack_dont_email_post_to_subs":false,"_jetpack_newsletter_tier_id":0,"_jetpack_memberships_contains_paywalled_content":false,"_jetpack_memberships_contains_paid_content":false,"footnotes":"","jetpack_publicize_message":"","jetpack_publicize_feature_enabled":true,"jetpack_social_post_already_shared":true,"jetpack_social_options":{"image_generator_settings":{"template":"highway","default_image_id":0,"font":"","enabled":false},"version":2}},"categories":[8,3],"tags":[],"class_list":["post-29079","post","type-post","status-publish","format-standard","has-post-thumbnail","hentry","category-knjige","category-novosti"],"acf":{"facebook_opis":""},"jetpack_publicize_connections":[],"jetpack_featured_media_url":"https:\/\/i0.wp.com\/historiografija.hr\/wp-content\/uploads\/2022\/01\/napokon-socijalizam.jpg?fit=570%2C678&ssl=1","jetpack_sharing_enabled":true,"jetpack-related-posts":[],"_links":{"self":[{"href":"https:\/\/historiografija.hr\/index.php?rest_route=\/wp\/v2\/posts\/29079","targetHints":{"allow":["GET"]}}],"collection":[{"href":"https:\/\/historiografija.hr\/index.php?rest_route=\/wp\/v2\/posts"}],"about":[{"href":"https:\/\/historiografija.hr\/index.php?rest_route=\/wp\/v2\/types\/post"}],"author":[{"embeddable":true,"href":"https:\/\/historiografija.hr\/index.php?rest_route=\/wp\/v2\/users\/2"}],"replies":[{"embeddable":true,"href":"https:\/\/historiografija.hr\/index.php?rest_route=%2Fwp%2Fv2%2Fcomments&post=29079"}],"version-history":[{"count":1,"href":"https:\/\/historiografija.hr\/index.php?rest_route=\/wp\/v2\/posts\/29079\/revisions"}],"predecessor-version":[{"id":29081,"href":"https:\/\/historiografija.hr\/index.php?rest_route=\/wp\/v2\/posts\/29079\/revisions\/29081"}],"wp:featuredmedia":[{"embeddable":true,"href":"https:\/\/historiografija.hr\/index.php?rest_route=\/wp\/v2\/media\/29080"}],"wp:attachment":[{"href":"https:\/\/historiografija.hr\/index.php?rest_route=%2Fwp%2Fv2%2Fmedia&parent=29079"}],"wp:term":[{"taxonomy":"category","embeddable":true,"href":"https:\/\/historiografija.hr\/index.php?rest_route=%2Fwp%2Fv2%2Fcategories&post=29079"},{"taxonomy":"post_tag","embeddable":true,"href":"https:\/\/historiografija.hr\/index.php?rest_route=%2Fwp%2Fv2%2Ftags&post=29079"}],"curies":[{"name":"wp","href":"https:\/\/api.w.org\/{rel}","templated":true}]}}