{"id":29074,"date":"2022-01-05T17:01:56","date_gmt":"2022-01-05T17:01:56","guid":{"rendered":"http:\/\/historiografija.hr\/?p=29074"},"modified":"2022-01-05T17:01:56","modified_gmt":"2022-01-05T17:01:56","slug":"goran-fercec-o-zivotu-radnice-krajem-dvadesetog-stoljeca","status":"publish","type":"post","link":"https:\/\/historiografija.hr\/?p=29074","title":{"rendered":"Goran Fer\u010dec, \u201cO \u017eivotu radnice krajem dvadesetog stolje\u0107a\u201d"},"content":{"rendered":"\n<p>Devetnaest godina vrijeme je u koje stane \u017eivot; godine nade, progresa, vjere u bolju budu\u0107nost, stvaranja obitelji i karijere. Junakinju romana pratimo od njezina odlaska iz maloga sela u neimenovani panonski gradi\u0107 u kojem \u0107e stvarati svoj \u017eivot, \u017eivot radnice u du\u0107anu mje\u0161ovitom robom. Od 1973. do 1991. svako poglavlje romana obilje\u017eeno je nekim klju\u010dnim doga\u0111ajem; ro\u0111enjem, smrti, izgradnjom vlastitog doma, odlaskom na odmor, \u0161trajkom radnika. Od kotrljanja velike povijesti do va\u017enih intimnih sje\u0107anja, pripovjeda\u010dki je okvir unutar kojeg se ocrtava jedan \u017eivot pun gubitaka, ali i malih sre\u0107a, \u017eivot radnice kao amblematski primjer \u017eivota radnika diljem Europe druge polovine dvadesetog stolje\u0107a. \u017divot u kojem se rasta\u010du ideali i u kojem jednako tako nestaje ne samo jedan sistem, jedna dr\u017eava, ve\u0107 i cijela jedna klasa.<br>Goran Fer\u010dec u svome maestralnom romanu <em>O \u017eivotu radnice krajem dvadesetog stolje\u0107a<\/em> stilom tihog i preciznog promatra\u010da ispisuje sve na\u0161e intimne povijesti, otvara prostor \u017eivotima na\u0161ih majki i o\u010deva koji su se budili ozarena pogleda i odlazili na posao vjeruju\u0107i da grade bolji svijet, ali i njihovu razo\u010daranju vlastitim \u017eivotima i sistemom. <em>O \u017eivotu radnice krajem dvadesetog stolje\u0107a<\/em> veli\u010danstvena je posveta minuloj epohi u kojoj je svaki \u010dovjek, svaka radnica i radnik, mogao sanjati i \u017eivjeti ravnopravnost, u kojoj su se majke nadale da svojoj djeci \u0161irom otvaraju vrata bolje budu\u0107nosti.<\/p>\n\n\n\n<hr class=\"wp-block-separator\"\/>\n\n\n\n<p>Izvor i dodatne informacije:<\/p>\n\n\n\n<p><a href=\"https:\/\/fraktura.hr\/o-zivotu-radnice-krajem-dvadesetog-stoljeca.html\">https:\/\/fraktura.hr\/o-zivotu-radnice-krajem-dvadesetog-stoljeca.html<\/a><\/p>\n\n\n\n<hr class=\"wp-block-separator\"\/>\n","protected":false},"excerpt":{"rendered":"","protected":false},"author":2,"featured_media":29075,"comment_status":"open","ping_status":"open","sticky":false,"template":"","format":"standard","meta":{"_acf_changed":false,"jetpack_post_was_ever_published":false,"_jetpack_newsletter_access":"","_jetpack_dont_email_post_to_subs":false,"_jetpack_newsletter_tier_id":0,"_jetpack_memberships_contains_paywalled_content":false,"_jetpack_memberships_contains_paid_content":false,"footnotes":"","jetpack_publicize_message":"","jetpack_publicize_feature_enabled":true,"jetpack_social_post_already_shared":true,"jetpack_social_options":{"image_generator_settings":{"template":"highway","default_image_id":0,"font":"","enabled":false},"version":2}},"categories":[3,12],"tags":[],"class_list":["post-29074","post","type-post","status-publish","format-standard","has-post-thumbnail","hentry","category-novosti","category-knjizevnost"],"acf":{"facebook_opis":""},"jetpack_publicize_connections":[],"jetpack_featured_media_url":"https:\/\/i0.wp.com\/historiografija.hr\/wp-content\/uploads\/2022\/01\/o_zivotu_radnice.jpg?fit=408%2C610&ssl=1","jetpack_sharing_enabled":true,"jetpack-related-posts":[],"_links":{"self":[{"href":"https:\/\/historiografija.hr\/index.php?rest_route=\/wp\/v2\/posts\/29074","targetHints":{"allow":["GET"]}}],"collection":[{"href":"https:\/\/historiografija.hr\/index.php?rest_route=\/wp\/v2\/posts"}],"about":[{"href":"https:\/\/historiografija.hr\/index.php?rest_route=\/wp\/v2\/types\/post"}],"author":[{"embeddable":true,"href":"https:\/\/historiografija.hr\/index.php?rest_route=\/wp\/v2\/users\/2"}],"replies":[{"embeddable":true,"href":"https:\/\/historiografija.hr\/index.php?rest_route=%2Fwp%2Fv2%2Fcomments&post=29074"}],"version-history":[{"count":1,"href":"https:\/\/historiografija.hr\/index.php?rest_route=\/wp\/v2\/posts\/29074\/revisions"}],"predecessor-version":[{"id":29076,"href":"https:\/\/historiografija.hr\/index.php?rest_route=\/wp\/v2\/posts\/29074\/revisions\/29076"}],"wp:featuredmedia":[{"embeddable":true,"href":"https:\/\/historiografija.hr\/index.php?rest_route=\/wp\/v2\/media\/29075"}],"wp:attachment":[{"href":"https:\/\/historiografija.hr\/index.php?rest_route=%2Fwp%2Fv2%2Fmedia&parent=29074"}],"wp:term":[{"taxonomy":"category","embeddable":true,"href":"https:\/\/historiografija.hr\/index.php?rest_route=%2Fwp%2Fv2%2Fcategories&post=29074"},{"taxonomy":"post_tag","embeddable":true,"href":"https:\/\/historiografija.hr\/index.php?rest_route=%2Fwp%2Fv2%2Ftags&post=29074"}],"curies":[{"name":"wp","href":"https:\/\/api.w.org\/{rel}","templated":true}]}}