{"id":2907,"date":"2017-02-07T23:00:05","date_gmt":"2017-02-07T23:00:05","guid":{"rendered":"http:\/\/historiografija.hr\/?p=2907"},"modified":"2017-02-07T23:00:05","modified_gmt":"2017-02-07T23:00:05","slug":"hrt-prikazuje-apokalipsa-prvi-svjetski-rat","status":"publish","type":"post","link":"https:\/\/historiografija.hr\/?p=2907","title":{"rendered":"HRT prikazuje \u2013 Apokalipsa: Prvi svjetski rat"},"content":{"rendered":"<style> <!--  \/* Font Definitions *\/  @font-face \t{font-family:Calibri; \tpanose-1:2 15 5 2 2 2 4 3 2 4; \tmso-font-charset:238; \tmso-generic-font-family:swiss; \tmso-font-pitch:variable; \tmso-font-signature:-1610611985 1073750139 0 0 159 0;}  \/* Style Definitions *\/  p.MsoNormal, li.MsoNormal, div.MsoNormal \t{mso-style-unhide:no; \tmso-style-qformat:yes; \tmso-style-parent:\"\"; \tmargin-top:0cm; \tmargin-right:0cm; \tmargin-bottom:10.0pt; \tmargin-left:0cm; \tline-height:115%; \tmso-pagination:widow-orphan; \tfont-size:11.0pt; \tfont-family:\"Calibri\",\"sans-serif\"; \tmso-ascii-font-family:Calibri; \tmso-ascii-theme-font:minor-latin; \tmso-fareast-font-family:Calibri; \tmso-fareast-theme-font:minor-latin; \tmso-hansi-font-family:Calibri; \tmso-hansi-theme-font:minor-latin; \tmso-bidi-font-family:\"Times New Roman\"; \tmso-bidi-theme-font:minor-bidi; \tmso-ansi-language:EN-GB; \tmso-fareast-language:EN-US;} .MsoChpDefault \t{mso-style-type:export-only; \tmso-default-props:yes; \tmso-ascii-font-family:Calibri; \tmso-ascii-theme-font:minor-latin; \tmso-fareast-font-family:Calibri; \tmso-fareast-theme-font:minor-latin; \tmso-hansi-font-family:Calibri; \tmso-hansi-theme-font:minor-latin; \tmso-bidi-font-family:\"Times New Roman\"; \tmso-bidi-theme-font:minor-bidi; \tmso-ansi-language:EN-GB; \tmso-fareast-language:EN-US;} .MsoPapDefault \t{mso-style-type:export-only; \tmargin-bottom:10.0pt; \tline-height:115%;} @page Section1 \t{size:612.0pt 792.0pt; \tmargin:70.85pt 70.85pt 70.85pt 70.85pt; \tmso-header-margin:36.0pt; \tmso-footer-margin:36.0pt; \tmso-paper-source:0;} div.Section1 \t{page:Section1;} --> <\/style>\n<p class=\"MsoNormal\" align=\"justify\"><b><span style=\"font-size:9.0pt;line-height:115%; font-family:&quot;Times New Roman&quot;,&quot;serif&quot;;mso-fareast-font-family:&quot;Times New Roman&quot;; color:#111111;mso-fareast-language:EN-GB\" lang=\"EN-GB\">Apokalipsa: Prvi svjetski rat<\/span><\/b><\/p>\n<p class=\"MsoNormal\" align=\"justify\"><b><span style=\"font-size:9.0pt;line-height:115%; font-family:&quot;Times New Roman&quot;,&quot;serif&quot;;mso-fareast-font-family:&quot;Times New Roman&quot;; color:#111111;mso-fareast-language:EN-GB\" lang=\"EN-GB\">&nbsp;<\/span><\/b><\/p>\n<p class=\"MsoNormal\" style=\"mso-margin-top-alt:auto;mso-margin-bottom-alt:auto; line-height:15.6pt\" align=\"justify\"><b><span style=\"font-size:9.0pt;font-family: &quot;Times New Roman&quot;,&quot;serif&quot;;mso-fareast-font-family:&quot;Times New Roman&quot;;color:#111111; mso-fareast-language:EN-GB\" lang=\"EN-GB\">8. velja\u010de na HRT2 u 20 sati &#8211; dokumentarna serija APOCALYPSE WWI<\/span><\/b><\/p>\n<p class=\"MsoNormal\" style=\"mso-margin-top-alt:auto;mso-margin-bottom-alt:auto; line-height:15.6pt\" align=\"justify\"><b><span style=\"font-size:9.0pt;font-family: &quot;Times New Roman&quot;,&quot;serif&quot;;mso-fareast-font-family:&quot;Times New Roman&quot;;color:#111111; mso-fareast-language:EN-GB\" lang=\"EN-GB\"><br \/> <\/span><\/b><span style=\"font-size:9.0pt;font-family:&quot;Times New Roman&quot;,&quot;serif&quot;; mso-fareast-font-family:&quot;Times New Roman&quot;;color:#111111;mso-fareast-language: EN-GB\" lang=\"EN-GB\"><br \/> <b><i>Apokalipsa &#8211; Prvi svjetski<\/i> rat serija je Isabelle Clarke i Daniela Costellea, autora povijesno-dokumentarne serije <i>Apokalipsa &#8211; Drugi svjetski rat<\/i>, koja je emitirana u vi\u0161e od 165 zemalja, te serije <i>Apocalypse Hitler<\/i>, koju su <i>History Makers<\/i> nagradili priznanjem za Najbolju arhivsku dokumentarnu seriju (New York, 2012.)<\/b><\/span><\/p>\n<p class=\"MsoNormal\" style=\"mso-margin-top-alt:auto;mso-margin-bottom-alt:auto; line-height:15.6pt\" align=\"justify\"><b><span style=\"font-size:9.0pt;font-family: &quot;Times New Roman&quot;,&quot;serif&quot;;mso-fareast-font-family:&quot;Times New Roman&quot;;color:#111111; mso-fareast-language:EN-GB\" lang=\"EN-GB\"><br \/> <\/span><\/b><span style=\"font-size:9.0pt;font-family:&quot;Times New Roman&quot;,&quot;serif&quot;; mso-fareast-font-family:&quot;Times New Roman&quot;;color:#111111;mso-fareast-language: EN-GB\" lang=\"EN-GB\"><br \/> Je li se \u017ertva cijelog jednog nara\u0161taja mogla izbje\u0107i? Kako je uop\u0107e do\u0161lo do tako okrutnog sukoba dalekose\u017enih posljedica? Kako su mu\u0161karci i \u017eene uspjeli izdr\u017eati tu \u010detverogodi\u0161nju torturu? Serija strate\u0161ki i globalno poku\u0161ava odgovoriti na ta klju\u010dna pitanja, te na osje\u0107ajan i intiman na\u010din poku\u0161ava pristupiti tada\u0161njim zbivanjima na ljudskoj razini.<\/span><\/p>\n<p class=\"MsoNormal\" style=\"mso-margin-top-alt:auto;mso-margin-bottom-alt:auto; line-height:15.6pt\" align=\"justify\"><span style=\"font-size:9.0pt;font-family:&quot;Times New Roman&quot;,&quot;serif&quot;; mso-fareast-font-family:&quot;Times New Roman&quot;;color:#111111;mso-fareast-language: EN-GB\" lang=\"EN-GB\"><\/p>\n<p> Serija je nastala zahvaljuju\u0107i 500 sati arhivskoga materijala, pri \u010demu mnoge snimke nikada prije nisu prikazane te su sada potpuno obojene. Pri\u010da nas vodi na boji\u0161ta, u umove ljudi koji vladaju te u srce svakodnevnog \u017eivota civila iza neprijateljskih crta, i to zahvaljuju\u0107i amaterskim snimkama koje su u ono doba bile veoma rijetke. Iz rovova sjeverne Francuske preselit \u0107emo se na manje poznata boji\u0161ta Rusije, Srbije, Turske, Palestine i arapskih pustinja na kojima su poginuli milijuni vojnika s pet kontinenata ili su pak pretrpjeli te\u0161ke ozljede, kako tijela, tako i du\u0161e.<\/span><\/p>\n<p class=\"MsoNormal\" style=\"mso-margin-top-alt:auto;mso-margin-bottom-alt:auto; line-height:15.6pt\" align=\"justify\"><span style=\"font-size:9.0pt;font-family:&quot;Times New Roman&quot;,&quot;serif&quot;; mso-fareast-font-family:&quot;Times New Roman&quot;;color:#111111;mso-fareast-language: EN-GB\" lang=\"EN-GB\"><\/p>\n<p> <b>1. epizoda: Ludilo<\/b><\/span><\/p>\n<p class=\"MsoNormal\" style=\"mso-margin-top-alt:auto;mso-margin-bottom-alt:auto; line-height:15.6pt\" align=\"justify\"><b><span style=\"font-size:9.0pt;font-family: &quot;Times New Roman&quot;,&quot;serif&quot;;mso-fareast-font-family:&quot;Times New Roman&quot;;color:#111111; mso-fareast-language:EN-GB\" lang=\"EN-GB\"><br \/> <\/span><\/b><span style=\"font-size:9.0pt;font-family:&quot;Times New Roman&quot;,&quot;serif&quot;; mso-fareast-font-family:&quot;Times New Roman&quot;;color:#111111;mso-fareast-language: EN-GB\" lang=\"EN-GB\">Dana 11. studenog 1918. Jedanaest sati ujutro. Iznenada je zavladala ti\u0161ina. Kanadski vojnik George L. Price poginuo je prije samo nekoliko trenutaka. Jedna je od posljednjih \u017ertava nezamislivog pokolja u kojemu je poginulo gotovo 10 milijuna vojnika, 9 milijuna civila, a ranjenih je ukupno 21 milijun.<\/span><\/p>\n<p class=\"MsoNormal\" style=\"mso-margin-top-alt:auto;mso-margin-bottom-alt:auto; line-height:15.6pt\" align=\"justify\"><span style=\"font-size:9.0pt;font-family:&quot;Times New Roman&quot;,&quot;serif&quot;; mso-fareast-font-family:&quot;Times New Roman&quot;;color:#111111;mso-fareast-language: EN-GB\" lang=\"EN-GB\"><\/p>\n<p> Kako je do\u0161lo do toga? Koji su korijeni ludila koje je \u010detiri godine vladalo svijetom, koje je uni\u0161tilo \u010ditave zemlje i sru\u0161ilo nekoliko carstava? Europa se 1914. jo\u0161 zabavljala u ritmu belle \u00e9poquea. No 28. lipnja 1914. u Sarajevu je mladi bosanski nacionalist ubio Franju Ferdinanda, nasljednika austrougarskog prijestolja.<br style=\"mso-special-character:line-break\"> <br style=\"mso-special-character:line-break\"> <\/span><\/p>\n<p class=\"MsoNormal\" style=\"mso-margin-top-alt:auto;mso-margin-bottom-alt:auto; line-height:15.6pt\" align=\"justify\"><span style=\"font-size:9.0pt;font-family:&quot;Times New Roman&quot;,&quot;serif&quot;; mso-fareast-font-family:&quot;Times New Roman&quot;;color:#111111;mso-fareast-language: EN-GB\" lang=\"EN-GB\"><br \/> Ovaj naizgled bezna\u010dajan doga\u0111aj rasplamsat \u0107e stare domoljubne zavade europskih monarhija. Industrijalci se zala\u017eu za oru\u017eani sukob na koji gledaju kao na priliku da osujete ja\u010danje radni\u010dke klase. Nekoliko tjedana poslije Austro-Ugarska Monarhija objavila je rat Srbiji, \u0161to je ostale nacije potaknulo da odaberu stranu.<\/span><\/p>\n<p class=\"MsoNormal\" style=\"mso-margin-top-alt:auto;mso-margin-bottom-alt:auto; line-height:15.6pt\" align=\"justify\"><span style=\"font-size:9.0pt;font-family:&quot;Times New Roman&quot;,&quot;serif&quot;; mso-fareast-font-family:&quot;Times New Roman&quot;;color:#111111;mso-fareast-language: EN-GB\" lang=\"EN-GB\"><br \/> Vojnici u rat odlaze laka srca, \u0161to je odraz kolektivnog manjka svijesti ljudi koji vjeruju da \u0107e rat biti kratak i trijumfalan. <\/span><span style=\"font-size:9.0pt;font-family:&quot;Times New Roman&quot;,&quot;serif&quot;;mso-fareast-font-family: &quot;Times New Roman&quot;;color:#111111;mso-ansi-language:FR;mso-fareast-language:EN-GB\" lang=\"FR\">U listopadu 1914. njema\u010dka vojska pribli\u017eava se Parizu. \u010cini se da je pobjeda nadomak ruke, a ratni entuzijazam pretvara se u strah.<\/p>\n<p> <\/span><b><span style=\"font-size:9.0pt;font-family:&quot;Times New Roman&quot;,&quot;serif&quot;; mso-fareast-font-family:&quot;Times New Roman&quot;;color:#111111;mso-fareast-language: EN-GB\" lang=\"EN-GB\">Odabrao: \u0110elo Had\u017eiselimovi\u0107<\/span><\/b><span style=\"font-size:9.0pt;font-family:&quot;Times New Roman&quot;,&quot;serif&quot;;mso-fareast-font-family: &quot;Times New Roman&quot;;color:#111111;mso-fareast-language:EN-GB\" lang=\"EN-GB\"><\/span><\/p>\n<p class=\"MsoNormal\" align=\"justify\"><span lang=\"EN-GB\">&nbsp;<\/span><\/p>\n<p class=\"MsoNormal\" align=\"justify\"><span lang=\"EN-GB\">Izvor: http:\/\/hrtprikazuje.hrt.hr\/308645\/apokalipsa-prvi-svjetski-rat<\/span><\/p>\n<p class=\"MsoNormal\" align=\"justify\"><span lang=\"EN-GB\"><br \/><\/span><\/p>\n<p class=\"MsoNormal\"><span lang=\"EN-GB\"><br \/><\/span><\/p>\n","protected":false},"excerpt":{"rendered":"","protected":false},"author":1,"featured_media":0,"comment_status":"open","ping_status":"open","sticky":false,"template":"","format":"standard","meta":{"_acf_changed":false,"jetpack_post_was_ever_published":false,"_jetpack_newsletter_access":"","_jetpack_dont_email_post_to_subs":false,"_jetpack_newsletter_tier_id":0,"_jetpack_memberships_contains_paywalled_content":false,"_jetpack_memberships_contains_paid_content":false,"footnotes":"","jetpack_publicize_message":"","jetpack_publicize_feature_enabled":true,"jetpack_social_post_already_shared":false,"jetpack_social_options":{"image_generator_settings":{"template":"highway","default_image_id":0,"font":"","enabled":false},"version":2}},"categories":[3],"tags":[],"class_list":["post-2907","post","type-post","status-publish","format-standard","hentry","category-novosti"],"acf":{"facebook_opis":""},"jetpack_publicize_connections":[],"jetpack_featured_media_url":"","jetpack_sharing_enabled":true,"jetpack-related-posts":[{"id":52552,"url":"https:\/\/historiografija.hr\/?p=52552","url_meta":{"origin":2907,"position":0},"title":"Besplatni glazbeni antikvarijat","author":"Branimir Jankovi\u0107","date":"20. travnja 2026.","format":false,"excerpt":"Muzi\u010dka akademija Sveu\u010dili\u0161ta u Zagrebu 23. travnja 2026. od 10 do 17 sati Pozivamo Vas na Besplatni glazbeni antikvarijat, koji u sklopu manifestacije No\u0107 knjige 2026. organizira Hrvatska udruga muzi\u010dkih knji\u017enica, arhiva i dokumentacijskih centara (HUMKAD). Antikvarijat \u0107e se odr\u017eati na Svjetski dan knjige \u2013 u \u010detvrtak 23. travnja 2026.\u2026","rel":"","context":"U &quot;Novosti&quot;","block_context":{"text":"Novosti","link":"https:\/\/historiografija.hr\/?cat=3"},"img":{"alt_text":"","src":"https:\/\/i0.wp.com\/historiografija.hr\/wp-content\/uploads\/2026\/04\/Besplatni-glazbeni-antikvarijat-23.-4.-2026.jpg?fit=1200%2C848&ssl=1&resize=350%2C200","width":350,"height":200,"srcset":"https:\/\/i0.wp.com\/historiografija.hr\/wp-content\/uploads\/2026\/04\/Besplatni-glazbeni-antikvarijat-23.-4.-2026.jpg?fit=1200%2C848&ssl=1&resize=350%2C200 1x, https:\/\/i0.wp.com\/historiografija.hr\/wp-content\/uploads\/2026\/04\/Besplatni-glazbeni-antikvarijat-23.-4.-2026.jpg?fit=1200%2C848&ssl=1&resize=525%2C300 1.5x, https:\/\/i0.wp.com\/historiografija.hr\/wp-content\/uploads\/2026\/04\/Besplatni-glazbeni-antikvarijat-23.-4.-2026.jpg?fit=1200%2C848&ssl=1&resize=700%2C400 2x, https:\/\/i0.wp.com\/historiografija.hr\/wp-content\/uploads\/2026\/04\/Besplatni-glazbeni-antikvarijat-23.-4.-2026.jpg?fit=1200%2C848&ssl=1&resize=1050%2C600 3x"},"classes":[]},{"id":52660,"url":"https:\/\/historiografija.hr\/?p=52660","url_meta":{"origin":2907,"position":1},"title":"Medijski odjeci \u010dlanka Steve \u0110ura\u0161kovi\u0107a \u201e\u017dupanovljeva ne\u017eeljena djeca: ideolo\u0161ko pribli\u017eavanje neoliberala i kr\u0161\u0107anske radikalne desnice u Hrvatskoj\u201c","author":"Branimir Jankovi\u0107","date":"24. travnja 2026.","format":false,"excerpt":"U sklopu projekta \u201eIzazovi intelektualne povijesti: recepcije, preobrazbe i upotrebe politi\u010dkih ideja\u201c objavljen je polemi\u010dki \u010dlanak Steve \u0110ura\u0161kovi\u0107a \u201e\u017dupanovljeva ne\u017eeljena djeca: ideolo\u0161ko pribli\u017eavanje neoliberala i kr\u0161\u0107anske radikalne desnice u Hrvatskoj\u201c, koji je izazvao odre\u0111ene medijske reakcije. Stevo \u0110ura\u0161kovi\u0107 \u017dupanovljeva ne\u017eeljena djeca: ideolo\u0161ko pribli\u017eavanje neoliberala i kr\u0161\u0107anske radikalne desnice u Hrvatskoj\u2026","rel":"","context":"U &quot;Novosti&quot;","block_context":{"text":"Novosti","link":"https:\/\/historiografija.hr\/?cat=3"},"img":{"alt_text":"","src":"https:\/\/i0.wp.com\/historiografija.hr\/wp-content\/uploads\/2026\/04\/SD.png?fit=809%2C821&ssl=1&resize=350%2C200","width":350,"height":200,"srcset":"https:\/\/i0.wp.com\/historiografija.hr\/wp-content\/uploads\/2026\/04\/SD.png?fit=809%2C821&ssl=1&resize=350%2C200 1x, https:\/\/i0.wp.com\/historiografija.hr\/wp-content\/uploads\/2026\/04\/SD.png?fit=809%2C821&ssl=1&resize=525%2C300 1.5x, https:\/\/i0.wp.com\/historiografija.hr\/wp-content\/uploads\/2026\/04\/SD.png?fit=809%2C821&ssl=1&resize=700%2C400 2x"},"classes":[]},{"id":52633,"url":"https:\/\/historiografija.hr\/?p=52633","url_meta":{"origin":2907,"position":2},"title":"POVIJEST TRE\u0160NJEVA\u010cKE GLAZBE: prikupljanje virtualnog fundusa Muzeja susjedstva Tre\u0161njevka","author":"Branimir Jankovi\u0107","date":"23. travnja 2026.","format":false,"excerpt":"utorak 28. 4. 2026. 14 - 18 h Nova BAZA, Nova cesta 66, Zagreb Prvi su dani ljeta 1957. godine. Bo\u017eica Kalafati\u0107 poha\u0111a drugi razred Osnovne \u0161kole Bratstvo i jedinstvo, danas kralja Tomislava, a ide i na muzi\u010dke satove u Mo\u0161\u0107eni\u010dkoj ulici. Na fotografiji s harmonikom u rukama stoji u\u2026","rel":"","context":"U &quot;Novosti&quot;","block_context":{"text":"Novosti","link":"https:\/\/historiografija.hr\/?cat=3"},"img":{"alt_text":"","src":"https:\/\/i0.wp.com\/historiografija.hr\/wp-content\/uploads\/2026\/04\/MST_prikupljanje.jpg?fit=380%2C475&ssl=1&resize=350%2C200","width":350,"height":200},"classes":[]},{"id":52439,"url":"https:\/\/historiografija.hr\/?p=52439","url_meta":{"origin":2907,"position":3},"title":"Tribina &#8220;Ahmi\u0107i 33 godine kasnije: Ne u na\u0161e ime&#8221;","author":"Branimir Jankovi\u0107","date":"16. travnja 2026.","format":false,"excerpt":"U \u010detvrtak, 16. travnja 2026. u 17 sati u Knji\u017enici i \u010ditaonici Bogdana Ogrizovi\u0107a u Zagrebu odr\u017eat \u0107e se tribina pod nazivom Ahmi\u0107i 33 godine kasnije: Ne u na\u0161e ime. Na tribini \u0107e govoriti Ivica \u0110iki\u0107, novinar, Mubera Masli\u0107 \u2013 \u017ddralovi\u0107, aktivistikinja, prevoditeljica za arapski, Domagoj Fuk, student politologije, \u010dlan\u2026","rel":"","context":"U &quot;Novosti&quot;","block_context":{"text":"Novosti","link":"https:\/\/historiografija.hr\/?cat=3"},"img":{"alt_text":"","src":"https:\/\/i0.wp.com\/historiografija.hr\/wp-content\/uploads\/2026\/04\/Zagreb_2026.jpeg?fit=1200%2C900&ssl=1&resize=350%2C200","width":350,"height":200,"srcset":"https:\/\/i0.wp.com\/historiografija.hr\/wp-content\/uploads\/2026\/04\/Zagreb_2026.jpeg?fit=1200%2C900&ssl=1&resize=350%2C200 1x, https:\/\/i0.wp.com\/historiografija.hr\/wp-content\/uploads\/2026\/04\/Zagreb_2026.jpeg?fit=1200%2C900&ssl=1&resize=525%2C300 1.5x, https:\/\/i0.wp.com\/historiografija.hr\/wp-content\/uploads\/2026\/04\/Zagreb_2026.jpeg?fit=1200%2C900&ssl=1&resize=700%2C400 2x, https:\/\/i0.wp.com\/historiografija.hr\/wp-content\/uploads\/2026\/04\/Zagreb_2026.jpeg?fit=1200%2C900&ssl=1&resize=1050%2C600 3x"},"classes":[]},{"id":52563,"url":"https:\/\/historiografija.hr\/?p=52563","url_meta":{"origin":2907,"position":4},"title":"Predavanje Nenada Fabijani\u0107a o stadionu Poljud u Splitu","author":"Branimir Jankovi\u0107","date":"21. travnja 2026.","format":false,"excerpt":"Znanstveno vije\u0107e za arhitekturu, urbanizam i ure\u0111enje prostora Hrvatske akademije znanosti i umjetnosti organizira predavanje \u201cPo Poljudu\u201d koje \u0107e u srijedu 22. travnja 2026. s po\u010detkom u 14 sati u Knji\u017enici HAZU, Strossmayerov trg 14 u Zagrebu, odr\u017eati\u00a0prof. emerit. dr. art. Nenad Fabijani\u0107,\u00a0\u010dlan suradnik HAZU. Predavanje \u201ePo Poljudu\u201c (Projekt obnove)\u2026","rel":"","context":"U &quot;Novosti&quot;","block_context":{"text":"Novosti","link":"https:\/\/historiografija.hr\/?cat=3"},"img":{"alt_text":"","src":"https:\/\/i0.wp.com\/historiografija.hr\/wp-content\/uploads\/2026\/04\/Poljud-scaled.jpeg?fit=1200%2C800&ssl=1&resize=350%2C200","width":350,"height":200,"srcset":"https:\/\/i0.wp.com\/historiografija.hr\/wp-content\/uploads\/2026\/04\/Poljud-scaled.jpeg?fit=1200%2C800&ssl=1&resize=350%2C200 1x, https:\/\/i0.wp.com\/historiografija.hr\/wp-content\/uploads\/2026\/04\/Poljud-scaled.jpeg?fit=1200%2C800&ssl=1&resize=525%2C300 1.5x, https:\/\/i0.wp.com\/historiografija.hr\/wp-content\/uploads\/2026\/04\/Poljud-scaled.jpeg?fit=1200%2C800&ssl=1&resize=700%2C400 2x, https:\/\/i0.wp.com\/historiografija.hr\/wp-content\/uploads\/2026\/04\/Poljud-scaled.jpeg?fit=1200%2C800&ssl=1&resize=1050%2C600 3x"},"classes":[]},{"id":52528,"url":"https:\/\/historiografija.hr\/?p=52528","url_meta":{"origin":2907,"position":5},"title":"[Promocija knjige] Banja Luka u ratu: Etnopolitika i svakodnevica (1990\u20131995) (ActiveLab, YugoLab)","author":"Branimir Jankovi\u0107","date":"17. travnja 2026.","format":false,"excerpt":"Institut za filozofiju i dru\u0161tvenu teoriju i O\u0161tra Nula organizuju promociju knjige Banja Luka u ratu: Etnopolitika i svakodnevica (1990\u20131995) autorke Armine Galija\u0161, koja \u0107e se odr\u017eati 20. aprila 2026. u 12.00 sati u prostorijama Instituta (Kraljice Natalije 45, Beograd). Re\u010d je o prvom nau\u010dno utemeljenom i sistematskom radu koji\u2026","rel":"","context":"U &quot;Novosti&quot;","block_context":{"text":"Novosti","link":"https:\/\/historiografija.hr\/?cat=3"},"img":{"alt_text":"","src":"https:\/\/i0.wp.com\/historiografija.hr\/wp-content\/uploads\/2026\/04\/20-april-RS.jpg?fit=1200%2C675&ssl=1&resize=350%2C200","width":350,"height":200,"srcset":"https:\/\/i0.wp.com\/historiografija.hr\/wp-content\/uploads\/2026\/04\/20-april-RS.jpg?fit=1200%2C675&ssl=1&resize=350%2C200 1x, https:\/\/i0.wp.com\/historiografija.hr\/wp-content\/uploads\/2026\/04\/20-april-RS.jpg?fit=1200%2C675&ssl=1&resize=525%2C300 1.5x, https:\/\/i0.wp.com\/historiografija.hr\/wp-content\/uploads\/2026\/04\/20-april-RS.jpg?fit=1200%2C675&ssl=1&resize=700%2C400 2x, https:\/\/i0.wp.com\/historiografija.hr\/wp-content\/uploads\/2026\/04\/20-april-RS.jpg?fit=1200%2C675&ssl=1&resize=1050%2C600 3x"},"classes":[]}],"_links":{"self":[{"href":"https:\/\/historiografija.hr\/index.php?rest_route=\/wp\/v2\/posts\/2907","targetHints":{"allow":["GET"]}}],"collection":[{"href":"https:\/\/historiografija.hr\/index.php?rest_route=\/wp\/v2\/posts"}],"about":[{"href":"https:\/\/historiografija.hr\/index.php?rest_route=\/wp\/v2\/types\/post"}],"author":[{"embeddable":true,"href":"https:\/\/historiografija.hr\/index.php?rest_route=\/wp\/v2\/users\/1"}],"replies":[{"embeddable":true,"href":"https:\/\/historiografija.hr\/index.php?rest_route=%2Fwp%2Fv2%2Fcomments&post=2907"}],"version-history":[{"count":0,"href":"https:\/\/historiografija.hr\/index.php?rest_route=\/wp\/v2\/posts\/2907\/revisions"}],"wp:attachment":[{"href":"https:\/\/historiografija.hr\/index.php?rest_route=%2Fwp%2Fv2%2Fmedia&parent=2907"}],"wp:term":[{"taxonomy":"category","embeddable":true,"href":"https:\/\/historiografija.hr\/index.php?rest_route=%2Fwp%2Fv2%2Fcategories&post=2907"},{"taxonomy":"post_tag","embeddable":true,"href":"https:\/\/historiografija.hr\/index.php?rest_route=%2Fwp%2Fv2%2Ftags&post=2907"}],"curies":[{"name":"wp","href":"https:\/\/api.w.org\/{rel}","templated":true}]}}