{"id":29048,"date":"2022-01-03T12:08:21","date_gmt":"2022-01-03T12:08:21","guid":{"rendered":"http:\/\/historiografija.hr\/?p=29048"},"modified":"2022-01-03T12:08:21","modified_gmt":"2022-01-03T12:08:21","slug":"izlozba-vojarna-marsal-tito-u-zagrebu-1991","status":"publish","type":"post","link":"https:\/\/historiografija.hr\/?p=29048","title":{"rendered":"Izlo\u017eba \u201cVojarna \u201eMar\u0161al Tito\u201c u Zagrebu 1991.\u201d"},"content":{"rendered":"\n<p><a href=\"http:\/\/www.mgz.hr\/hr\/zbirke\/memorijalni-centar-raketiranja-zagreba-1991_1995,101.html\">u Memorijalnom centru raketiranja Zagreba 1991.\/1995.<\/a><br>Petri\u0107eva 4, Zagreb<\/p>\n\n\n\n<p><strong>Organizator:<\/strong> Muzej grada Zagreba<br><strong>Autor: <\/strong>Juraj Sekula, kustos<br><strong>Oblikovanje izlo\u017ebe i obrada fotografija: <\/strong>Miljenko Gregl<br><strong>Trajanje izlo\u017ebe: <\/strong>21. prosinca 2021. &#8211; 2. svibnja 2022.<br><strong>Radno vrijeme: <\/strong>utorkom, \u010detvrtkom i subotom, od 10 do 18 sati<\/p>\n\n\n\n<p>Godina 1991. jedna je od presudnih, godina razdjelnica, referentna to\u010dka suvremenoga hrvatskog dru\u0161tva. Obilje\u017eena je dugotrajnim pregovorima \u0161est republika Socijalisti\u010dke Federativne Republike Jugoslavije (SFRJ) o budu\u0107nosti dr\u017eave, u\u010destalim prijetnjama Jugoslavenske narodne armije (JNA) vojnim udarom, pripremama Republike Hrvatske za obranu, nastavkom oru\u017eane pobune dijela Srba u Hrvatskoj, referendumskom i saborskom odlukom o samostalnosti Hrvatske, eskalacijom rata provo\u0111enjem agresije iz Srbije i diplomatskom borbom za me\u0111unarodno priznanje Republike Hrvatske.<\/p>\n\n\n\n<p>Vojarne JNA u zagreba\u010dkoj regiji bile su va\u017ena izvori\u0161ta mo\u0107i u planovima nametanja socijalisti\u010dkoga, centraliziranog ure\u0111enja Jugoslavije te su za Zagreb, ali i za cijelu Hrvatsku, bile prijelomne to\u010dke raspleta vi\u0161egodi\u0161nje krize. Vojarni \u201eMar\u0161al Tito\u201c u Zagrebu, zvanoj \u201eMar\u0161alka\u201c, bila je namijenjena jedna od glavnih uloga u zamisli destabiliziranja i ru\u0161enja demokratski izabranih vlasti Republike Hrvatske. Ratna 1991. godina u Zagrebu odre\u0111ena je, me\u0111u ostalim, odnosom grada i vojarni JNA. Kroz kronolo\u0161ki prikaz doga\u0111anja vezanih za vojarnu JNA s najja\u010dom posadom u gradu, nastojat \u0107emo prikazati njihov dinami\u010dni odnos.<\/p>\n\n\n\n<p>Izlo\u017eba se sastoji od \u010detiri tematske cjeline, unutar kojih se, fotografijama iz fundusa Muzeja grada Zagreba i fotografijama Vjesnika koje se \u010duvaju u Hrvatskom dr\u017eavnom arhivu, prati razvoj odnosa izme\u0111u vojarne \u201eMar\u0161al Tito\u201c i gra\u0111ana Zagreba.<\/p>\n\n\n\n<p>Izlo\u017ebom se obilje\u017eava trideseta godi\u0161njica ratne 1991. i odlaska JNA iz vojarne \u201eMar\u0161al Tito\u201c. Ova informativna izlo\u017eba ujedno je najava studijske izlo\u017ebe o bitci za vojarne u Zagrebu i njegovoj u\u017eoj okolici. Koristimo prigodu i pozivamo gra\u0111ane da svojim donacijama predmeta vezanih za blokadu i osloba\u0111anje vojarni JNA u Zagrebu, obogate zbirku Muzeja grada Zagreba \u201eZagreb u Domovinskom ratu\u201c.<\/p>\n\n\n\n<hr class=\"wp-block-separator\"\/>\n\n\n\n<p>Izvor:<\/p>\n\n\n\n<p><a href=\"http:\/\/mgz.hr\/hr\/izlozbe\/izlozba\/vojarna-%e2%80%9emarsal-tito%e2%80%9c-u-zagrebu-1991-,3416.html\">http:\/\/mgz.hr\/hr\/izlozbe\/izlozba\/vojarna-%e2%80%9emarsal-tito%e2%80%9c-u-zagrebu-1991-,3416.html<\/a><\/p>\n\n\n\n<hr class=\"wp-block-separator\"\/>\n","protected":false},"excerpt":{"rendered":"","protected":false},"author":2,"featured_media":29049,"comment_status":"open","ping_status":"open","sticky":false,"template":"","format":"standard","meta":{"_acf_changed":false,"jetpack_post_was_ever_published":false,"_jetpack_newsletter_access":"","_jetpack_dont_email_post_to_subs":false,"_jetpack_newsletter_tier_id":0,"_jetpack_memberships_contains_paywalled_content":false,"_jetpack_memberships_contains_paid_content":false,"footnotes":"","jetpack_publicize_message":"","jetpack_publicize_feature_enabled":true,"jetpack_social_post_already_shared":true,"jetpack_social_options":{"image_generator_settings":{"template":"highway","default_image_id":0,"font":"","enabled":false},"version":2}},"categories":[10,3],"tags":[],"class_list":["post-29048","post","type-post","status-publish","format-standard","has-post-thumbnail","hentry","category-izlozbe","category-novosti"],"acf":{"facebook_opis":""},"jetpack_publicize_connections":[],"jetpack_featured_media_url":"https:\/\/i0.wp.com\/historiografija.hr\/wp-content\/uploads\/2022\/01\/Marsalka.jpg?fit=960%2C686&ssl=1","jetpack_sharing_enabled":true,"jetpack-related-posts":[],"_links":{"self":[{"href":"https:\/\/historiografija.hr\/index.php?rest_route=\/wp\/v2\/posts\/29048","targetHints":{"allow":["GET"]}}],"collection":[{"href":"https:\/\/historiografija.hr\/index.php?rest_route=\/wp\/v2\/posts"}],"about":[{"href":"https:\/\/historiografija.hr\/index.php?rest_route=\/wp\/v2\/types\/post"}],"author":[{"embeddable":true,"href":"https:\/\/historiografija.hr\/index.php?rest_route=\/wp\/v2\/users\/2"}],"replies":[{"embeddable":true,"href":"https:\/\/historiografija.hr\/index.php?rest_route=%2Fwp%2Fv2%2Fcomments&post=29048"}],"version-history":[{"count":1,"href":"https:\/\/historiografija.hr\/index.php?rest_route=\/wp\/v2\/posts\/29048\/revisions"}],"predecessor-version":[{"id":29050,"href":"https:\/\/historiografija.hr\/index.php?rest_route=\/wp\/v2\/posts\/29048\/revisions\/29050"}],"wp:featuredmedia":[{"embeddable":true,"href":"https:\/\/historiografija.hr\/index.php?rest_route=\/wp\/v2\/media\/29049"}],"wp:attachment":[{"href":"https:\/\/historiografija.hr\/index.php?rest_route=%2Fwp%2Fv2%2Fmedia&parent=29048"}],"wp:term":[{"taxonomy":"category","embeddable":true,"href":"https:\/\/historiografija.hr\/index.php?rest_route=%2Fwp%2Fv2%2Fcategories&post=29048"},{"taxonomy":"post_tag","embeddable":true,"href":"https:\/\/historiografija.hr\/index.php?rest_route=%2Fwp%2Fv2%2Ftags&post=29048"}],"curies":[{"name":"wp","href":"https:\/\/api.w.org\/{rel}","templated":true}]}}