{"id":29045,"date":"2022-01-03T11:56:46","date_gmt":"2022-01-03T11:56:46","guid":{"rendered":"http:\/\/historiografija.hr\/?p=29045"},"modified":"2022-01-03T11:57:55","modified_gmt":"2022-01-03T11:57:55","slug":"dokumentarna-serija-jedna-jedina-o-povijesti-jugoslavenskog-nuklearnog-programa","status":"publish","type":"post","link":"https:\/\/historiografija.hr\/?p=29045","title":{"rendered":"Dokumentarna serija \u201eJedna jedina\u201c o povijesti jugoslavenskog nuklearnog programa"},"content":{"rendered":"\n<p>Od ponedjeljka, 3. sije\u010dnja, na Prvom programu HTV-a u 20:10 po\u010dinjemo s premijernim prikazivanjem dokumentarne serije Jedna jedina autora Dubravka Merli\u0107a. Dokumentarni serijal kroz tri epizode donosi intrigantnu povijest jugoslavenskog nuklearnog programa koji je na svojim po\u010decima, neposredno nakon Drugog svjetskog rata, za glavni cilj imao izradu atomske bombe, a tek onda mirnodopsko kori\u0161tenje nuklearne energije.<\/p>\n\n\n\n<p>Biv\u0161a Jugoslavija do svog raspada nije odustala od atomske bombe, o \u010demu \u0107e u serijalu uz povjesni\u010dare govoriti sudionici i svjedoci tih napora.&nbsp;Uz rad na atomskoj bombi, biv\u0161a Jugoslavija planirala je 16 nuklearki, no sve je ostalo na jednoj jedinoj &#8211; u Kr\u0161kom. Sudionici gradnje nuklearke u Kr\u0161kom i arhivske snimke pribli\u017eit \u0107e gledateljima taj gra\u0111evinski i znanstveni izazov.<\/p>\n\n\n\n<p>Nuklearna havarija u \u010cernobilu zaustavila je brojne nuklearne projekte u svijetu, pa tako i u biv\u0161oj Jugoslaviji. Ekipa serijala bila je u \u010cernobilu i okolici te tamo zabilje\u017eila potresna svjedo\u010denja pre\u017eivjelih sudionika havarije i devastiraju\u0107e posljedice radijacije na ljude i prirodu.<br><br>Radioaktivni otpad, posebno onaj visoko radioaktivni, ogroman je problem za nuklearnu industriju. Te probleme svaka na svoj na\u010din morat \u0107e rije\u0161iti i Hrvatska i Slovenija kao suvlasnice nuklearke u Kr\u0161kom. Hrvatska skladi\u0161te \u017eeli graditi u op\u0107ini Dvor, na rijeci Uni, na samoj granici s BiH. Tamo\u0161nji stanovnici opiru se tom planu i ne vjeruju institucijama da \u0107e posao biti obavljen na svjetskoj razini. Kako to rade nuklearne sile poput Francuske, ekipa serijala provjerila je u pokrajini Aube gdje se nalazi centralno skladi\u0161te za 58 francuskih reaktora.<\/p>\n\n\n\n<p>&#8211; Veselimo se \u0161to \u0107e gledatelji HTV-a mo\u0107i u sije\u010dnju vidjeti tri epizode na\u0161eg dokumentarnog serijala &#8220;Jedna jedina&#8221;. Iako naziv sugerira da \u0107e u sredi\u0161tu na\u0161eg zanimanja mo\u017eda biti samo jedina jugoslavenska nuklearka u Kr\u0161kome, sadr\u017eaj na\u0161eg projekta pokriva cijeli dijapazon izazova povezanih s nuklearnom energijom. Uz jugoslavenski program izgradnje atomske bombe, od \u010dega Tito i JNA nisu odustali do samog raspada biv\u0161e dr\u017eave, cijelu epizodu posvetili smo \u010dernobilskoj havariji. U devastiraju\u0107e posljedice te katastrofe uvjerili smo se i sami, pa se nadam da \u0107e i gledateljima biti zanimljivo. Uz to, veliku pozornost posvetili smo radioaktivnom otpadu, glavnom problemu s kojim se susre\u0107e nuklearna energija. Ekipa s kojom smo sura\u0111ivali na projektu bila je izvanredna, pa koristim ovu priliku da im i zahvalim na predanosti i kreativnosti koju su ulo\u017eili u &#8220;Jednu jedinu&#8221;, istaknuo je Dubravko Merli\u0107.<\/p>\n\n\n\n<p><strong>1. epizoda: Srpom i batom razbit \u0107emo atom<br><br><\/strong>Nakon ozbiljnih financijskih ulaganja u nuklearni program i okupljanja vrhunskih znanstvenika, biv\u0161a Jugoslavija po\u010detkom pedesetih godina pro\u0161log stolje\u0107a utemeljuje tri nuklearna instituta &#8211; Institut u Vin\u010di kraj Beograda, Institut Ru\u0111er Bo\u0161kovi\u0107 u Zagrebu te Institut Jo\u017eef Stefan u Ljubljani. Znanstvenici u prvo vrijeme ne znaju da je cilj atomska bomba, no ubrzo im postaje jasno za\u0161to su dobili novac. Nakon \u0161to je Titov re\u017eim krajem 60-ih godina pro\u0161log stolje\u0107a nakratko odustao od izrade atomske bombe, okrenuo se mirnodopskom kori\u0161tenju nuklearne energije.<\/p>\n\n\n\n<p>Od planiranih \u0161esnaest, prva je u suradnji s ameri\u010dkim Westinghouseom bila dogovorena Nuklearna elektrana Kr\u0161ko. No, Tito nije odustao od ideje o izradi atomske bombe &#8211; godine 1974., njegovom odlukom, okupljena je skupina znanstvenika koja je trebala organizirati izradu atomske bombe. Tre\u0107i poku\u0161aj doga\u0111a se nakon Titove smrti, kad vrh JNA uz pomo\u0107 <strong>Gadafija <\/strong>i<strong> Sadama Huseina<\/strong> poku\u0161ava daleko od o\u010diju javnosti napraviti atomsku bombu. O zanimljivoj povijesti nuklearnih napora biv\u0161e Jugoslavije uz arhivske snimke i dokumente govore povjesni\u010dari, sudionici projekata i svjedoci.<br><br>Osim na Prvom programu HTV-a, epizodu dokumentarne serije mo\u017eete pratiti i preko multimedijske usluge <a href=\"https:\/\/hrti.hrt.hr\/home\" target=\"_blank\" rel=\"noreferrer noopener\"><strong>HRTi<\/strong><\/a>.<\/p>\n\n\n\n<p>Autor projekta je<strong> Dubravko Merli\u0107<\/strong>, producenti Dubravko Merli\u0107 i <strong>Matej Merli\u0107<\/strong>, redateljica<strong> Lana Kosovac<\/strong>, a scenarij potpisuju <strong>\u017deljko Mati\u0107<\/strong> i Dubravko Merli\u0107.\u00a0Direktor fotografije je<strong> Ante Cvitanovi\u0107<\/strong>, monta\u017eerka <strong>Ur\u0161a Vlahu\u0161i\u0107<\/strong>, a skladatelj Matej Merli\u0107.<br><br>Produkcija: Castor Multimedia<\/p>\n\n\n\n<hr class=\"wp-block-separator\"\/>\n\n\n\n<p>Izvor i dodatne informacije:<\/p>\n\n\n\n<p><a href=\"https:\/\/hrtprikazuje.hrt.hr\/dokumentarci\/jedna-jedina-0-4134795\">https:\/\/hrtprikazuje.hrt.hr\/dokumentarci\/jedna-jedina-0-4134795<\/a><\/p>\n\n\n\n<p><a href=\"https:\/\/magazin.hrt.hr\/kultura\/dubravko-merlic-o-novom-serijalu-jedna-jedina-4470055\">https:\/\/magazin.hrt.hr\/kultura\/dubravko-merlic-o-novom-serijalu-jedna-jedina-4470055<\/a><\/p>\n\n\n\n<p><a href=\"https:\/\/raspored.hrt.hr\/\">https:\/\/raspored.hrt.hr\/<\/a><\/p>\n\n\n\n<hr class=\"wp-block-separator\"\/>\n","protected":false},"excerpt":{"rendered":"","protected":false},"author":2,"featured_media":29047,"comment_status":"open","ping_status":"open","sticky":false,"template":"","format":"standard","meta":{"_acf_changed":false,"jetpack_post_was_ever_published":false,"_jetpack_newsletter_access":"","_jetpack_dont_email_post_to_subs":false,"_jetpack_newsletter_tier_id":0,"_jetpack_memberships_contains_paywalled_content":false,"_jetpack_memberships_contains_paid_content":false,"footnotes":"","jetpack_publicize_message":"","jetpack_publicize_feature_enabled":true,"jetpack_social_post_already_shared":true,"jetpack_social_options":{"image_generator_settings":{"template":"highway","default_image_id":0,"font":"","enabled":false},"version":2}},"categories":[13,3],"tags":[],"class_list":["post-29045","post","type-post","status-publish","format-standard","has-post-thumbnail","hentry","category-filmovi-i-serije","category-novosti"],"acf":{"facebook_opis":""},"jetpack_publicize_connections":[],"jetpack_featured_media_url":"https:\/\/i0.wp.com\/historiografija.hr\/wp-content\/uploads\/2022\/01\/Jedna-jedina.jpg?fit=740%2C438&ssl=1","jetpack_sharing_enabled":true,"jetpack-related-posts":[{"id":52628,"url":"https:\/\/historiografija.hr\/?p=52628","url_meta":{"origin":29045,"position":0},"title":"Predavanje dopisnog \u010dlana HAZU Alaina Finkielkrauta Izrael, Europa, antisemitizam","author":"Branimir Jankovi\u0107","date":"23. travnja 2026.","format":false,"excerpt":"Francuski filozof Alain Finkielkraut, redoviti \u010dlan Francuske akademije i dopisni \u010dlan HAZU, odr\u017eat \u0107e predavanje\u00a0Izrael, Europa, antisemitizam u utorak 28. travnja 2026. u 13 sati u Knji\u017enici HAZU,\u00a0Strossmayerov trg 14 u Zagrebu. Uvodne rije\u010di odr\u017eat \u0107e\u00a0akademkinja \u017deljka \u010corak i\u00a0akademik Dra\u017een Katunari\u0107. Predavanje \u0107e se odr\u017eati na francuskom jeziku uz konsekutivno\u2026","rel":"","context":"U &quot;Novosti&quot;","block_context":{"text":"Novosti","link":"https:\/\/historiografija.hr\/?cat=3"},"img":{"alt_text":"","src":"https:\/\/i0.wp.com\/historiografija.hr\/wp-content\/uploads\/2026\/04\/Alain_Finkielkraut.jpg?fit=350%2C407&ssl=1&resize=350%2C200","width":350,"height":200},"classes":[]},{"id":52547,"url":"https:\/\/historiografija.hr\/?p=52547","url_meta":{"origin":29045,"position":1},"title":"ISHA Zagreb \u2013 Filmska ve\u010der: Povratak Martina Guerrea","author":"Branimir Jankovi\u0107","date":"20. travnja 2026.","format":false,"excerpt":"Klub studenata povijesti \u2013 ISHA Zagreb poziva Vas na filmsku ve\u010der na kojoj \u0107e se prikazivati \u201ePovratak Martina Guerrea\u201c, povijesna drama iz 1982. godine s radnjom smje\u0161tenom u 16. stolje\u0107u. Radnja je utemeljena na stvarnoj povijesnoj li\u010dnosti Martina Guerrea koji se nakon mnogo godina izbivanja vra\u0107a u svoje rodno mjesto\u2026","rel":"","context":"U &quot;Filmovi i serije&quot;","block_context":{"text":"Filmovi i serije","link":"https:\/\/historiografija.hr\/?cat=13"},"img":{"alt_text":"","src":"https:\/\/i0.wp.com\/historiografija.hr\/wp-content\/uploads\/2026\/04\/M-Guerre.png?fit=702%2C1006&ssl=1&resize=350%2C200","width":350,"height":200,"srcset":"https:\/\/i0.wp.com\/historiografija.hr\/wp-content\/uploads\/2026\/04\/M-Guerre.png?fit=702%2C1006&ssl=1&resize=350%2C200 1x, https:\/\/i0.wp.com\/historiografija.hr\/wp-content\/uploads\/2026\/04\/M-Guerre.png?fit=702%2C1006&ssl=1&resize=525%2C300 1.5x, https:\/\/i0.wp.com\/historiografija.hr\/wp-content\/uploads\/2026\/04\/M-Guerre.png?fit=702%2C1006&ssl=1&resize=700%2C400 2x"},"classes":[]},{"id":52148,"url":"https:\/\/historiografija.hr\/?p=52148","url_meta":{"origin":29045,"position":2},"title":"Poziv za prijavu na me\u0111unarodnu znanstvenu konferenciju \u201eGranice (ne)slobode: Zadarski krug 1966. Intelektualna opozicija u totalitarnom dru\u0161tvu\u201c","author":"Branimir Jankovi\u0107","date":"27. o\u017eujka 2026.","format":false,"excerpt":"\u00a0\u00a0\u00a0\u00a0 Povodom \u0161ezdesete obljetnice poku\u0161aja osnivanja \u010dasopisa Slobodan glas u Zadru 1966. godine, pozivamo vas na znanstvenu konferenciju posve\u0107enu istra\u017eivanju disidentstva, intelektualne opozicije i granica divergentnog mi\u0161ljenja nasuprot slu\u017ebenoj ideologiji u komunisti\u010dkoj Jugoslaviji. Ideja konferencije je analizirati konkretan fenomen zadarskog slu\u010daja razloge i okolnosti njegove pojave, ali uz otvaranje komparativnih\u2026","rel":"","context":"U &quot;Novosti&quot;","block_context":{"text":"Novosti","link":"https:\/\/historiografija.hr\/?cat=3"},"img":{"alt_text":"","src":"https:\/\/i0.wp.com\/historiografija.hr\/wp-content\/uploads\/2026\/03\/Poziv-konferencija-Zadar.jpg?fit=1200%2C509&ssl=1&resize=350%2C200","width":350,"height":200,"srcset":"https:\/\/i0.wp.com\/historiografija.hr\/wp-content\/uploads\/2026\/03\/Poziv-konferencija-Zadar.jpg?fit=1200%2C509&ssl=1&resize=350%2C200 1x, https:\/\/i0.wp.com\/historiografija.hr\/wp-content\/uploads\/2026\/03\/Poziv-konferencija-Zadar.jpg?fit=1200%2C509&ssl=1&resize=525%2C300 1.5x, https:\/\/i0.wp.com\/historiografija.hr\/wp-content\/uploads\/2026\/03\/Poziv-konferencija-Zadar.jpg?fit=1200%2C509&ssl=1&resize=700%2C400 2x, https:\/\/i0.wp.com\/historiografija.hr\/wp-content\/uploads\/2026\/03\/Poziv-konferencija-Zadar.jpg?fit=1200%2C509&ssl=1&resize=1050%2C600 3x"},"classes":[]},{"id":52578,"url":"https:\/\/historiografija.hr\/?p=52578","url_meta":{"origin":29045,"position":3},"title":"Poziv za sudjelovanje: XXII. Dani Julija Bene\u0161i\u0107a u Iloku","author":"Branimir Jankovi\u0107","date":"21. travnja 2026.","format":false,"excerpt":"Zavod za lingvisti\u010dka istra\u017eivanja Hrvatske akademije znanosti i umjetnosti, zajedno s Muzejom grada Iloka, organizira XXII. Dane Julija Bene\u0161i\u0107a, koji \u0107e se odr\u017eati od 28. do 30. listopada 2026. u Iloku.\u00a0Teme ovogodi\u0161njih Dana podijeljene su u dvije cjeline: Knji\u017eevno-jezikoslovni d\u00ecv\u0101n s Bene\u0161i\u0107em te Ilok i Srijem u povijesnim stalnicama i\u2026","rel":"","context":"U &quot;Novosti&quot;","block_context":{"text":"Novosti","link":"https:\/\/historiografija.hr\/?cat=3"},"img":{"alt_text":"","src":"https:\/\/i0.wp.com\/historiografija.hr\/wp-content\/uploads\/2019\/10\/HE2_Benesic.jpg?fit=413%2C591&ssl=1&resize=350%2C200","width":350,"height":200},"classes":[]},{"id":52505,"url":"https:\/\/historiografija.hr\/?p=52505","url_meta":{"origin":29045,"position":4},"title":"Izlo\u017eba &#8220;Eschenstock \/ Jasenov prut&#8221;","author":"Branimir Jankovi\u0107","date":"17. travnja 2026.","format":false,"excerpt":"Srpsko narodno vije\u0107e (SNV) i Vizura aperta postavljaju izlo\u017ebu \u0161vicarskog slikara Velimira Ili\u0161evi\u0107a: Eschenstock \/ Jasenov prut. Izlo\u017eba se uz prisustvo autora otvara povodom 81. godi\u0161njice proboja logora\u0161a iz usta\u0161kog logora smrti Jasenovac 22. aprila 2026. u 19 sati u Srpskom kulturnom centru (SKC) u Preradovi\u0107evoj ulici 21 u Zagrebu.\u2026","rel":"","context":"U &quot;Izlo\u017ebe&quot;","block_context":{"text":"Izlo\u017ebe","link":"https:\/\/historiografija.hr\/?cat=10"},"img":{"alt_text":"","src":"https:\/\/i0.wp.com\/historiografija.hr\/wp-content\/uploads\/2026\/04\/Jasenov_prut.jpg?fit=1024%2C640&ssl=1&resize=350%2C200","width":350,"height":200,"srcset":"https:\/\/i0.wp.com\/historiografija.hr\/wp-content\/uploads\/2026\/04\/Jasenov_prut.jpg?fit=1024%2C640&ssl=1&resize=350%2C200 1x, https:\/\/i0.wp.com\/historiografija.hr\/wp-content\/uploads\/2026\/04\/Jasenov_prut.jpg?fit=1024%2C640&ssl=1&resize=525%2C300 1.5x, https:\/\/i0.wp.com\/historiografija.hr\/wp-content\/uploads\/2026\/04\/Jasenov_prut.jpg?fit=1024%2C640&ssl=1&resize=700%2C400 2x"},"classes":[]},{"id":52666,"url":"https:\/\/historiografija.hr\/?p=52666","url_meta":{"origin":29045,"position":5},"title":"Najava programa Festivala povijesti Kliofest (5-8. V. 2026)","author":"Branimir Jankovi\u0107","date":"24. travnja 2026.","format":false,"excerpt":"Po trinaesti put odr\u017eava se Festival povijesti Kliofest! Do petka \u0107emo odr\u017eati osam okruglih stolova i dva kolokvija te niz predstavljanja knjiga i projekata razli\u010dite tematike, od antike do suvremenosti. Bit \u0107e predstavljeno i nekoliko izlo\u017ebi te odr\u017ean jedan povijesni kviz. Prikazat \u0107emo i jedan film \u2013 o generalu Boroevi\u0107u.\u2026","rel":"","context":"U &quot;Novosti&quot;","block_context":{"text":"Novosti","link":"https:\/\/historiografija.hr\/?cat=3"},"img":{"alt_text":"","src":"https:\/\/i0.wp.com\/historiografija.hr\/wp-content\/uploads\/2026\/04\/Kliofest-2026.jpg?fit=526%2C526&ssl=1&resize=350%2C200","width":350,"height":200,"srcset":"https:\/\/i0.wp.com\/historiografija.hr\/wp-content\/uploads\/2026\/04\/Kliofest-2026.jpg?fit=526%2C526&ssl=1&resize=350%2C200 1x, https:\/\/i0.wp.com\/historiografija.hr\/wp-content\/uploads\/2026\/04\/Kliofest-2026.jpg?fit=526%2C526&ssl=1&resize=525%2C300 1.5x"},"classes":[]}],"_links":{"self":[{"href":"https:\/\/historiografija.hr\/index.php?rest_route=\/wp\/v2\/posts\/29045","targetHints":{"allow":["GET"]}}],"collection":[{"href":"https:\/\/historiografija.hr\/index.php?rest_route=\/wp\/v2\/posts"}],"about":[{"href":"https:\/\/historiografija.hr\/index.php?rest_route=\/wp\/v2\/types\/post"}],"author":[{"embeddable":true,"href":"https:\/\/historiografija.hr\/index.php?rest_route=\/wp\/v2\/users\/2"}],"replies":[{"embeddable":true,"href":"https:\/\/historiografija.hr\/index.php?rest_route=%2Fwp%2Fv2%2Fcomments&post=29045"}],"version-history":[{"count":1,"href":"https:\/\/historiografija.hr\/index.php?rest_route=\/wp\/v2\/posts\/29045\/revisions"}],"predecessor-version":[{"id":29046,"href":"https:\/\/historiografija.hr\/index.php?rest_route=\/wp\/v2\/posts\/29045\/revisions\/29046"}],"wp:featuredmedia":[{"embeddable":true,"href":"https:\/\/historiografija.hr\/index.php?rest_route=\/wp\/v2\/media\/29047"}],"wp:attachment":[{"href":"https:\/\/historiografija.hr\/index.php?rest_route=%2Fwp%2Fv2%2Fmedia&parent=29045"}],"wp:term":[{"taxonomy":"category","embeddable":true,"href":"https:\/\/historiografija.hr\/index.php?rest_route=%2Fwp%2Fv2%2Fcategories&post=29045"},{"taxonomy":"post_tag","embeddable":true,"href":"https:\/\/historiografija.hr\/index.php?rest_route=%2Fwp%2Fv2%2Ftags&post=29045"}],"curies":[{"name":"wp","href":"https:\/\/api.w.org\/{rel}","templated":true}]}}