{"id":29027,"date":"2021-12-31T18:53:12","date_gmt":"2021-12-31T18:53:12","guid":{"rendered":"http:\/\/historiografija.hr\/?p=29027"},"modified":"2021-12-31T18:53:12","modified_gmt":"2021-12-31T18:53:12","slug":"nenad-ivic-gradanski-rat-rijeci-knjizevnost-i-povijest","status":"publish","type":"post","link":"https:\/\/historiografija.hr\/?p=29027","title":{"rendered":"Nenad Ivi\u0107, \u201cGra\u0111anski rat rije\u010di. Knji\u017eevnost i povijest\u201d"},"content":{"rendered":"\n<p>Knjiga Nenada Ivi\u0107a <em>Gra\u0111anski rat rije\u010di. Knji\u017eevnost i povijest<\/em> bavi se slo\u017eenim problemom odnosa literarnosti i izvje\u0161tavanja o pro\u0161losti. Polazi\u0161te je knjige u suvremenom problemu literarnosti historiografskog teksta, gdje Ivi\u0107 kriti\u010dki sagledava trendove u pisanju o pro\u0161losti, od te\u017enji historiografa za povratkom &#8220;stvarnosti&#8221; doga\u0111aja mimo zamki jezi\u010dnog i literarnog relativizma, do nastojanja da se pro\u0161lost izrazi u mediju knji\u017eevnosti (dokumentarna knji\u017eevnost, svjedo\u010danstva, <em>faction<\/em>). Uzrok tim tendencijama Ivi\u0107 prvenstveno smatra prodor globalnog neoliberalnog re\u017eima u podru\u010dje knji\u017eevne produkcije i akademije koji nastoji uniformirati kulturne i znanstvene proizvode i izbrisati regionalne razlike, \u0161to se najjasnije o\u010dituje u uzdizanju engleskoga kao <em>lingue france<\/em>, e da bi se takve proizvode lak\u0161e moglo monetarizirati. Nasuprot takvim univerzalizacijskim tendencijama, za koje Ivi\u0107 smatra da zapravo zatiru istinsku kriti\u010dku i transgresivnu zada\u0107u znanosti i knji\u017eevnosti, Ivi\u0107 se zala\u017ee za ponovno suo\u010davanje s ulogom pisma i prakse pisanja pri izgradnji subjektivnosti, za preispitivanje granica koje su nam zadane jezi\u010dnom i kulturnom tradicijom prilikom (pre)ispisivanja na\u0161e osobne i dru\u0161tvene povijesti, za povijest i knji\u017eevnost \u010dija je zada\u0107a testirati \u0161to smo mi sami.<\/p>\n\n\n\n<p>Nenad Ivi\u0107 je profesor francuske knji\u017eevnosti na Filozofskom fakultetu Sveu\u010dili\u0161ta u Zagrebu. Bavi se anti\u010dkom i srednjovjekovnom historiografijom, teorijom, knji\u017eevno\u0161\u0107u i glazbom. Dosad je objavio pet knjiga. <em>Domi\u0161ljanje pro\u0161losti<\/em> (Zagreb, 1992), <em>Textus. Istra\u017eivanja o Amijanu Marcelinu<\/em> (Zagreb, 2002),\u00a0 <em>Augurium.<\/em> <em>Gustav Mahler: pustolovina neodgovornog nosa\u010da<\/em> (Zagreb, 2012), <em>Gr\u010d Sirene <\/em>(Zagreb, 2014), <em>Napulj i druga imaginarna mjesta<\/em> (Zagreb, 2009).\u00a0\u00a0<\/p>\n\n\n\n<hr class=\"wp-block-separator\"\/>\n\n\n\n<p>Izdava\u010d: Mizantrop<\/p>\n\n\n\n<p>Godina izdanja: 2021<\/p>\n\n\n\n<p>Broj stranica: 118<\/p>\n\n\n\n<hr class=\"wp-block-separator\"\/>\n\n\n\n<p>Izvor:<\/p>\n\n\n\n<p><a href=\"http:\/\/www.knjigolov.hr\/katalog\/Nenad-Ivic\/Gradanski-rat-rijeci\/44501\">http:\/\/www.knjigolov.hr\/katalog\/Nenad-Ivic\/Gradanski-rat-rijeci\/44501<\/a><\/p>\n\n\n\n<hr class=\"wp-block-separator\"\/>\n","protected":false},"excerpt":{"rendered":"","protected":false},"author":2,"featured_media":29028,"comment_status":"open","ping_status":"open","sticky":false,"template":"","format":"standard","meta":{"_acf_changed":false,"jetpack_post_was_ever_published":false,"_jetpack_newsletter_access":"","_jetpack_dont_email_post_to_subs":false,"_jetpack_newsletter_tier_id":0,"_jetpack_memberships_contains_paywalled_content":false,"_jetpack_memberships_contains_paid_content":false,"footnotes":"","jetpack_publicize_message":"","jetpack_publicize_feature_enabled":true,"jetpack_social_post_already_shared":true,"jetpack_social_options":{"image_generator_settings":{"template":"highway","default_image_id":0,"font":"","enabled":false},"version":2}},"categories":[8,3],"tags":[],"class_list":["post-29027","post","type-post","status-publish","format-standard","has-post-thumbnail","hentry","category-knjige","category-novosti"],"acf":{"facebook_opis":""},"jetpack_publicize_connections":[],"jetpack_featured_media_url":"https:\/\/i0.wp.com\/historiografija.hr\/wp-content\/uploads\/2021\/12\/Gradjanski_rat_rijeci.jpg?fit=400%2C600&ssl=1","jetpack_sharing_enabled":true,"jetpack-related-posts":[],"_links":{"self":[{"href":"https:\/\/historiografija.hr\/index.php?rest_route=\/wp\/v2\/posts\/29027","targetHints":{"allow":["GET"]}}],"collection":[{"href":"https:\/\/historiografija.hr\/index.php?rest_route=\/wp\/v2\/posts"}],"about":[{"href":"https:\/\/historiografija.hr\/index.php?rest_route=\/wp\/v2\/types\/post"}],"author":[{"embeddable":true,"href":"https:\/\/historiografija.hr\/index.php?rest_route=\/wp\/v2\/users\/2"}],"replies":[{"embeddable":true,"href":"https:\/\/historiografija.hr\/index.php?rest_route=%2Fwp%2Fv2%2Fcomments&post=29027"}],"version-history":[{"count":1,"href":"https:\/\/historiografija.hr\/index.php?rest_route=\/wp\/v2\/posts\/29027\/revisions"}],"predecessor-version":[{"id":29029,"href":"https:\/\/historiografija.hr\/index.php?rest_route=\/wp\/v2\/posts\/29027\/revisions\/29029"}],"wp:featuredmedia":[{"embeddable":true,"href":"https:\/\/historiografija.hr\/index.php?rest_route=\/wp\/v2\/media\/29028"}],"wp:attachment":[{"href":"https:\/\/historiografija.hr\/index.php?rest_route=%2Fwp%2Fv2%2Fmedia&parent=29027"}],"wp:term":[{"taxonomy":"category","embeddable":true,"href":"https:\/\/historiografija.hr\/index.php?rest_route=%2Fwp%2Fv2%2Fcategories&post=29027"},{"taxonomy":"post_tag","embeddable":true,"href":"https:\/\/historiografija.hr\/index.php?rest_route=%2Fwp%2Fv2%2Ftags&post=29027"}],"curies":[{"name":"wp","href":"https:\/\/api.w.org\/{rel}","templated":true}]}}