{"id":29016,"date":"2021-12-30T11:26:23","date_gmt":"2021-12-30T11:26:23","guid":{"rendered":"http:\/\/historiografija.hr\/?p=29016"},"modified":"2021-12-30T11:28:11","modified_gmt":"2021-12-30T11:28:11","slug":"izlozba-znanje-slika-kultura-enciklopedije-pune-zivota","status":"publish","type":"post","link":"https:\/\/historiografija.hr\/?p=29016","title":{"rendered":"Izlo\u017eba \u00bbZnanje, slika, kultura \u2013 enciklopedije pune \u017eivota\u00ab"},"content":{"rendered":"\n<p>U srijedu 22. prosinca u galeriji Lexart (ulaz iz Frankopanske ulice br. 22\u201324) otvorena je izlo\u017eba \u00bbZnanje, slika, kultura \u2013 enciklopedije pune \u017eivota\u00ab. Pripremljena u organizaciji Leksikografskoga zavoda Miroslav Krle\u017ea, u povodu 70. obljetnice njegova osnutka, 40. obljetnice smrti Miroslava Krle\u017ee i 120. obljetnice ro\u0111enja Mate Ujevi\u0107a, bogato ilustrirana izlo\u017eba predstavlja dojmljivu \u0161etnju kroz povijest hrvatske i svjetske leksikografije, obja\u0161njava kako nastaje enciklopedija i razla\u017ee mnogobrojna na njoj anga\u017eirana zanimanja, me\u0111u kojima su neka razvojem tehnologije pripreme, obradbe teksta i ilustracija te tiska nestala, odnosno zamijenjena su novima.<\/p>\n\n\n\n<p>Djelo Leksikografskoga zavoda, i moderne hrvatske enciklopedike uop\u0107e, stotine su opse\u017enih knjiga, desetci svezaka \u010dasopisa i drugih manjih publikacija, mno\u0161tvo zasebno tiskanih zemljovida, kataloga, plakata i letaka, a u novije doba i nemalo izvornih digitalnih odnosno digitaliziranih izdanja, pa <a href=\"https:\/\/www.lzmk.hr\/images\/natuknice\/Bibliografija_izdanja_LZMK.pdf\" target=\"_blank\" rel=\"noreferrer noopener\">popis zavodskih edicija<\/a>, tiskan 2015., obase\u017ee \u010dak 70 stranica.<\/p>\n\n\n\n<p>Otvorenju izlo\u017ebe pribivali su ministrica kulture i medija Nina Obuljen Kor\u017einek te brojni drugi uzvanici i suradnici Zavoda. Glavni ravnatelj Leksikografskoga zavoda Bruno Kragi\u0107 u svojem je pozdravnom slovu istaknuo kako enciklopedizam shva\u0107a onkraj visokokvalificirane stru\u010dne djelatnosti, kao usmjerenost duha, kao duhovni stav, kao svako do\u017eivljavanje \u017eivota kojemu te\u017enja za skupljanjem, sre\u0111ivanjem i prikazivanjem znanja daje pe\u010dat. Tako shva\u0107en enciklopedizam, nastavio je, obilje\u017euje pojedince, a obilje\u017euje i \u010ditave kulture ili razdoblja i hrvatska je kultura znala to vi\u0161estruko pokazati.<\/p>\n\n\n\n<p>Prema rije\u010dima ravnatelja Filipa Hamer\u0161aka, koji je ujedno i autor njezine koncepcije, izlo\u017eba je zami\u0161ljena kao najmanji zajedni\u010dki nazivnik, jer svaki nara\u0161taj, a nerijetko i pojedinac, u ovom slu\u010daju leksikograf, uvijek iznova daje odgovor na pitanje odakle dolazimo, nu\u017ean kako bismo znali kamo idemo.<\/p>\n\n\n\n<p>Ostvarena uz potporu Hrvatske turisti\u010dke zajednice, izlo\u017eba \u00bbZnanje, slika, kultura \u2013 enciklopedije pune \u017eivota\u00ab dio je \u0161irega projekta ure\u0111enja i revitalizacije unutarnjega dvori\u0161ta Frankopanske ulice br. 22\u201324, \u0161to uklju\u010duje i oslikavanje pro\u010delja muralima Deana Jokanovi\u0107a Toumina, Mladena Gali\u0107a, Ljerke \u0160ibenik, Eugena Fellera te Julija Knifera i Gorana Trbuljaka.<\/p>\n\n\n\n<p>Izlo\u017eba se mo\u017ee besplatno razgledati radnim danom do 31. sije\u010dnja 2022., uz prethodnu najavu na telefon 01\/48 00 398, i u skladu s epidemiolo\u0161kim ograni\u010denjima za posjet muzejima i sli\u010dnim ustanovama.<\/p>\n\n\n\n<hr class=\"wp-block-separator\"\/>\n\n\n\n<p>Izvor i dodatne informacije:<\/p>\n\n\n\n<p><a href=\"https:\/\/www.lzmk.hr\/vijesti\/644-izlozba-znanje-slika-kultura-enciklopedije-pune-zivota\">https:\/\/www.lzmk.hr\/vijesti\/644-izlozba-znanje-slika-kultura-enciklopedije-pune-zivota<\/a><\/p>\n\n\n\n<hr class=\"wp-block-separator\"\/>\n","protected":false},"excerpt":{"rendered":"","protected":false},"author":2,"featured_media":29018,"comment_status":"open","ping_status":"open","sticky":false,"template":"","format":"standard","meta":{"_acf_changed":false,"jetpack_post_was_ever_published":false,"_jetpack_newsletter_access":"","_jetpack_dont_email_post_to_subs":false,"_jetpack_newsletter_tier_id":0,"_jetpack_memberships_contains_paywalled_content":false,"_jetpack_memberships_contains_paid_content":false,"footnotes":"","jetpack_publicize_message":"","jetpack_publicize_feature_enabled":true,"jetpack_social_post_already_shared":true,"jetpack_social_options":{"image_generator_settings":{"template":"highway","default_image_id":0,"font":"","enabled":false},"version":2}},"categories":[10,3],"tags":[],"class_list":["post-29016","post","type-post","status-publish","format-standard","has-post-thumbnail","hentry","category-izlozbe","category-novosti"],"acf":{"facebook_opis":""},"jetpack_publicize_connections":[],"jetpack_featured_media_url":"https:\/\/i0.wp.com\/historiografija.hr\/wp-content\/uploads\/2021\/12\/Krleza-plakat.jpg?fit=500%2C715&ssl=1","jetpack_sharing_enabled":true,"jetpack-related-posts":[],"_links":{"self":[{"href":"https:\/\/historiografija.hr\/index.php?rest_route=\/wp\/v2\/posts\/29016","targetHints":{"allow":["GET"]}}],"collection":[{"href":"https:\/\/historiografija.hr\/index.php?rest_route=\/wp\/v2\/posts"}],"about":[{"href":"https:\/\/historiografija.hr\/index.php?rest_route=\/wp\/v2\/types\/post"}],"author":[{"embeddable":true,"href":"https:\/\/historiografija.hr\/index.php?rest_route=\/wp\/v2\/users\/2"}],"replies":[{"embeddable":true,"href":"https:\/\/historiografija.hr\/index.php?rest_route=%2Fwp%2Fv2%2Fcomments&post=29016"}],"version-history":[{"count":1,"href":"https:\/\/historiografija.hr\/index.php?rest_route=\/wp\/v2\/posts\/29016\/revisions"}],"predecessor-version":[{"id":29019,"href":"https:\/\/historiografija.hr\/index.php?rest_route=\/wp\/v2\/posts\/29016\/revisions\/29019"}],"wp:featuredmedia":[{"embeddable":true,"href":"https:\/\/historiografija.hr\/index.php?rest_route=\/wp\/v2\/media\/29018"}],"wp:attachment":[{"href":"https:\/\/historiografija.hr\/index.php?rest_route=%2Fwp%2Fv2%2Fmedia&parent=29016"}],"wp:term":[{"taxonomy":"category","embeddable":true,"href":"https:\/\/historiografija.hr\/index.php?rest_route=%2Fwp%2Fv2%2Fcategories&post=29016"},{"taxonomy":"post_tag","embeddable":true,"href":"https:\/\/historiografija.hr\/index.php?rest_route=%2Fwp%2Fv2%2Ftags&post=29016"}],"curies":[{"name":"wp","href":"https:\/\/api.w.org\/{rel}","templated":true}]}}